{"id":1046013,"date":"2026-05-25T21:52:28","date_gmt":"2026-05-25T21:52:28","guid":{"rendered":"https:\/\/www.europesays.com\/de\/1046013\/"},"modified":"2026-05-25T21:52:28","modified_gmt":"2026-05-25T21:52:28","slug":"berlin-lass-wachsen","status":"publish","type":"post","link":"https:\/\/www.europesays.com\/de\/1046013\/","title":{"rendered":"Berlin, lass wachsen"},"content":{"rendered":"<p>Die Stadt sollen hunderttausende neue B\u00e4ume bekommen. Der Start des Projekts ist holprig. Dabei ist ein gro\u00dfer, gut gepflegter Baumbestand die beste Klimaanlage einer Stadt.<\/p>\n<p>\t\t\teine Kolumne von \t\t\t<\/p>\n<p>\t\t\t\t\t\t\t\t\t\t\t\t\t\t\t\t\t\t\t\t\t\t\t\t\t\t\t\t<strong>Joachim Wille<\/strong><\/p>\n<p>In Berlin wird viel gebaut. Das Stadtgr\u00fcn und seine Erhaltung wurden in den zur\u00fcckliegenden Jahren vernachl\u00e4ssigt. (Bild: <a href=\"https:\/\/pixabay.com\/de\/photos\/berlin-strasse-architektur-4187394\/\" target=\"_blank\" rel=\"noopener nofollow\">Achim Scholty\/\u200bPixabay<\/a>)<\/p>\n<p>Berlin\u00a0\u2013 du hast es gut. Theoretisch. Die Hauptstadt soll lebenswert bleiben, auch wenn die Klimakrise st\u00e4rker zuschl\u00e4gt.<\/p>\n<p>Dank eines Klimaanpassungsgesetzes, das im vorigen Herbst <a href=\"http:\/\/klimareporter.de\/verkehr\/deutsche-fossil-lobby-stuttgarter-schienen-fanal-und-berliner-baumsensation#baumentscheid\" target=\"_blank\" rel=\"noopener nofollow\">verabschiedet wurde<\/a>. Und vor allem dank der Pflanzung von mindestens <a href=\"https:\/\/klimareporter.de\/protest\/die-berliner-stadtverwaldung\" target=\"_blank\" rel=\"noopener nofollow\">300.000 neuen Stra\u00dfenb\u00e4umen<\/a> im Stadtgebiet, die darin geregelt ist. So etwas plant keine andere deutsche Stadt.<\/p>\n<p>Doch nun das: Es wachsen die Zweifel, ob die Stadtregierung das Projekt mit dem n\u00f6tigen Nachdruck verfolgt. Der Verein Baum-Entscheid, ohne dessen Volksbegehren es das Gesetz nicht gegeben h\u00e4tte, spricht nach einem halben Jahr <a href=\"https:\/\/taz.de\/Berliner-Baumentscheid\/!6180271\/\" target=\"_blank\" rel=\"noopener nofollow\">von einem &#8222;Fehlstart&#8220;<\/a>.<\/p>\n<p>Nicht, weil in Berlin \u00fcber Nacht noch kein Wald aus dem Asphalt gewachsen ist. Sondern weil offenbar das N\u00f6tigste fehlt: freigegebene Mittel, zus\u00e4tzliche Stellen, Fachberatung.<\/p>\n<p>Das klingt nach Verwaltungskram. Ist es aber nicht. Wer bis 2040 Hunderttausende zus\u00e4tzliche B\u00e4ume in die Stadt bringen will, muss jetzt damit anfangen: etwa m\u00f6gliche Pflanzorte identifizieren, teils <a href=\"https:\/\/klimareporter.de\/verkehr\/cdu-programm-fuer-parkplatzfreie-strassen\" target=\"_blank\" rel=\"noopener nofollow\">Parkpl\u00e4tze umwidmen<\/a>, Pflege sichern.<\/p>\n<p>Ein Stra\u00dfenbaum ist kein Deko-Element aus dem Gartencenter. Er braucht Platz, Boden, Wasser\u00a0\u2013 und Jahre, bis er Schatten spendet. In Hitzesommern und ihren Tropenn\u00e4chten ist das Daseinsvorsorge.<\/p>\n<p>Kann Berlin nur Gro\u00dfprojekte?<\/p>\n<p>Nat\u00fcrlich hat die Umweltverwaltung recht: Berlin zukunftsfest zu machen, ist eine Jahrhundertaufgabe. Genau deshalb darf daraus aber kein Jahrhundertverfahren werden.<\/p>\n<p>Gr\u00fcndlichkeit ist wichtig. Doch Gr\u00fcndlichkeit ohne Tempo wird in der Klimaanpassung schnell zur Ausrede.<\/p>\n<p>Das Gesetz setzt Fristen. Bis zum 21. Mai sollte unter anderem die Baumschutzverordnung reformiert und die Arbeitsf\u00e4higkeit neuer Strukturen gesichert sein. Wer den Start verbummelt, holt verlorene Zeit sp\u00e4ter kaum wieder auf.<\/p>\n<p>Rund 3,2 Milliarden Euro bis 2040 sind f\u00fcr das Projekt veranschlagt. Viel Geld. Aber auch die Alternative ist nicht gratis: <a href=\"https:\/\/klimareporter.de\/deutschland\/ein-aktionsplan-zum-hitzeschutz\" target=\"_blank\" rel=\"noopener nofollow\">aufgeheizte Kieze<\/a>, \u00fcberlastete Kliniken bei Hitzewellen, <a href=\"https:\/\/klimareporter.de\/erdsystem\/hauptstadt-auf-dem-trockenen\" target=\"_blank\" rel=\"noopener nofollow\">verdorrtes Stadtgr\u00fcn<\/a>, teure Reparaturpolitik.\u00a0<\/p>\n<p>Joachim Wille ist Co-Chefredakteur des Online-Magazins Klimareporter\u00b0.<\/p>\n<p>Berlin diskutiert gern \u00fcber Gro\u00dfprojekte, wenn es um <a href=\"https:\/\/klimareporter.de\/verkehr\/ein-strassenbauprojekt-wider-alle-vernunft\" target=\"_blank\" rel=\"noopener nofollow\">Schnellstra\u00dfen<\/a>, Tunnel oder <a href=\"https:\/\/www.raberalf.de\/region\/teile-und-baue\" target=\"_blank\" rel=\"noopener nofollow\">neue Quartiere<\/a> geht. Bei B\u00e4umen fehlt der Ehrgeiz offenbar.<\/p>\n<p>Dabei geht es nicht um Stadtromantik. <a href=\"https:\/\/klimareporter.de\/gesellschaft\/schoene-grosskronige-baeume-sind-die-beste-anpassung\" target=\"_blank\" rel=\"noopener nofollow\">B\u00e4ume k\u00fchlen<\/a>, filtern Luft, speichern Wasser, machen das Leben ertr\u00e4glicher. Sie sind die beste Klimaanlage der Stadt\u00a0\u2013 allerdings eine, die man nicht erst bestellt, wenn die n\u00e4chste Hitzewelle droht.<\/p>\n<p>Berlin hat ein bemerkenswertes Gesetz beschlossen. Nun muss der Senat beweisen, dass es mehr ist als ein Herbarium sch\u00f6ner Pl\u00e4ne.<\/p>\n<p class=\"placeholder-article-bottom\">\u00a0<\/p>\n<p>Anzeige<\/p>\n<p>\t\t\t\t\t\t\t\t\t\t\t\t\t\t\t\t\t\t\t\t\t\t\t\t\t\t\t\t\t\t\t\t\t\t\t\t\t\t\t\t\t\t\t\t\t\t\t\t\t\t\t\t\t\t\t\t\t\t\t\t\t\t\t\t\t\t\t\t\t\t\t\t\t\t\t\t\t\t\t\t\t\t\t\t<a href=\"https:\/\/klimareporter.de\/component\/banners\/click\/107\" target=\"_blank\" rel=\"noopener noreferrer nofollow\" title=\"Umweltfestival 7. Juni. 2026\"><br \/>\n\t\t\t\t\t\t\t\t<img loading=\"lazy\" decoding=\"async\" src=\"https:\/\/www.europesays.com\/de\/wp-content\/uploads\/2026\/05\/1779745948_579_2026-03-30-Banner-300x250-2.jpg\" alt=\"Umweltfestival 7. Juni. 2026\" width=\"300\" height=\"250\"\/><br \/>\n\t\t\t\t\t\t\t<\/a><\/p>\n","protected":false},"excerpt":{"rendered":"Die Stadt sollen hunderttausende neue B\u00e4ume bekommen. Der Start des Projekts ist holprig. Dabei ist ein gro\u00dfer, gut&hellip;\n","protected":false},"author":2,"featured_media":1046014,"comment_status":"","ping_status":"","sticky":false,"template":"","format":"standard","meta":{"footnotes":"","_share_on_mastodon":"0"},"categories":[1825],"tags":[296,223953,29,30,25539,45647,223955,223954,80396],"class_list":["post-1046013","post","type-post","status-publish","format-standard","has-post-thumbnail","category-berlin","tag-berlin","tag-der-gute-wille","tag-deutschland","tag-germany","tag-klimaanpassung","tag-kolumnen","tag-natu00fcrlicher-klimaschutz","tag-naturbasierte-lu00f6sungen","tag-stu00e4dte"],"share_on_mastodon":{"url":"https:\/\/pubeurope.com\/@de\/116637438171242277","error":""},"_links":{"self":[{"href":"https:\/\/www.europesays.com\/de\/wp-json\/wp\/v2\/posts\/1046013","targetHints":{"allow":["GET"]}}],"collection":[{"href":"https:\/\/www.europesays.com\/de\/wp-json\/wp\/v2\/posts"}],"about":[{"href":"https:\/\/www.europesays.com\/de\/wp-json\/wp\/v2\/types\/post"}],"author":[{"embeddable":true,"href":"https:\/\/www.europesays.com\/de\/wp-json\/wp\/v2\/users\/2"}],"replies":[{"embeddable":true,"href":"https:\/\/www.europesays.com\/de\/wp-json\/wp\/v2\/comments?post=1046013"}],"version-history":[{"count":0,"href":"https:\/\/www.europesays.com\/de\/wp-json\/wp\/v2\/posts\/1046013\/revisions"}],"wp:featuredmedia":[{"embeddable":true,"href":"https:\/\/www.europesays.com\/de\/wp-json\/wp\/v2\/media\/1046014"}],"wp:attachment":[{"href":"https:\/\/www.europesays.com\/de\/wp-json\/wp\/v2\/media?parent=1046013"}],"wp:term":[{"taxonomy":"category","embeddable":true,"href":"https:\/\/www.europesays.com\/de\/wp-json\/wp\/v2\/categories?post=1046013"},{"taxonomy":"post_tag","embeddable":true,"href":"https:\/\/www.europesays.com\/de\/wp-json\/wp\/v2\/tags?post=1046013"}],"curies":[{"name":"wp","href":"https:\/\/api.w.org\/{rel}","templated":true}]}}