{"id":1046152,"date":"2026-05-25T23:20:09","date_gmt":"2026-05-25T23:20:09","guid":{"rendered":"https:\/\/www.europesays.com\/de\/1046152\/"},"modified":"2026-05-25T23:20:09","modified_gmt":"2026-05-25T23:20:09","slug":"saudis-kaufen-sich-auch-noch-hollywood-was-hinter-diesem-neuen-gelddeal-steckt-unterhaltung","status":"publish","type":"post","link":"https:\/\/www.europesays.com\/de\/1046152\/","title":{"rendered":"Saudis kaufen sich auch noch Hollywood: Was hinter diesem neuen Gelddeal steckt | Unterhaltung"},"content":{"rendered":"<p>Saudi-Arabien greift nach Hollywood: Mit einer neuen Mega-Filmf\u00f6rderung geht das K\u00f6nigreich in die Offensive und setzt damit etablierte Standorte wie auch Deutschland unter Druck.<\/p>\n<p><b>Lesen Sie mit BILDplus, mit welchen Milliarden-Plan Saudi-Arabien in den Markt dr\u00e4ngt und was sich die Lenker des Landes davon versprechen. Eine der wichtigsten Filmf\u00f6rder-Chefinnen Europas ordnet die Pl\u00e4ne ein und erkl\u00e4rt, was das f\u00fcr die Zukunft des Kinos bedeutet. <\/b><\/p>\n","protected":false},"excerpt":{"rendered":"Saudi-Arabien greift nach Hollywood: Mit einer neuen Mega-Filmf\u00f6rderung geht das K\u00f6nigreich in die Offensive und setzt damit etablierte&hellip;\n","protected":false},"author":2,"featured_media":1046153,"comment_status":"","ping_status":"","sticky":false,"template":"","format":"standard","meta":{"footnotes":"","_share_on_mastodon":"0"},"categories":[1776],"tags":[1801,29,32118,214,30,683,175330,2183,1802,8517,175329,4769,1017,215],"class_list":["post-1046152","post","type-post","status-publish","format-standard","has-post-thumbnail","category-prominente","tag-celebrities","tag-deutschland","tag-dschidda","tag-entertainment","tag-germany","tag-hollywood","tag-khashoggi-jamal","tag-mord","tag-prominente","tag-render-tobias","tag-salman-mohammed-bin","tag-saudi-arabien","tag-trump-donald","tag-unterhaltung"],"share_on_mastodon":{"url":"https:\/\/pubeurope.com\/@de\/116637783097800604","error":""},"_links":{"self":[{"href":"https:\/\/www.europesays.com\/de\/wp-json\/wp\/v2\/posts\/1046152","targetHints":{"allow":["GET"]}}],"collection":[{"href":"https:\/\/www.europesays.com\/de\/wp-json\/wp\/v2\/posts"}],"about":[{"href":"https:\/\/www.europesays.com\/de\/wp-json\/wp\/v2\/types\/post"}],"author":[{"embeddable":true,"href":"https:\/\/www.europesays.com\/de\/wp-json\/wp\/v2\/users\/2"}],"replies":[{"embeddable":true,"href":"https:\/\/www.europesays.com\/de\/wp-json\/wp\/v2\/comments?post=1046152"}],"version-history":[{"count":0,"href":"https:\/\/www.europesays.com\/de\/wp-json\/wp\/v2\/posts\/1046152\/revisions"}],"wp:featuredmedia":[{"embeddable":true,"href":"https:\/\/www.europesays.com\/de\/wp-json\/wp\/v2\/media\/1046153"}],"wp:attachment":[{"href":"https:\/\/www.europesays.com\/de\/wp-json\/wp\/v2\/media?parent=1046152"}],"wp:term":[{"taxonomy":"category","embeddable":true,"href":"https:\/\/www.europesays.com\/de\/wp-json\/wp\/v2\/categories?post=1046152"},{"taxonomy":"post_tag","embeddable":true,"href":"https:\/\/www.europesays.com\/de\/wp-json\/wp\/v2\/tags?post=1046152"}],"curies":[{"name":"wp","href":"https:\/\/api.w.org\/{rel}","templated":true}]}}