{"id":1046279,"date":"2026-05-26T00:38:21","date_gmt":"2026-05-26T00:38:21","guid":{"rendered":"https:\/\/www.europesays.com\/de\/1046279\/"},"modified":"2026-05-26T00:38:21","modified_gmt":"2026-05-26T00:38:21","slug":"polizei-raetselt-nach-u-bahn-drama-mann-stirbt-nach-sturz-2","status":"publish","type":"post","link":"https:\/\/www.europesays.com\/de\/1046279\/","title":{"rendered":"Polizei r\u00e4tselt nach U-Bahn-Drama: Mann stirbt nach Sturz"},"content":{"rendered":"<p>Mehrere Tage nachdem ein Mann auf die Gleise der M\u00fcnchner U-Bahn gest\u00fcrzt war, ist er an seinen Verletzungen im Krankenhaus gestorben. Der 49-J\u00e4hrige st\u00fcrzte am Mittwoch auf die Gleise am M\u00fcnchner U-Bahnhof Kolumbusplatz, wie die <a href=\"https:\/\/www.abendzeitung-muenchen.de\/organisation\/polizei\/\" rel=\"nofollow noopener\" target=\"_blank\">Polizei<\/a> mitteilte. Er erlitt schwere Verletzungen und wurde in ein Krankenhaus gebracht. Dort starb er am Samstag.\u00a0<\/p>\n<p>Die Polizei ermittelt nun zu den Hintergr\u00fcnden des Vorfalls. Fremdeinwirkung schlie\u00dfen die Beamten aber aus.<\/p>\n","protected":false},"excerpt":{"rendered":"Mehrere Tage nachdem ein Mann auf die Gleise der M\u00fcnchner U-Bahn gest\u00fcrzt war, ist er an seinen Verletzungen&hellip;\n","protected":false},"author":2,"featured_media":1045708,"comment_status":"","ping_status":"","sticky":false,"template":"","format":"standard","meta":{"footnotes":"","_share_on_mastodon":"0"},"categories":[1827],"tags":[5412,772,29,30,1268,17692,2788],"class_list":["post-1046279","post","type-post","status-publish","format-standard","has-post-thumbnail","category-muenchen","tag-gleise","tag-bayern","tag-deutschland","tag-germany","tag-muenchen","tag-sturz","tag-u-bahn"],"share_on_mastodon":{"url":"https:\/\/pubeurope.com\/@de\/116638089719537287","error":""},"_links":{"self":[{"href":"https:\/\/www.europesays.com\/de\/wp-json\/wp\/v2\/posts\/1046279","targetHints":{"allow":["GET"]}}],"collection":[{"href":"https:\/\/www.europesays.com\/de\/wp-json\/wp\/v2\/posts"}],"about":[{"href":"https:\/\/www.europesays.com\/de\/wp-json\/wp\/v2\/types\/post"}],"author":[{"embeddable":true,"href":"https:\/\/www.europesays.com\/de\/wp-json\/wp\/v2\/users\/2"}],"replies":[{"embeddable":true,"href":"https:\/\/www.europesays.com\/de\/wp-json\/wp\/v2\/comments?post=1046279"}],"version-history":[{"count":0,"href":"https:\/\/www.europesays.com\/de\/wp-json\/wp\/v2\/posts\/1046279\/revisions"}],"wp:featuredmedia":[{"embeddable":true,"href":"https:\/\/www.europesays.com\/de\/wp-json\/wp\/v2\/media\/1045708"}],"wp:attachment":[{"href":"https:\/\/www.europesays.com\/de\/wp-json\/wp\/v2\/media?parent=1046279"}],"wp:term":[{"taxonomy":"category","embeddable":true,"href":"https:\/\/www.europesays.com\/de\/wp-json\/wp\/v2\/categories?post=1046279"},{"taxonomy":"post_tag","embeddable":true,"href":"https:\/\/www.europesays.com\/de\/wp-json\/wp\/v2\/tags?post=1046279"}],"curies":[{"name":"wp","href":"https:\/\/api.w.org\/{rel}","templated":true}]}}