{"id":1046471,"date":"2026-05-26T02:45:21","date_gmt":"2026-05-26T02:45:21","guid":{"rendered":"https:\/\/www.europesays.com\/de\/1046471\/"},"modified":"2026-05-26T02:45:21","modified_gmt":"2026-05-26T02:45:21","slug":"musik-staerkt-die-gemeinschaft-koenigsbacher-schueler-und-lehrer-geben-konzert-region","status":"publish","type":"post","link":"https:\/\/www.europesays.com\/de\/1046471\/","title":{"rendered":"Musik st\u00e4rkt die Gemeinschaft: K\u00f6nigsbacher Sch\u00fcler und Lehrer geben Konzert &#8211; Region"},"content":{"rendered":"<p>K\u00f6nigsbach-Stein. Das vorletzte Lied ist eine Weltpremiere. Lehrer Gunter Noee hat es eigens f\u00fcr das Special Concert des K\u00f6nigsbacher Lise-Meitner-Gymnasiums geschrieben \u2013 eine gereimte Hymne auf den Schulalltag, auf Sch\u00fcler und Lehrer, auf Pausen, Unterricht und das Leben im Schulhaus. Entstanden ist das St\u00fcck in den Weihnachtsferien, geprobt wurde es dagegen nur selten.<\/p>\n<p>Dennoch reagiert das Publikum in der voll besetzten Remchinger Kulturhalle begeistert, klatscht spontan mit und feiert die Darbietung mit langem Applaus.<\/p>\n","protected":false},"excerpt":{"rendered":"K\u00f6nigsbach-Stein. Das vorletzte Lied ist eine Weltpremiere. Lehrer Gunter Noee hat es eigens f\u00fcr das Special Concert des&hellip;\n","protected":false},"author":2,"featured_media":1046472,"comment_status":"","ping_status":"","sticky":false,"template":"","format":"standard","meta":{"footnotes":"","_share_on_mastodon":"0"},"categories":[1844],"tags":[1634,752,3364,29,30,8903,131411,3866],"class_list":["post-1046471","post","type-post","status-publish","format-standard","has-post-thumbnail","category-karlsruhe","tag-baden-wuerttemberg","tag-bildung","tag-de","tag-deutschland","tag-germany","tag-karlsruhe","tag-koenigsbach-stein","tag-veranstaltungen"],"share_on_mastodon":{"url":"https:\/\/pubeurope.com\/@de\/116638589031644435","error":""},"_links":{"self":[{"href":"https:\/\/www.europesays.com\/de\/wp-json\/wp\/v2\/posts\/1046471","targetHints":{"allow":["GET"]}}],"collection":[{"href":"https:\/\/www.europesays.com\/de\/wp-json\/wp\/v2\/posts"}],"about":[{"href":"https:\/\/www.europesays.com\/de\/wp-json\/wp\/v2\/types\/post"}],"author":[{"embeddable":true,"href":"https:\/\/www.europesays.com\/de\/wp-json\/wp\/v2\/users\/2"}],"replies":[{"embeddable":true,"href":"https:\/\/www.europesays.com\/de\/wp-json\/wp\/v2\/comments?post=1046471"}],"version-history":[{"count":0,"href":"https:\/\/www.europesays.com\/de\/wp-json\/wp\/v2\/posts\/1046471\/revisions"}],"wp:featuredmedia":[{"embeddable":true,"href":"https:\/\/www.europesays.com\/de\/wp-json\/wp\/v2\/media\/1046472"}],"wp:attachment":[{"href":"https:\/\/www.europesays.com\/de\/wp-json\/wp\/v2\/media?parent=1046471"}],"wp:term":[{"taxonomy":"category","embeddable":true,"href":"https:\/\/www.europesays.com\/de\/wp-json\/wp\/v2\/categories?post=1046471"},{"taxonomy":"post_tag","embeddable":true,"href":"https:\/\/www.europesays.com\/de\/wp-json\/wp\/v2\/tags?post=1046471"}],"curies":[{"name":"wp","href":"https:\/\/api.w.org\/{rel}","templated":true}]}}