{"id":1046598,"date":"2026-05-26T04:10:15","date_gmt":"2026-05-26T04:10:15","guid":{"rendered":"https:\/\/www.europesays.com\/de\/1046598\/"},"modified":"2026-05-26T04:10:15","modified_gmt":"2026-05-26T04:10:15","slug":"borussia-moenchengladbach-yannik-engelhardt-winkt-die-champions-league-sport","status":"publish","type":"post","link":"https:\/\/www.europesays.com\/de\/1046598\/","title":{"rendered":"Borussia M\u00f6nchengladbach: Yannik Engelhardt winkt die Champions League | Sport"},"content":{"rendered":"<p><a class=\"skip-content skip-content--link\" href=\"#in-content-skip-link-target-v-0-0\">TTS-Player \u00fcberspringen\u21b5<\/a><a id=\"in-content-skip-link-target-v-0-0\" class=\"skip-content--target-link-hidden skip-content skip-content--target-link\" href=\"#in-content-skip-link-target-v-0-0\">Artikel weiterlesen<\/a><\/p>\n<p data-21134c99=\"0-1435\"><b>Vor dem letzten Bundesliga-Spiel der abgelaufenen Saison, dem 4:0-Sieg \u00fcber die TSG Hoffenheim, hatte Gladbach Marvin Friedrich (29), Haris Tabakovic (31), Yannik Engelhardt (25) und Kota Takai (21) offiziell im Borussia-Park verabschiedet. Rocco Reitz (23) und Alejo Sarco (20), die den Klub ebenfalls verlassen werden, fehlten krankheitsbedingt. Sport-Boss Rouven Schr\u00f6der (50) sagte dazu: \u201eWir haben uns bewusst dazu entschieden, dass wir alle Spieler, die Borussia nach Ende der Saison verlassen oder \u2013 Stand jetzt \u2013 zu ihren Stammvereinen zur\u00fcckkehren, geb\u00fchrend im Stadion vor unseren Fans verabschieden und uns bei ihnen bedanken wollen. Da wollen wir einen sauberen Abschluss haben.\u201c<\/b><\/p>\n<p data-21134c99=\"0-1435\">Noch nicht ganz ausgeschlossen, dass zumindest Engelhardt auch in der kommenden Saison im Fohlen-Trikot spielt. Obwohl bereits Bundesliga-Konkurrent SC Freiburg laut Medienberichten die F\u00fchler ausgestreckt haben soll \u2013 und der Mittelfeldspieler eigentlich sogar Champions League in der kommenden Saison spielen k\u00f6nnte. Hintergrund: Sein eigentlicher Klub AC Como, bei dem Engelhardt noch einen Vertrag bis 2027 hat, schafft am letzten Spieltag in Italien sensationell den Einzug in die K\u00f6nigsklasse. Como (erst vor zwei Jahren in die h\u00f6chste italienische Liga aufgestiegen) gewann ausw\u00e4rts in Cremonese mit 4:1 \u2013 auch, weil der Gastgeber sich gleich drei Rote Karten einhandelte. Und weil zeitgleich der AC Mailand nach einer fr\u00fchen 1:0-F\u00fchrung zu Hause \u00fcberraschend gegen Cagliari mit 1:2 verlor, zog Como noch vorbei auf Platz 4 \u2013 und darf nun erstmals in der Vereinsgeschichte in der Champions League ran.<\/p>\n<p>Borussia hatte keine Kaufoption f\u00fcr Engelhardt<\/p>\n<p data-21134c99=\"1436-2051\">Fraglich aber, ob der Klub wirklich weiter auf Engelhardt setzt \u2013 insgesamt hatte Como in der abgelaufenen Saison gleich 19 (!) Profis verliehen. Die Italiener setzen wohl eher darauf, f\u00fcr Engelhardt nach einer guten <a href=\"https:\/\/www.bild.de\/sport\/fussball\/bundesliga\/bundesliga-startseite-52368768.bild.html\" class=\"text-link\" rel=\"nofollow noopener\" target=\"_blank\">Bundesliga<\/a>-Saison eine ordentliche Abl\u00f6se zu erzielen. Ob <a href=\"https:\/\/www.bild.de\/sport\/fussball\/borussia-moenchengladbach\/startseite-borussia-moenchengladbach-31074418.bild.html\" class=\"text-link\" rel=\"nofollow noopener\" target=\"_blank\">Borussia<\/a> (hatte keine Kaufoption im Leihvertrag) da mit der Konkurrenz mitbieten kann, wird sich noch zeigen m\u00fcssen\u00a0\u2026<\/p>\n","protected":false},"excerpt":{"rendered":"TTS-Player \u00fcberspringen\u21b5Artikel weiterlesen Vor dem letzten Bundesliga-Spiel der abgelaufenen Saison, dem 4:0-Sieg \u00fcber die TSG Hoffenheim, hatte Gladbach&hellip;\n","protected":false},"author":2,"featured_media":1046599,"comment_status":"","ping_status":"","sticky":false,"template":"","format":"standard","meta":{"footnotes":"","_share_on_mastodon":"0"},"categories":[1849],"tags":[815,468,4986,3364,29,538,548,663,3934,30,13,4455,14,15,1209,12,803,819],"class_list":["post-1046598","post","type-post","status-publish","format-standard","has-post-thumbnail","category-moenchengladbach","tag-borussia-moenchengladbach","tag-champions-league","tag-como","tag-de","tag-deutschland","tag-erste-bundesliga","tag-eu","tag-europa","tag-europe","tag-germany","tag-headlines","tag-moenchengladbach","tag-nachrichten","tag-news","tag-nordrhein-westfalen","tag-schlagzeilen","tag-spielertransfer","tag-sport-leuchtturm-essen"],"share_on_mastodon":{"url":"https:\/\/pubeurope.com\/@de\/116638923341290569","error":""},"_links":{"self":[{"href":"https:\/\/www.europesays.com\/de\/wp-json\/wp\/v2\/posts\/1046598","targetHints":{"allow":["GET"]}}],"collection":[{"href":"https:\/\/www.europesays.com\/de\/wp-json\/wp\/v2\/posts"}],"about":[{"href":"https:\/\/www.europesays.com\/de\/wp-json\/wp\/v2\/types\/post"}],"author":[{"embeddable":true,"href":"https:\/\/www.europesays.com\/de\/wp-json\/wp\/v2\/users\/2"}],"replies":[{"embeddable":true,"href":"https:\/\/www.europesays.com\/de\/wp-json\/wp\/v2\/comments?post=1046598"}],"version-history":[{"count":0,"href":"https:\/\/www.europesays.com\/de\/wp-json\/wp\/v2\/posts\/1046598\/revisions"}],"wp:featuredmedia":[{"embeddable":true,"href":"https:\/\/www.europesays.com\/de\/wp-json\/wp\/v2\/media\/1046599"}],"wp:attachment":[{"href":"https:\/\/www.europesays.com\/de\/wp-json\/wp\/v2\/media?parent=1046598"}],"wp:term":[{"taxonomy":"category","embeddable":true,"href":"https:\/\/www.europesays.com\/de\/wp-json\/wp\/v2\/categories?post=1046598"},{"taxonomy":"post_tag","embeddable":true,"href":"https:\/\/www.europesays.com\/de\/wp-json\/wp\/v2\/tags?post=1046598"}],"curies":[{"name":"wp","href":"https:\/\/api.w.org\/{rel}","templated":true}]}}