{"id":1046743,"date":"2026-05-26T05:35:14","date_gmt":"2026-05-26T05:35:14","guid":{"rendered":"https:\/\/www.europesays.com\/de\/1046743\/"},"modified":"2026-05-26T05:35:14","modified_gmt":"2026-05-26T05:35:14","slug":"plan-fuer-sanierung-von-schulzentrum-rheindahlen","status":"publish","type":"post","link":"https:\/\/www.europesays.com\/de\/1046743\/","title":{"rendered":"Plan f\u00fcr Sanierung von Schulzentrum Rheindahlen"},"content":{"rendered":"<p class=\"text_ohne_einzug richtext text-em-55 !leading-serif mx-6 desktop:mx-0\">Das Ma\u00dfnahmenprogramm ist gro\u00df, die Umsetzung wird Jahre dauern: Bis 2030 m\u00fcssen im Schulzentrum Rheindahlen mit Hauptschule, Gymnasium und Bibliothek verschiedene Bauarbeiten durchgef\u00fchrt werden. Das geht aus einem Bericht des st\u00e4dtischen Geb\u00e4udemanagements (GMMG) im Ausschuss f\u00fcr Betriebe und Vergabe (ABV) hervor. Es ist erst der zweite \u00f6ffentliche Vortrag zu dem Komplex, nachdem dieser <a href=\"https:\/\/rp-online.de\/nrw\/staedte\/moenchengladbach\/unwetter-und-starkregen-in-moenchengladbach-ueberflutete-strassen-feuerwehreinsaetze-und-volle-keller_aid-134557871\" rel=\"nofollow noopener\" target=\"_blank\">im September 2025<\/a> hart vom Starkregen getroffen wurde, was Sperrungen von Schulr\u00e4umen zur Folge hatte.<\/p>\n","protected":false},"excerpt":{"rendered":"Das Ma\u00dfnahmenprogramm ist gro\u00df, die Umsetzung wird Jahre dauern: Bis 2030 m\u00fcssen im Schulzentrum Rheindahlen mit Hauptschule, Gymnasium&hellip;\n","protected":false},"author":2,"featured_media":1000381,"comment_status":"","ping_status":"","sticky":false,"template":"","format":"standard","meta":{"footnotes":"","_share_on_mastodon":"0"},"categories":[1849],"tags":[50029,3364,29,548,663,3934,30,13,4455,14,15,1209,38472,12],"class_list":["post-1046743","post","type-post","status-publish","format-standard","has-post-thumbnail","category-moenchengladbach","tag-schulzentrum","tag-de","tag-deutschland","tag-eu","tag-europa","tag-europe","tag-germany","tag-headlines","tag-moenchengladbach","tag-nachrichten","tag-news","tag-nordrhein-westfalen","tag-rheindahlen","tag-schlagzeilen"],"share_on_mastodon":{"url":"https:\/\/pubeurope.com\/@de\/116639257565219371","error":""},"_links":{"self":[{"href":"https:\/\/www.europesays.com\/de\/wp-json\/wp\/v2\/posts\/1046743","targetHints":{"allow":["GET"]}}],"collection":[{"href":"https:\/\/www.europesays.com\/de\/wp-json\/wp\/v2\/posts"}],"about":[{"href":"https:\/\/www.europesays.com\/de\/wp-json\/wp\/v2\/types\/post"}],"author":[{"embeddable":true,"href":"https:\/\/www.europesays.com\/de\/wp-json\/wp\/v2\/users\/2"}],"replies":[{"embeddable":true,"href":"https:\/\/www.europesays.com\/de\/wp-json\/wp\/v2\/comments?post=1046743"}],"version-history":[{"count":0,"href":"https:\/\/www.europesays.com\/de\/wp-json\/wp\/v2\/posts\/1046743\/revisions"}],"wp:featuredmedia":[{"embeddable":true,"href":"https:\/\/www.europesays.com\/de\/wp-json\/wp\/v2\/media\/1000381"}],"wp:attachment":[{"href":"https:\/\/www.europesays.com\/de\/wp-json\/wp\/v2\/media?parent=1046743"}],"wp:term":[{"taxonomy":"category","embeddable":true,"href":"https:\/\/www.europesays.com\/de\/wp-json\/wp\/v2\/categories?post=1046743"},{"taxonomy":"post_tag","embeddable":true,"href":"https:\/\/www.europesays.com\/de\/wp-json\/wp\/v2\/tags?post=1046743"}],"curies":[{"name":"wp","href":"https:\/\/api.w.org\/{rel}","templated":true}]}}