{"id":1046783,"date":"2026-05-26T05:59:17","date_gmt":"2026-05-26T05:59:17","guid":{"rendered":"https:\/\/www.europesays.com\/de\/1046783\/"},"modified":"2026-05-26T05:59:17","modified_gmt":"2026-05-26T05:59:17","slug":"trump-und-die-stichwahl-in-texas-dieses-duell-entscheidet-ueber-die-zukunft-der-republikanischen-partei","status":"publish","type":"post","link":"https:\/\/www.europesays.com\/de\/1046783\/","title":{"rendered":"Trump und die Stichwahl in Texas: Dieses Duell entscheidet \u00fcber die Zukunft der Republikanischen Partei"},"content":{"rendered":"<p class=\"tspCHpa tspCHpb\">Thomas Massie bekam Donald Trumps Zorn direkt zu sp\u00fcren. So direkt, dass er sich im November nach 14 Jahren im US-Kongress einen neuen Job suchen muss.<\/p>\n<p class=\"tspCHpa\">Seit 2012 war er Abgeordneter der Republikanischen Partei im US-Repr\u00e4sentantenhaus, nun verlor er \u00fcberraschend <a href=\"https:\/\/www.tagesspiegel.de\/internationales\/trump-nannte-ihn-versager-republikaner-massie-verliert-vorwahl-15616543.html?icid=in-text-link_15629133\" class=\"link link--internal\" data-gtm-class=\"article-text-link\" data-gtm-val=\"internal\" rel=\"nofollow noopener\" target=\"_blank\">deutlich die Vorwahl\u00a0gegen einen vom US-Pr\u00e4sidenten pers\u00f6nlich unterst\u00fctzten Kandidaten.<\/a><\/p>\n<p class=\"tspCHpa\">Massie war Donald Trump zu kritisch. Er hatte sich unter anderem f\u00fcr die Ver\u00f6ffentlichung <a href=\"https:\/\/www.tagesspiegel.de\/internationales\/kontakt-zu-sexualstraftater-us-handelsminister-machte-familienurlaub-auf-epstein-insel-15238084.html?icid=in-text-link_15629133\" class=\"link link--internal\" data-gtm-class=\"article-text-link\" data-gtm-val=\"internal\" rel=\"nofollow noopener\" target=\"_blank\">der Akten des Sexualstraft\u00e4ters Jeffrey Epstein<\/a> eingesetzt\u00a0\u2013 und geglaubt, daf\u00fcr genug R\u00fcckhalt bei seinen W\u00e4hlern zu Hause zu haben. Dann mischte sich Donald Trump in den Wahlkampf ein.<\/p>\n<p class=\"tspCHpa\">Der Fall zeigt, wie sehr der Pr\u00e4sident dazu bereit ist, politische Gegner in den eigenen Reihen zu entfernen\u00a0und durch Maga-Loyalisten zu ersetzen.<\/p>\n<p class=\"tspCHpa\">Bei Vorwahlen wie in Kentucky testet Trump gerade, wie gro\u00df sein Einfluss in der Republikanischen Partei noch ist\u00a0\u2013 und in Texas steht nun die n\u00e4chste Machtprobe an.<\/p>\n<p> Senator gegen Generalstaatsanwalt <\/p>\n<p class=\"tspCHpa\">Im zweitgr\u00f6\u00dften Bundesstaat der USA wird an diesem Dienstag dar\u00fcber abgestimmt, welcher Republikaner bei den Zwischenwahlen im November f\u00fcr den Senatssitz antreten wird. Amtsinhaber John Cornyn, derzeit Senator in Washington, kandidiert gegen Ken Paxton, den Generalstaatsanwalt von Texas.<\/p>\n<p class=\"tspCHpa\">Und auch hier versucht der US-Pr\u00e4sident, die Wahl in seinem Sinne zu lenken. In der vergangenen Woche sprach er sich \u00f6ffentlich f\u00fcr Paxton aus\u00a0\u2013 und brachte damit einen Teil der Partei gegen sich auf.<\/p>\n<blockquote class=\"tspCMpv\">\n<p>John Cornyn ist ein guter Mann, und ich habe gut mit ihm zusammengearbeitet, aber er hat mich in schwierigen Zeiten nicht unterst\u00fctzt.<\/p>\n<\/blockquote>\n<p class=\"tspCMpw\"><strong>US-Pr\u00e4sident Donald Trump<\/strong> \u00fcber den texanischen Senator John Cornyn<\/p>\n<p class=\"tspCHpa\">Denn die beiden Kandidaten k\u00f6nnten unterschiedlicher nicht sein. Cornyn steht f\u00fcr den klassischen Fl\u00fcgel der Republikaner. Der 74-J\u00e4hrige sitzt seit beinahe 24 Jahren im Senat, ist ein Wirtschaftsliberaler, aber auch strikt konservativ. <\/p>\n<p class=\"tspCHpa\">Im Grunde hat er kein schlechtes Verh\u00e4ltnis zu Trump, nur wollte er 2023 nicht, dass dieser f\u00fcr die Pr\u00e4sidentschaft kandidiert. Die Zeit sei \u00fcber Trump hinweggegangen, argumentierte der Texaner. Die Republikaner sollten jemand anderen nominieren. Einen, der die Wahl 2024 auch gewinnen k\u00f6nne. <\/p>\n<p class=\"tspCHpa\">Das hat der Pr\u00e4sident nicht vergessen. \u201eJohn Cornyn ist ein guter Mann, und ich habe gut mit ihm zusammengearbeitet, aber er hat mich in schwierigen Zeiten nicht unterst\u00fctzt\u201c, schrieb Trump vergangene Woche auf seiner Plattform Truth Social.<\/p>\n<p> \u201eInbegriff des Establishments\u201c <\/p>\n<p class=\"tspCHpa\">Paxton hingegen sei ein \u201eechter Maga-K\u00e4mpfer, der sich immer f\u00fcr Texas eingesetzt hat und dies auch im Senat der Vereinigten Staaten weiterhin tun wird\u201c, schrieb Trump weiter. <\/p>\n<p><img decoding=\"async\" src=\"https:\/\/www.europesays.com\/de\/wp-content\/uploads\/2026\/05\/matthew-wilson-6816.jpeg\"   alt=\"Name: Matthew WilsonCredit: privat\" width=\"80\" height=\"80\" loading=\"lazy\" class=\"tspB2n6\"\/><\/p>\n<p class=\"tspCUqr\"><strong>Matthew Wilson<\/strong> ist au\u00dferordentlicher Professor f\u00fcr Politikwissenschaft an der Southern Methodist University in Dallas, Texas.<\/p>\n<p class=\"tspCHpa\">Tats\u00e4chlich ist Paxton dem Pr\u00e4sidenten deutlich n\u00e4her als der eher klassische Cornyn. \u201eDerzeit stehen \u201aEstablishment\u2018-Politiker in beiden Parteien nicht hoch im Kurs\u201c, sagt Matthew Wilson, au\u00dferordentlicher Professor f\u00fcr Politikwissenschaft an der Southern Methodist University in Texas, dem Tagesspiegel. \u201eCornyns lange Zeit in Washington und seine Verbindung zur traditionellen republikanischen Parteif\u00fchrung machen ihn zum Inbegriff des Establishments.\u201c<\/p>\n<blockquote class=\"tspCMpv\">\n<p>Er ist ein kompromissloser Hardliner, der sich mit provokativen Angriffen auf Demokraten \u2013 und gelegentlich sogar auf Mitglieder der eigenen Partei \u2013 einen Namen gemacht hat.<\/p>\n<\/blockquote>\n<p class=\"tspCMpw\"><strong>Matthew Wilson<\/strong>, au\u00dferordentlicher Professor f\u00fcr Politikwissenschaft an der Southern Methodist University in Dallas, Texas.<\/p>\n<p class=\"tspCHpa\">Paxton dagegen positioniert sich als Vertreter von Trumps Maga-Fl\u00fcgel. Er unterst\u00fctzte etwa die Versuche, die US-Wahl 2020 anzufechten, die der Republikaner gegen den Demokraten Joe Biden verloren hatte. Zudem verfolgt der texanische Generalstaatsanwalt <a href=\"https:\/\/www.tagesspiegel.de\/internationales\/ice-schiebt-frau-ohne-eigenes-kind-ab-dreijahriger-zu-tode-misshandelt-behorde-gibt-mutter-mitschuld-15605397.html?icid=in-text-link_15629133\" class=\"link link--internal\" data-gtm-class=\"article-text-link\" data-gtm-val=\"internal\" rel=\"nofollow noopener\" target=\"_blank\">eine aggressive Migrationspolitik, ganz im Sinne der Politik im Wei\u00dfen Haus.<\/a><\/p>\n<p class=\"tspCHpa\">\u201ePaxton ist ein kompromissloser Hardliner, der sich mit provokativen Angriffen auf Demokraten \u2013 gelegentlich sogar auf Mitglieder der eigenen Partei \u2013 einen Namen gemacht hat\u201c, sagt Politikwissenschaftler Wilson. So k\u00f6nne er eher von der \u201eideologisch st\u00e4rker aufgeladenen W\u00e4hlerschaft profitieren\u201c. <\/p>\n<p class=\"tspCHpa\">Dabei war Paxton in einige Skandale verwickelt. Seine Frau trennte sich 2025 nach 38 Jahren Ehe von ihm. Sie reichte aus \u201ebiblischen Gr\u00fcnden\u201c die Scheidung ein, wegen Untreue also.<\/p>\n<p class=\"tspCHpa\">Zudem wurde ein Amtsenthebungsverfahren wegen Vorw\u00fcrfen der Bestechung, Pflichtverletzung, Behinderung der Justiz und des Missbrauchs des \u00f6ffentlichen Vertrauens sowie weiterer Verfehlungen seines Amtes gegen ihn eingeleitet\u00a0\u2013 mit den Stimmen seiner eigenen Partei.<\/p>\n<p> Entt\u00e4uscht von Trump <\/p>\n<p class=\"tspCHpa\">Dass das in seiner Partei nicht gut ankommt, wird auch im Senat deutlich. Mehrere republikanische Senatoren kritisierten Trumps Entscheidung, Ken Paxton zu unterst\u00fctzen. \u201eExtrem entt\u00e4uscht\u201c sei sie, sagte etwa Lisa Murkowski, Senatorin aus Alaska. \u201eIch unterst\u00fctze nat\u00fcrlich Senator Cornyn\u201c, betonte ihr Kollege John Hoeven aus North Dakota. <\/p>\n<p class=\"tspCHpa\">Viele republikanische Senatoren dr\u00e4ngten Trump in den vergangenen Wochen dazu, es sich noch einmal zu \u00fcberlegen. Dass er das ablehnt, verschlechtert das schon angespannte Verh\u00e4ltnis des Pr\u00e4sidenten zu den Republikanern im Senat. Trump reizt sein politisches Kapital mit umstrittenen Gesetzesvorhaben aus, dem die knappe republikanische Mehrheit in der Kammer zustimmen muss. <\/p>\n<p class=\"tspCHpa\">Dass er mit Paxton jetzt auch aggressiv seine eigenen Kandidaten in die Kammer bringen will, st\u00f6rt viele etablierte Senatoren. Zuletzt musste sich auch Senator Bill Cassidy aus Louisiana einem vom Pr\u00e4sidenten unterst\u00fctzten Kandidaten geschlagen geben.<\/p>\n<p><img decoding=\"async\" src=\"https:\/\/www.europesays.com\/de\/wp-content\/uploads\/2026\/05\/president-donald-trump-is-greeted-by-texas-attorney-general-ken-paxton.jpeg\"   alt=\"AUSTIN, TEXAS - NOVEMBER 20: President Donald Trump is greeted by Texas Attorney General Ken Paxton022 , left, and Lt. Gov. Dan Patrick as he arrives on Air Force One at Austin-Bergstrom International Airport on Wednesday November 20, 2019. (Jay Janner\/The Austin American-Statesman via Getty Images)\" aria-labelledby=\"caption-15630347\" width=\"440\" height=\"330\" loading=\"lazy\" class=\"tspB2n6\"\/> Ken Paxton (links) hat die Unterst\u00fctzung von Donald Trump bei der Stichwahl am Dienstag. <\/p>\n<p class=\"tspWfh\"> \u00a9 Jay Janner\/The Austin American-Statesman via Getty Images <\/p>\n<p class=\"tspCHpa\">Viele Republikaner im Senat machen sich zudem Sorgen wegen der Zwischenwahlen im November. Sollte Paxton gewinnen, <a href=\"https:\/\/www.tagesspiegel.de\/internationales\/gefeierter-us-demokrat-talarico-das-ist-der-mann-den-trump-nicht-im-tv-sehen-mochte-15276010.html?icid=in-text-link_15629133\" class=\"link link--internal\" data-gtm-class=\"article-text-link\" data-gtm-val=\"internal\" rel=\"nofollow noopener\" target=\"_blank\">w\u00fcrde er gegen James Talarico<\/a> antreten m\u00fcssen, einen 37-j\u00e4hrigen Hoffnungstr\u00e4ger der Demokraten. Senatsveteran Cornyn wird in diesem Duell als chancenreicher erachtet.<\/p>\n<p class=\"tspCHpa\">Das liegt auch an Talarico selbst. Denn dieser ist bei Weitem kein Parteilinker und beruft sich in seinen politischen Botschaften immer wieder auf das Christentum, was ihn in der Breite anschlussf\u00e4hig macht. <\/p>\n<p> Machtdemonstration des Pr\u00e4sidenten <\/p>\n<p class=\"tspCHpa\">\u201eTexas bleibt ein republikanisch gepr\u00e4gter Bundesstaat\u201c, sagt Matthew Wilson. \u201eDennoch erwartet die Republikanische Partei mit Paxton auf dem Wahlzettel einen schmutzigeren und h\u00e4rteren Wahlkampf als mit Cornyn. Sollte Paxton am Dienstag tats\u00e4chlich gewinnen, w\u00fcrden sich Talarico und die Demokraten gro\u00dfe Hoffnungen machen.\u201c<\/p>\n<p class=\"tspCHpa\">Ein Verlust des eigentlich sicheren republikanischen Sitzes in Texas <a href=\"https:\/\/www.tagesspiegel.de\/internationales\/der-einstige-retter-trump-wird-zur-belastung-die-angst-der-republikaner-vor-den-zwischenwahlen-15244761.html?icid=in-text-link_15629133\" class=\"link link--internal\" data-gtm-class=\"article-text-link\" data-gtm-val=\"internal\" rel=\"nofollow noopener\" target=\"_blank\">w\u00e4re f\u00fcr die Republikaner eine Machteinbu\u00dfe<\/a>. Die Gefahr besteht, dass die Partei beide Kammern des Kongresses, Repr\u00e4sentantenhaus und Senat, im November verliert. <\/p>\n<p>Mehr zum Thema lesen Sie hier<a href=\"https:\/\/www.tagesspiegel.de\/internationales\/ein-weckruf-fur-die-us-republikaner-warum-der-sieg-eines-texanischen-lokalpolitikers-fur-trumps-partei-so-gefahrlich-ist-15218131.html?icid=topic-list_15629133___\" data-gtm-class=\"article-mzt-link\" data-hydrate-fingerprint=\"09740a54944caac75fd2c0c63fd5c5df\" data-hydrate-props=\"{&amp;escapedquot;element&amp;escapedquot;:{&amp;escapedquot;type&amp;escapedquot;:&amp;escapedquot;relatedContent&amp;escapedquot;,&amp;escapedquot;fieldMap&amp;escapedquot;:{},&amp;escapedquot;relation&amp;escapedquot;:{&amp;escapedquot;fields&amp;escapedquot;:{&amp;escapedquot;isPaid&amp;escapedquot;:true},&amp;escapedquot;href&amp;escapedquot;:&amp;escapedquot;\/internationales\/ein-weckruf-fur-die-us-republikaner-warum-der-sieg-eines-texanischen-lokalpolitikers-fur-trumps-partei-so-gefahrlich-ist-15218131.html&amp;escapedquot;,&amp;escapedquot;teaserTitle&amp;escapedquot;:{&amp;escapedquot;kicker&amp;escapedquot;:&amp;escapedquot;\u201eEin Weckruf f\u00fcr die US-Republikaner\u201c&amp;escapedquot;,&amp;escapedquot;headline&amp;escapedquot;:&amp;escapedquot;Warum der Sieg eines texanischen Lokalpolitikers f\u00fcr Trumps Partei so gef\u00e4hrlich ist&amp;escapedquot;},&amp;escapedquot;id&amp;escapedquot;:&amp;escapedquot;15218131&amp;escapedquot;,&amp;escapedquot;type&amp;escapedquot;:&amp;escapedquot;story&amp;escapedquot;},&amp;escapedquot;isPartOfList&amp;escapedquot;:true,&amp;escapedquot;topicListType&amp;escapedquot;:&amp;escapedquot;topic-list&amp;escapedquot;},&amp;escapedquot;showArrow&amp;escapedquot;:true}\" data-hydrate-slots=\"{&#039;default&#039;:[]}\" class=\"tspCWqt tspCYq0\" rel=\"nofollow noopener\" target=\"_blank\">\u201eEin Weckruf f\u00fcr die US-Republikaner\u201c Warum der Sieg eines texanischen Lokalpolitikers f\u00fcr Trumps Partei so gef\u00e4hrlich ist <\/a><a href=\"https:\/\/www.tagesspiegel.de\/internationales\/wut-uber-die-kosten-des-krieges-wie-sehr-spuren-us-amerikaner-trumps-feldzug-im-iran-15481364.html?icid=topic-list_15629133___\" data-gtm-class=\"article-mzt-link\" data-hydrate-fingerprint=\"09740a54944caac75fd2c0c63fd5c5df\" data-hydrate-props=\"{&amp;escapedquot;element&amp;escapedquot;:{&amp;escapedquot;type&amp;escapedquot;:&amp;escapedquot;relatedContent&amp;escapedquot;,&amp;escapedquot;fieldMap&amp;escapedquot;:{},&amp;escapedquot;relation&amp;escapedquot;:{&amp;escapedquot;fields&amp;escapedquot;:{&amp;escapedquot;isPaid&amp;escapedquot;:true},&amp;escapedquot;href&amp;escapedquot;:&amp;escapedquot;\/internationales\/wut-uber-die-kosten-des-krieges-wie-sehr-spuren-us-amerikaner-trumps-feldzug-im-iran-15481364.html&amp;escapedquot;,&amp;escapedquot;teaserTitle&amp;escapedquot;:{&amp;escapedquot;kicker&amp;escapedquot;:&amp;escapedquot;Sogar unter Trump-Fans w\u00e4chst der Frust&amp;escapedquot;,&amp;escapedquot;headline&amp;escapedquot;:&amp;escapedquot;So sehr sp\u00fcren US-Amerikaner die Folgekosten des Iran-Krieges&amp;escapedquot;},&amp;escapedquot;id&amp;escapedquot;:&amp;escapedquot;15481364&amp;escapedquot;,&amp;escapedquot;type&amp;escapedquot;:&amp;escapedquot;story&amp;escapedquot;},&amp;escapedquot;isPartOfList&amp;escapedquot;:true,&amp;escapedquot;topicListType&amp;escapedquot;:&amp;escapedquot;topic-list&amp;escapedquot;},&amp;escapedquot;showArrow&amp;escapedquot;:true}\" data-hydrate-slots=\"{&#039;default&#039;:[]}\" class=\"tspCWqt tspCYq0\" rel=\"nofollow noopener\" target=\"_blank\">Sogar unter Trump-Fans w\u00e4chst der Frust So sehr sp\u00fcren US-Amerikaner die Folgekosten des Iran-Krieges <\/a><a href=\"https:\/\/www.tagesspiegel.de\/internationales\/trumps-gefahrlicher-chef-ideologe-um-stephen-miller-ist-es-plotzlich-still--hat-er-es-ubertrieben-15593626.html?icid=topic-list_15629133___\" data-gtm-class=\"article-mzt-link\" data-hydrate-fingerprint=\"09740a54944caac75fd2c0c63fd5c5df\" data-hydrate-props=\"{&amp;escapedquot;element&amp;escapedquot;:{&amp;escapedquot;type&amp;escapedquot;:&amp;escapedquot;relatedContent&amp;escapedquot;,&amp;escapedquot;fieldMap&amp;escapedquot;:{},&amp;escapedquot;relation&amp;escapedquot;:{&amp;escapedquot;fields&amp;escapedquot;:{&amp;escapedquot;isPaid&amp;escapedquot;:true},&amp;escapedquot;href&amp;escapedquot;:&amp;escapedquot;\/internationales\/trumps-gefahrlicher-chef-ideologe-um-stephen-miller-ist-es-plotzlich-still--hat-er-es-ubertrieben-15593626.html&amp;escapedquot;,&amp;escapedquot;teaserTitle&amp;escapedquot;:{&amp;escapedquot;kicker&amp;escapedquot;:&amp;escapedquot;Trumps gef\u00e4hrlicher Chefideologe&amp;escapedquot;,&amp;escapedquot;headline&amp;escapedquot;:&amp;escapedquot;Um Stephen Miller ist es pl\u00f6tzlich still\u00a0\u2013 hat er es \u00fcbertrieben?&amp;escapedquot;},&amp;escapedquot;id&amp;escapedquot;:&amp;escapedquot;15593626&amp;escapedquot;,&amp;escapedquot;type&amp;escapedquot;:&amp;escapedquot;story&amp;escapedquot;},&amp;escapedquot;isPartOfList&amp;escapedquot;:true,&amp;escapedquot;topicListType&amp;escapedquot;:&amp;escapedquot;topic-list&amp;escapedquot;},&amp;escapedquot;showArrow&amp;escapedquot;:true}\" data-hydrate-slots=\"{&#039;default&#039;:[]}\" class=\"tspCWqt tspCYq0\" rel=\"nofollow noopener\" target=\"_blank\">Trumps gef\u00e4hrlicher Chefideologe Um Stephen Miller ist es pl\u00f6tzlich still\u00a0\u2013 hat er es \u00fcbertrieben? <\/a><\/p>\n<p class=\"tspCHpa\">Dies scheint Trump in Kauf zu nehmen. Paxton ist sein Kandidat\u00a0\u2013 und die Siege seiner Maga-Leute bei anderen Wahlen geben ihm recht. Ob diese aber auch im November erfolgreich sein werden, wird sich zeigen m\u00fcssen. <\/p>\n<p class=\"tspCHpa\">Zun\u00e4chst aber z\u00e4hlt f\u00fcr den Pr\u00e4sidenten die Machtdemonstration. Matthew Wilson ist sich sicher: \u201eDie Stichwahl in Texas wird ein Test daf\u00fcr sein, wie gro\u00df Trumps Kontrolle \u00fcber die Republikanische Partei noch ist.\u201c<\/p>\n","protected":false},"excerpt":{"rendered":"Thomas Massie bekam Donald Trumps Zorn direkt zu sp\u00fcren. So direkt, dass er sich im November nach 14&hellip;\n","protected":false},"author":2,"featured_media":1046784,"comment_status":"","ping_status":"","sticky":false,"template":"","format":"standard","meta":{"footnotes":"","_share_on_mastodon":"0"},"categories":[5],"tags":[331,332,3364,29,106,30,13,23542,23778,14,15,12,3351,2984,4143,64],"class_list":["post-1046783","post","type-post","status-publish","format-standard","has-post-thumbnail","category-nachrichten","tag-aktuelle-nachrichten","tag-aktuelle-news","tag-de","tag-deutschland","tag-donald-trump","tag-germany","tag-headlines","tag-jeffrey-epstein","tag-kandidatenaufstellung","tag-nachrichten","tag-news","tag-schlagzeilen","tag-us-demokraten","tag-us-republikaner","tag-us-wahl","tag-usa"],"share_on_mastodon":{"url":"https:\/\/pubeurope.com\/@de\/116639352038910534","error":""},"_links":{"self":[{"href":"https:\/\/www.europesays.com\/de\/wp-json\/wp\/v2\/posts\/1046783","targetHints":{"allow":["GET"]}}],"collection":[{"href":"https:\/\/www.europesays.com\/de\/wp-json\/wp\/v2\/posts"}],"about":[{"href":"https:\/\/www.europesays.com\/de\/wp-json\/wp\/v2\/types\/post"}],"author":[{"embeddable":true,"href":"https:\/\/www.europesays.com\/de\/wp-json\/wp\/v2\/users\/2"}],"replies":[{"embeddable":true,"href":"https:\/\/www.europesays.com\/de\/wp-json\/wp\/v2\/comments?post=1046783"}],"version-history":[{"count":0,"href":"https:\/\/www.europesays.com\/de\/wp-json\/wp\/v2\/posts\/1046783\/revisions"}],"wp:featuredmedia":[{"embeddable":true,"href":"https:\/\/www.europesays.com\/de\/wp-json\/wp\/v2\/media\/1046784"}],"wp:attachment":[{"href":"https:\/\/www.europesays.com\/de\/wp-json\/wp\/v2\/media?parent=1046783"}],"wp:term":[{"taxonomy":"category","embeddable":true,"href":"https:\/\/www.europesays.com\/de\/wp-json\/wp\/v2\/categories?post=1046783"},{"taxonomy":"post_tag","embeddable":true,"href":"https:\/\/www.europesays.com\/de\/wp-json\/wp\/v2\/tags?post=1046783"}],"curies":[{"name":"wp","href":"https:\/\/api.w.org\/{rel}","templated":true}]}}