{"id":1046829,"date":"2026-05-26T06:26:18","date_gmt":"2026-05-26T06:26:18","guid":{"rendered":"https:\/\/www.europesays.com\/de\/1046829\/"},"modified":"2026-05-26T06:26:18","modified_gmt":"2026-05-26T06:26:18","slug":"eintracht-frankfurt-adi-huetter-top-kandidat-als-neuer-trainer","status":"publish","type":"post","link":"https:\/\/www.europesays.com\/de\/1046829\/","title":{"rendered":"Eintracht Frankfurt: Adi H\u00fctter Top-Kandidat als neuer Trainer"},"content":{"rendered":"<p>Trainersuche der Eintracht <\/p>\n<p>Dieser Coach gilt als Favorit auf den Frankfurter Trainerposten<\/p>\n<p>26.05.2026 &#8211; 07:51 UhrLesedauer: 1 Min.<\/p>\n<p><a href=\"#focus-0\" class=\"transition-colors duration-200 block text-current relative\" data-sctrack=\"FocusGalleryImage.Reference\"><img fetchpriority=\"high\" data-testid=\"Opener.Image\"   loading=\"eager\" src=\"https:\/\/www.europesays.com\/de\/wp-content\/uploads\/2026\/05\/adi-huetter-soll-der-top-kandidat-als-neuer-trainer-bei-eintracht-frankfurt-sein-archivbild.jpg\" alt=\"Adi H\u00fctter\" title=\"Adi H\u00fctter\" width=\"2048\" height=\"1152\" class=\"bg-[url:var(--lqipURL)] bg-cover bg-center flex h-full w-full max-w-full\" style=\"--lqipURL:url('https:\/\/images.t-online.de\/2026\/05\/K1E18vAoB3uo\/0x169:2048x1152\/fit-in\/150x0\/filters:blur(25)\/adi-huetter-soll-der-top-kandidat-als-neuer-trainer-bei-eintracht-frankfurt-sein-archivbild.jpg')\" decoding=\"async\"\/><img loading=\"lazy\" src=\"https:\/\/frankfurt.t-online.de\/s\/paper\/_next\/static\/media\/zoom-in.f7dae02f.svg\" alt=\"Vergr\u00f6\u00dfern des Bildes\" title=\"Vergr\u00f6\u00dfern des Bildes\" class=\"block h-[calc(var(--height)_\/_16_*_1rem)] w-[calc(var(--width)_\/_16_*_1rem)] max-w-none absolute bottom-8 right-8 rounded-4 bg-snow p-8\" style=\"--width:32;--height:32\" decoding=\"async\"\/><\/a><\/p>\n<p>Adi H\u00fctter soll der Top-Kandidat als neuer Trainer bei Eintracht Frankfurt sein. (Archivbild) (Quelle: Arne Dedert\/dpa\/dpa-bilder)<\/p>\n<p class=\"font-bold text-18 leading-17 user-text-lg:text-22 user-text-xl:text-24\">Laut einem Bericht ist ein alter Bekannter der Top-Kandidat \u2013 eine Einigung soll es aber noch nicht geben. Sportvorstand Kr\u00f6sche \u00e4u\u00dfert sich nicht.<\/p>\n<p class=\"text-18 leading-17 user-text-lg:text-22 user-text-xl:text-24\">Adi H\u00fctter ist nach Informationen des Fachmagazins &#8222;Kicker&#8220; der Top-Kandidat f\u00fcr den vakanten Trainerposten bei <a class=\"transition-colors duration-200 cursor-pointer text-inherit no-underline text-salemsfur md:hover:text-magenta md:hover:border-magenta md:focus:text-magenta border-current border-b border-solid break-words\" data-tracking=\"{&quot;action&quot;:&quot;click&quot;,&quot;category&quot;:&quot;intextLink&quot;,&quot;label&quot;:&quot;https:\/\/www.t-online.de\/themen\/eintracht-frankfurt\/&quot;}\" href=\"https:\/\/www.t-online.de\/themen\/eintracht-frankfurt\/\" data-sctrack=\"BodyAnchor\" rel=\"nofollow noopener\" target=\"_blank\">Eintracht Frankfurt<\/a>. Eine Einigung soll es bislang nicht geben. Laut &#8222;Kicker&#8220; soll Frankfurts Sportvorstand Markus Kr\u00f6sche den \u00d6sterreicher k\u00fcrzlich auf Mallorca getroffen haben. Auf Nachfrage wollte sich Kr\u00f6sche dazu nicht \u00e4u\u00dfern.<\/p>\n<p class=\"text-18 leading-17 user-text-lg:text-22 user-text-xl:text-24\">H\u00fctter trainierte die Eintracht bereits von 2018 bis 2021 und f\u00fchrte den Verein 2019 ins Halbfinale der Europa League. Zuletzt arbeitete er bei der AS Monaco, wo er im Oktober 2025 entlassen wurde.<\/p>\n","protected":false},"excerpt":{"rendered":"Trainersuche der Eintracht Dieser Coach gilt als Favorit auf den Frankfurter Trainerposten 26.05.2026 &#8211; 07:51 UhrLesedauer: 1 Min.&hellip;\n","protected":false},"author":2,"featured_media":1046830,"comment_status":"","ping_status":"","sticky":false,"template":"","format":"standard","meta":{"footnotes":"","_share_on_mastodon":"0"},"categories":[1829],"tags":[722,17161,67395,29,460,2050,2051,30,2052,474,98979,53706],"class_list":["post-1046829","post","type-post","status-publish","format-standard","has-post-thumbnail","category-frankfurt-am-main","tag-722","tag-17161","tag-adi-huetter","tag-deutschland","tag-eintracht-frankfurt","tag-frankfurt","tag-frankfurt-am-main","tag-germany","tag-hessen","tag-mallorca","tag-markus-kroesche","tag-trainersuche"],"share_on_mastodon":{"url":"https:\/\/pubeurope.com\/@de\/116639459517596084","error":""},"_links":{"self":[{"href":"https:\/\/www.europesays.com\/de\/wp-json\/wp\/v2\/posts\/1046829","targetHints":{"allow":["GET"]}}],"collection":[{"href":"https:\/\/www.europesays.com\/de\/wp-json\/wp\/v2\/posts"}],"about":[{"href":"https:\/\/www.europesays.com\/de\/wp-json\/wp\/v2\/types\/post"}],"author":[{"embeddable":true,"href":"https:\/\/www.europesays.com\/de\/wp-json\/wp\/v2\/users\/2"}],"replies":[{"embeddable":true,"href":"https:\/\/www.europesays.com\/de\/wp-json\/wp\/v2\/comments?post=1046829"}],"version-history":[{"count":0,"href":"https:\/\/www.europesays.com\/de\/wp-json\/wp\/v2\/posts\/1046829\/revisions"}],"wp:featuredmedia":[{"embeddable":true,"href":"https:\/\/www.europesays.com\/de\/wp-json\/wp\/v2\/media\/1046830"}],"wp:attachment":[{"href":"https:\/\/www.europesays.com\/de\/wp-json\/wp\/v2\/media?parent=1046829"}],"wp:term":[{"taxonomy":"category","embeddable":true,"href":"https:\/\/www.europesays.com\/de\/wp-json\/wp\/v2\/categories?post=1046829"},{"taxonomy":"post_tag","embeddable":true,"href":"https:\/\/www.europesays.com\/de\/wp-json\/wp\/v2\/tags?post=1046829"}],"curies":[{"name":"wp","href":"https:\/\/api.w.org\/{rel}","templated":true}]}}