{"id":1046927,"date":"2026-05-26T07:25:40","date_gmt":"2026-05-26T07:25:40","guid":{"rendered":"https:\/\/www.europesays.com\/de\/1046927\/"},"modified":"2026-05-26T07:25:40","modified_gmt":"2026-05-26T07:25:40","slug":"moskau-droht-ukraine-und-eu-botschaft-bleiben-standhaft","status":"publish","type":"post","link":"https:\/\/www.europesays.com\/de\/1046927\/","title":{"rendered":"Moskau droht \u2013 Ukraine und EU-Botschaft bleiben standhaft"},"content":{"rendered":"<p class=\"tracking-tight font-semibold text-base\" q:key=\"O8_0\">Ukraine und EU-Vertretung zeigen sich von Drohungen aus Moskau unbeeindruckt: Russlands Forderung, Kiew zu verlassen, wird klar zur\u00fcckgewiesen.<\/p>\n<p><img onload=\"this.style.backgroundColor = ''\" loading=\"eager\" fetchpriority=\"high\" decoding=\"sync\" height=\"450\" alt=\"Kiew moskau\" width=\"900\"  style=\"aspect-ratio:2;object-fit:cover;background-color:#938F91\"  src=\"https:\/\/www.europesays.com\/de\/wp-content\/uploads\/2026\/05\/kiew-moskau.jpg\" class=\"rounded-xl mx-auto\" on:load=\"q-Bumj2Yqw.js#s_pVFDuJsFGxQ\"\/>Moskau hatte seinen Aufruf zum Verlassen Kiews mit dem Schutz ausl\u00e4ndischer Staatsb\u00fcrger vor bevorstehenden Angriffen begr\u00fcndet. (Archivbild) &#8211; keystone<\/p>\n<p preventdefault:click=\"\" lang=\"de\" class=\"text-base hyphens-auto\" on:click=\"q-M3ZiWvei.js#s_Dola2XqN0FU[0 1]\" q:key=\"YR_0\" q:id=\"7u\">Russland hat am Montag Ausl\u00e4nder und Diplomaten aufgefordert, Kiew so rasch wie m\u00f6glich zu verlassen. Moskau k\u00fcndigte laut dem \u00abTagesspiegel\u00bb systematische Schl\u00e4ge gegen milit\u00e4rische und politische Entscheidungszentren in Kiew an.<\/p>\n<p preventdefault:click=\"\" lang=\"de\" class=\"text-base hyphens-auto\" on:click=\"q-M3ZiWvei.js#s_Dola2XqN0FU[0 1]\" q:key=\"YR_0\" q:id=\"7w\">Das Aussenministerium warnte ausl\u00e4ndische Staatsb\u00fcrger, Botschaftspersonal und Mitarbeiter internationaler Organisationen ausdr\u00fccklich vor einem Verbleib in der Stadt. Russland bezeichnete <a href=\"https:\/\/www.nau.ch\/politik\/international\/russland-droht-mit-neuer-attacke-gegen-kiew-67131997\" rel=\"nofollow noopener\" target=\"_blank\">die angek\u00fcndigten Angriffe<\/a> als Vergeltung f\u00fcr ukrainische Attacken gegen eigene Zivilisten, berichtet \u00abT-Online\u00bb.<\/p>\n<p>Ist Frieden im Ukraine-Krieg absehbar?<\/p>\n<p>1Ja<\/p>\n<p>2Nein<\/p>\n<p preventdefault:click=\"\" lang=\"de\" class=\"text-base hyphens-auto\" on:click=\"q-M3ZiWvei.js#s_Dola2XqN0FU[0 1]\" q:key=\"YR_0\" q:id=\"86\">Aussenminister Sergej Lawrow rechtfertigte das Vorgehen in einem Gespr\u00e4ch mit seinem US-Kollegen Marco Rubio als Reaktion auf angebliche ukrainische Angriffe. Die Ukraine bestritt jedoch, Wohngebiete in der von Moskau besetzten Stadt Starobilsk absichtlich angegriffen zu haben.<\/p>\n<p>Kiew und Br\u00fcssel trotzen der Einsch\u00fcchterung aus Moskau<\/p>\n<p preventdefault:click=\"\" lang=\"de\" class=\"text-base hyphens-auto\" on:click=\"q-M3ZiWvei.js#s_Dola2XqN0FU[0 1]\" q:key=\"YR_0\" q:id=\"88\">Ungeachtet dieser Drohungen wollen die Ukraine und die EU-Vertretung in Kiew standhaft bleiben, wie die \u00abTiroler Tageszeitung\u00bb meldet. Die Leiterin des EU-B\u00fcros in Kiew, Katarina Mathernova, betonte, die Vertretung werde die ukrainische Hauptstadt nicht verlassen.<\/p>\n<p preventdefault:click=\"\" lang=\"de\" class=\"text-base hyphens-auto\" on:click=\"q-M3ZiWvei.js#s_Dola2XqN0FU[0 1]\" q:key=\"YR_0\" q:id=\"8a\">Mathernova warf Moskau vor, mit seinen Warnungen lediglich Panik s\u00e4en und die Ukraine von ihren Verb\u00fcndeten isolieren zu wollen. Auch der ukrainische Aussenminister Andrij Sybiha rief die Verb\u00fcndeten auf, sich der russischen Erpressung nicht zu beugen.<\/p>\n<p preventdefault:click=\"\" lang=\"de\" class=\"text-base hyphens-auto\" on:click=\"q-M3ZiWvei.js#s_Dola2XqN0FU[0 1]\" q:key=\"YR_0\" q:id=\"8c\">Rubio betonte laut \u00abT-Online\u00bb, jeder <a href=\"https:\/\/www.nau.ch\/politik\/international\/russland-unter-internationalem-druck-nach-oreschnik-einsatz-67131798\" rel=\"nofollow noopener\" target=\"_blank\">dieser massiven Angriffe<\/a> sei eine Erinnerung daran, weshalb dieser <a href=\"https:\/\/www.nau.ch\/news\/krieg\" rel=\"nofollow noopener\" target=\"_blank\">Krieg<\/a> beendet werden m\u00fcsse. Die USA erkl\u00e4rten sich bereit, alles in ihrer Macht Stehende zu tun, um das Kriegsende zu erm\u00f6glichen.<\/p>\n<p>Schwere Angriffe auf ukrainische St\u00e4dte<\/p>\n<p preventdefault:click=\"\" lang=\"de\" class=\"text-base hyphens-auto\" on:click=\"q-M3ZiWvei.js#s_Dola2XqN0FU[0 1]\" q:key=\"YR_0\" q:id=\"8e\">In der Nacht zu Sonntag hatte Russland die Ukraine bereits mit rund <a href=\"https:\/\/www.nau.ch\/politik\/international\/moskaus-angriff-halt-kiew-in-atem-67131966\" rel=\"nofollow noopener\" target=\"_blank\">600 Drohnen und 90 Raketen<\/a> angegriffen, berichtet \u00abT-Online\u00bb.<\/p>\n<p><img onload=\"this.style.backgroundColor = ''\" loading=\"lazy\" decoding=\"async\" height=\"450\" alt=\"kiew moskau\" width=\"900\"  style=\"aspect-ratio:2;object-fit:cover;background-color:#4B4A46\"  src=\"https:\/\/www.europesays.com\/de\/wp-content\/uploads\/2026\/05\/1779780340_10_kiew-moskau.jpg\" class=\"rounded-xl mx-auto\" on:load=\"q-Bumj2Yqw.js#s_pVFDuJsFGxQ\"\/>Ein zerst\u00f6rtes Geb\u00e4ude nach einem Angriff in Kiew. Moskau k\u00fcndigte systematische Angriffe auf milit\u00e4rische und politische Entscheidungszentren an. (Archivbild) &#8211; keystone<\/p>\n<p preventdefault:click=\"\" lang=\"de\" class=\"text-base hyphens-auto\" on:click=\"q-M3ZiWvei.js#s_Dola2XqN0FU[0 1]\" q:key=\"YR_0\" q:id=\"8j\">Besonders schwer getroffen wurde Kiew, wo nach Beh\u00f6rdenangaben mindestens zwei Menschen get\u00f6tet und Dutzende verletzt wurden.<\/p>\n<p preventdefault:click=\"\" lang=\"de\" class=\"text-base hyphens-auto\" on:click=\"q-M3ZiWvei.js#s_Dola2XqN0FU[0 1]\" q:key=\"YR_0\" q:id=\"8l\">Am Montag und Dienstag folgten erneute schwere Angriffe auf Kramatorsk im Gebiet Donezk, darunter gelenkter Gleitbombeneinsatz. Dabei wurden laut dem \u00abTagesspiegel\u00bb erneut Zivilisten verletzt, unter ihnen auch ein achtj\u00e4hriges Kind.<\/p>\n","protected":false},"excerpt":{"rendered":"Ukraine und EU-Vertretung zeigen sich von Drohungen aus Moskau unbeeindruckt: Russlands Forderung, Kiew zu verlassen, wird klar zur\u00fcckgewiesen.&hellip;\n","protected":false},"author":2,"featured_media":1046928,"comment_status":"","ping_status":"","sticky":false,"template":"","format":"standard","meta":{"footnotes":"","_share_on_mastodon":"0"},"categories":[3933],"tags":[331,332,2140,1660,548,663,158,3934,3935,13,5793,4046,308,14,15,307,12,317,73880],"class_list":["post-1046927","post","type-post","status-publish","format-standard","has-post-thumbnail","category-eu","tag-aktuelle-nachrichten","tag-aktuelle-news","tag-angriff","tag-drohung","tag-eu","tag-europa","tag-europaeische-union","tag-europe","tag-european-union","tag-headlines","tag-kiew","tag-krieg","tag-moskau","tag-nachrichten","tag-news","tag-russland","tag-schlagzeilen","tag-ukraine","tag-vergeltung"],"share_on_mastodon":{"url":"https:\/\/pubeurope.com\/@de\/116639691328072957","error":""},"_links":{"self":[{"href":"https:\/\/www.europesays.com\/de\/wp-json\/wp\/v2\/posts\/1046927","targetHints":{"allow":["GET"]}}],"collection":[{"href":"https:\/\/www.europesays.com\/de\/wp-json\/wp\/v2\/posts"}],"about":[{"href":"https:\/\/www.europesays.com\/de\/wp-json\/wp\/v2\/types\/post"}],"author":[{"embeddable":true,"href":"https:\/\/www.europesays.com\/de\/wp-json\/wp\/v2\/users\/2"}],"replies":[{"embeddable":true,"href":"https:\/\/www.europesays.com\/de\/wp-json\/wp\/v2\/comments?post=1046927"}],"version-history":[{"count":0,"href":"https:\/\/www.europesays.com\/de\/wp-json\/wp\/v2\/posts\/1046927\/revisions"}],"wp:featuredmedia":[{"embeddable":true,"href":"https:\/\/www.europesays.com\/de\/wp-json\/wp\/v2\/media\/1046928"}],"wp:attachment":[{"href":"https:\/\/www.europesays.com\/de\/wp-json\/wp\/v2\/media?parent=1046927"}],"wp:term":[{"taxonomy":"category","embeddable":true,"href":"https:\/\/www.europesays.com\/de\/wp-json\/wp\/v2\/categories?post=1046927"},{"taxonomy":"post_tag","embeddable":true,"href":"https:\/\/www.europesays.com\/de\/wp-json\/wp\/v2\/tags?post=1046927"}],"curies":[{"name":"wp","href":"https:\/\/api.w.org\/{rel}","templated":true}]}}