{"id":1047022,"date":"2026-05-26T08:23:32","date_gmt":"2026-05-26T08:23:32","guid":{"rendered":"https:\/\/www.europesays.com\/de\/1047022\/"},"modified":"2026-05-26T08:23:32","modified_gmt":"2026-05-26T08:23:32","slug":"kiel-zuendet-signal-fuer-olympia-segler","status":"publish","type":"post","link":"https:\/\/www.europesays.com\/de\/1047022\/","title":{"rendered":"Kiel z\u00fcndet Signal f\u00fcr Olympia-Segler"},"content":{"rendered":"<p class=\"has-link\">Freitagnachmittag vor Pfingsten im Olympiazentrum Schilksee: Bootstransporte aus ganz Nordeuropa str\u00f6men ins Hafenvorfeld. Jollen werden aufgebaut, Trainingsgruppen gehen hinaus auf die Kieler F\u00f6rde. Es ist der Tag vor der YES-Regatta, der Leistungsschau der europ\u00e4ischen Segeljugend. Inmitten des Get\u00fcmmels: die Taufe eines neuen Coachbootes.<\/p>\n<p class=\"has-link\">So weit, so normal. Doch die Kumulation an sportpolitischer, politischer und wirtschaftlicher Kompetenz vor Ort zeigt: Hier geht es um mehr als einen frischen Namenszug auf einem Schlaucher. Hier geht es um ein Statement!<\/p>\n<p class=\"has-link\">Getauft wird das Boot von der Pr\u00e4sidentin des Landessportverbands (LSV) Schleswig-Holstein, Barbara Ostmeier. Vertreten ist der LSV mit weiteren Mitgliedern des Vorstands und der Gesch\u00e4ftsf\u00fchrung. Die Landesregierung schickt ihren Innen-Staatssekret\u00e4r S\u00f6nke Schulz, die Stadt Kiel den B\u00fcrgermeister Gerwin St\u00f6cken, die IHK Kiel ihren Gesch\u00e4ftsbereichsleiter und Olympiabotschafter Thore Hansen.<\/p>\n<p><img data-recalc-dims=\"1\" decoding=\"async\" class=\"lazy size-full wp-image-210653\" src=\"https:\/\/www.europesays.com\/de\/wp-content\/uploads\/2026\/05\/2026-05-23-neues-boot-und-prominenz.jpg\" alt=\"\" width=\"680\" height=\"453\" loading=\"lazy\"  \/><\/p>\n<p>Das Land Schleswig-Holstein, die Stadt Kiel, die IHK und Landessegelverb\u00e4nde freuen sich \u00fcber das neue Boot und den Schub f\u00fcr die Olympiabewerbung Kiels \u00a9 Christian Beeck<\/p>\n<p class=\"has-link\">Dazu sind die Pr\u00e4sidenten mehrerer Landessegelverb\u00e4nde, Vorst\u00e4nde von leistungssportorientierten Clubs, Trainer, Kader- und Spitzensportler aus Schleswig-Holstein vertreten. Kiel pr\u00e4sentiert sich als das Zentrum des deutschen Segelsports, will zeigen: F\u00fcr Olympia in Deutschland ist die <a class=\"is-link\" href=\"https:\/\/floatmagazin.de\/leute\/kiel-sendet-klares-signal-pro-olympia\/\" target=\"_blank\" rel=\"noopener nofollow\">Sailing City der Standort<\/a>.<\/p>\n<p>Geist von 1972 f\u00fcr die Spiele der Zukunft<\/p>\n<p class=\"has-link\">Zwei Stunden zuvor in Falckenstein, ein Steinwurf vom Olympiazentrum entfernt. Im ehemaligen olympischen Jugenddorf von 1972 f\u00fchrt Baptiste Bockelmann, Gesch\u00e4ftsf\u00fchrer des Vereins Kieler Jugenderholung, eine Delegation von Vertretern aus Landessegelverb\u00e4nden \u00fcber eine Gro\u00dfbaustelle. Die 37 Zeltdachh\u00e4user von 1972 werden in zwei Bauabschnitten aufw\u00e4ndig renoviert und in einen zeitgem\u00e4\u00dfen Zustand versetzt.<\/p>\n<p><img data-recalc-dims=\"1\" decoding=\"async\" class=\"lazy size-full wp-image-210652\" src=\"https:\/\/www.europesays.com\/de\/wp-content\/uploads\/2026\/05\/2026-05-23-grundlagenvertrag.jpg\" alt=\"\" width=\"680\" height=\"453\" loading=\"lazy\"  \/><\/p>\n<p>\u00dcber die Unterzeichnung des Grundlagenvertrags freuen sich (von links): Eckhard Jacobs (Innenministerium SH), Baptiste Bockelmann (Verein Kieler Jugenderholung), Oliver Kosanke (Hamburger Segelverband), Bernd Hassenj\u00fcrgen (Bayerischer Segelverband), Jan-Dirk Tenge (Seglerverband SH), Gerwin St\u00f6cken (B\u00fcrgermeister Kiel) und Till W\u00f6llenweber (Landessportverband SH) \u00a9 Christian Beeck<\/p>\n<p class=\"has-link\">Im August soll es ein Soft-Opening geben, dann werden die ersten H\u00e4user bezugsfertig sein. Ab 2027 startet man im Jugenddorf wieder durch und kann, wenn alle H\u00e4user fertig sind, fast 400 Kindern und Jugendlichen Unterkunft bieten. Die Landessegelverb\u00e4nde aus Bayern, Nordrhein-Westfalen, Niedersachsen, Bremen, Hamburg und Schleswig-Holstein haben sich in Kooperation mit dem Verein Kieler Jugenderholung schon die M\u00f6glichkeit gesichert, f\u00fcr Trainingslager und Regatten hier ihre Sportlerinnen und Sportler unterbringen zu k\u00f6nnen.<\/p>\n<p><img data-recalc-dims=\"1\" decoding=\"async\" class=\"lazy size-full wp-image-210659\" src=\"https:\/\/www.europesays.com\/de\/wp-content\/uploads\/2026\/05\/2026-05-23-falckenstein-rundgang.jpg\" alt=\"\" width=\"680\" height=\"453\" loading=\"lazy\"  \/><\/p>\n<p>Beim Rundgang machen sich die Vertreter der Landessegelverb\u00e4nde ein Bild von den Bauten \u00a9 Christian Beeck<\/p>\n<p class=\"has-link\">Auf dem Areal des Jugenddorfs unterzeichnen die Landesvorsitzenden einen Grundlagenvertrag. Sie legen damit den Grundstein f\u00fcr eine gemeinsame Trainingsbasis in Kiel. Rund um das Olympiazentrum Schilksee soll die Infrastruktur f\u00fcr gezielte Nachwuchsf\u00f6rderung mit Blick auf die Olympischen Spiele 2036, 2040 oder 2044 geschaffen werden.<\/p>\n<p><img data-recalc-dims=\"1\" decoding=\"async\" class=\"lazy size-full wp-image-210655\" src=\"https:\/\/www.europesays.com\/de\/wp-content\/uploads\/2026\/05\/2026-05-23-zelthaus-innen.jpg\" alt=\"\" width=\"680\" height=\"453\" loading=\"lazy\"  \/><\/p>\n<p>So sollen die H\u00e4user k\u00fcnftig gestaltet werden \u00a9 Verein Kieler Jugenderholung<\/p>\n<p class=\"has-link\">Das Ziel ist die Ausbildung und F\u00f6rderung von Nachwuchskadern (NK 1 und NK 2), um den \u00dcbergang in den Bundeskader am DSV-Bundesst\u00fctzpunkt zu optimieren. Unterst\u00fctzt werden die Unterzeichner von den leistungsorientierten Vereinen Bayerischer Yacht-Club, Blankeneser SC, Kieler Yacht-Club, M\u00fchlenberger SC und Norddeutscher Regatta-Verein. Damit ist die Basis gelegt f\u00fcr den Nachwuchsleistungssportst\u00fctzpunkt Segeln in Kiel.<\/p>\n<p>Vertretung von 70 Prozent der Segler<\/p>\n<p class=\"has-link\">Es ist geballte Kraft, die sich hinter Kiel stellt. Denn die bis jetzt zusammengeschlossenen Landesverb\u00e4nde repr\u00e4sentieren rund 125.000 und damit rund 70 Prozent der organisierten Seglerinnen und Segler in Deutschland. Die Aufnahme weiterer Landessegelverb\u00e4nde in die Kooperation ist angestrebt.<\/p>\n<p class=\"has-link\">\u201eDass sich die f\u00fcnf Landessegelverb\u00e4nde gemeinsam hinter den Segelstandort Kiel-Schilksee stellen bekr\u00e4ftigt, welches Potenzial hier vorhanden ist. Mit Blick auf m\u00f6gliche Olympische und Paralympische Spiele in Deutschland zeigt dieser Schritt deutlich, dass an Kiel.Sailing.City kein Weg vorbeif\u00fchrt\u201c, freut sich Gerwin St\u00f6cken, B\u00fcrgermeister in der Landeshauptstadt, \u00fcber die Kooperation.<\/p>\n<p><img data-recalc-dims=\"1\" decoding=\"async\" class=\"lazy size-full wp-image-210651\" src=\"https:\/\/www.europesays.com\/de\/wp-content\/uploads\/2026\/05\/2026-05-23-grundlagenvertrag-unterzeichnung.jpg\" alt=\"\" width=\"680\" height=\"453\" loading=\"lazy\"  \/><\/p>\n<p>Oliver Kosanke (Hamburg), Bernd Hassenj\u00fcrgen (Bayern) und Jan-Dirk Tenge (SH, von links) bei der Vertragsunterzeichnung \u00a9 Christian Beeck<\/p>\n<p class=\"has-link\">Grundlage der Initiative ist die Erkenntnis, dass Seglerinnen und Segler vor Kiel ideale Revierverh\u00e4ltnisse und Kooperationsm\u00f6glichkeiten vorfinden, um sich auf h\u00f6chstklassige Regatten und Meisterschaften vorzubereiten.<\/p>\n<p class=\"has-link\">Zudem besteht mit dem Olympiazentrum von 1972 die infrastrukturelle Basis f\u00fcr Trainingslager und die Regattavorbereitung.<\/p>\n<p>                <a class=\"prev\" href=\"https:\/\/floatmagazin.de\/leute\/philipp-buhl-gewinnt-em-silber-und-ist-zurueck-im-dsv-kader\/\" rel=\"nofollow noopener\" target=\"_blank\"><\/p>\n<p>\n                            Vorheriger Artikel:<br \/>\n                            Philipp Buhl gewinnt EM-Silber und ist zur\u00fcck im Kader\n                        <\/p>\n<p>            <\/a><\/p>\n","protected":false},"excerpt":{"rendered":"Freitagnachmittag vor Pfingsten im Olympiazentrum Schilksee: Bootstransporte aus ganz Nordeuropa str\u00f6men ins Hafenvorfeld. Jollen werden aufgebaut, Trainingsgruppen gehen&hellip;\n","protected":false},"author":2,"featured_media":1047023,"comment_status":"","ping_status":"","sticky":false,"template":"","format":"standard","meta":{"footnotes":"","_share_on_mastodon":"0"},"categories":[1852],"tags":[3364,29,31894,548,663,3934,30,13,4949,224097,224098,14,15,224099,656,49563,12,1971],"class_list":["post-1047022","post","type-post","status-publish","format-standard","has-post-thumbnail","category-kiel","tag-de","tag-deutschland","tag-dsv","tag-eu","tag-europa","tag-europe","tag-germany","tag-headlines","tag-kiel","tag-kieler-yacht-club","tag-landessportverband-schleswig-holstein","tag-nachrichten","tag-news","tag-norddeutscher-regatta-verein","tag-olympia","tag-schilksee","tag-schlagzeilen","tag-schleswig-holstein"],"share_on_mastodon":{"url":"https:\/\/pubeurope.com\/@de\/116639919690819404","error":""},"_links":{"self":[{"href":"https:\/\/www.europesays.com\/de\/wp-json\/wp\/v2\/posts\/1047022","targetHints":{"allow":["GET"]}}],"collection":[{"href":"https:\/\/www.europesays.com\/de\/wp-json\/wp\/v2\/posts"}],"about":[{"href":"https:\/\/www.europesays.com\/de\/wp-json\/wp\/v2\/types\/post"}],"author":[{"embeddable":true,"href":"https:\/\/www.europesays.com\/de\/wp-json\/wp\/v2\/users\/2"}],"replies":[{"embeddable":true,"href":"https:\/\/www.europesays.com\/de\/wp-json\/wp\/v2\/comments?post=1047022"}],"version-history":[{"count":0,"href":"https:\/\/www.europesays.com\/de\/wp-json\/wp\/v2\/posts\/1047022\/revisions"}],"wp:featuredmedia":[{"embeddable":true,"href":"https:\/\/www.europesays.com\/de\/wp-json\/wp\/v2\/media\/1047023"}],"wp:attachment":[{"href":"https:\/\/www.europesays.com\/de\/wp-json\/wp\/v2\/media?parent=1047022"}],"wp:term":[{"taxonomy":"category","embeddable":true,"href":"https:\/\/www.europesays.com\/de\/wp-json\/wp\/v2\/categories?post=1047022"},{"taxonomy":"post_tag","embeddable":true,"href":"https:\/\/www.europesays.com\/de\/wp-json\/wp\/v2\/tags?post=1047022"}],"curies":[{"name":"wp","href":"https:\/\/api.w.org\/{rel}","templated":true}]}}