{"id":1047024,"date":"2026-05-26T08:24:16","date_gmt":"2026-05-26T08:24:16","guid":{"rendered":"https:\/\/www.europesays.com\/de\/1047024\/"},"modified":"2026-05-26T08:24:16","modified_gmt":"2026-05-26T08:24:16","slug":"fahrraddemo-in-chemnitz-aktivisten-fordern-sichere-wege-fuer-kinder","status":"publish","type":"post","link":"https:\/\/www.europesays.com\/de\/1047024\/","title":{"rendered":"Fahrraddemo in Chemnitz: Aktivisten fordern sichere Wege f\u00fcr Kinder"},"content":{"rendered":"<p class=\"bold\">\n\t\t\t\t\t\t\t\t\t\tAm 28. Mai rollt die Kidical Mass durch Chemnitz. Die Demonstration fordert sichere Radwege und eine fahrradfreundliche Verkehrspolitik der Stadt.\t\t\t\t<\/p>\n<p>\t\t\t\t Am 28. Mai findet in Chemnitz die Fahrraddemo Kidical Mass statt. Die Aktion richtet sich an Radfahrende aller Generationen mit Fahrr\u00e4dern, Laufr\u00e4dern oder Anh\u00e4ngern. Treffpunkt ist ab 15.30 Uhr am Markt 1, bevor die Fahrt 16 Uhr startet. Die Route f\u00fchrt zum Spielplatz im Plei\u00dfenbachpark, wo die Ankunft gegen 17 Uhr geplant ist. Ziel der Demo&#8230;<\/p>\n<p>\t\t<img decoding=\"async\" class=\"fp-plus-logo\" src=\"https:\/\/www.freiepresse.de\/img\/fpplus.svg\" alt=\"Freie Presse plus Logo\"\/><\/p>\n<p>Registrieren und testen.<\/p>\n<p>Jetzt mit Ihrer Registrierung 1 Monat gratis testen und alle Beitr\u00e4ge lesen.<\/p>\n<p>Schon Abonnent? Melden Sie sich mit ihren Zugangsdaten an.<\/p>\n","protected":false},"excerpt":{"rendered":"Am 28. Mai rollt die Kidical Mass durch Chemnitz. Die Demonstration fordert sichere Radwege und eine fahrradfreundliche Verkehrspolitik&hellip;\n","protected":false},"author":2,"featured_media":1047025,"comment_status":"","ping_status":"","sticky":false,"template":"","format":"standard","meta":{"footnotes":"","_share_on_mastodon":"0"},"categories":[1851],"tags":[2770,3364,3388,29,548,663,3934,30,13,14,15,859,12],"class_list":["post-1047024","post","type-post","status-publish","format-standard","has-post-thumbnail","category-chemnitz","tag-chemnitz","tag-de","tag-demos","tag-deutschland","tag-eu","tag-europa","tag-europe","tag-germany","tag-headlines","tag-nachrichten","tag-news","tag-sachsen","tag-schlagzeilen"],"share_on_mastodon":{"url":"https:\/\/pubeurope.com\/@de\/116639922207852722","error":""},"_links":{"self":[{"href":"https:\/\/www.europesays.com\/de\/wp-json\/wp\/v2\/posts\/1047024","targetHints":{"allow":["GET"]}}],"collection":[{"href":"https:\/\/www.europesays.com\/de\/wp-json\/wp\/v2\/posts"}],"about":[{"href":"https:\/\/www.europesays.com\/de\/wp-json\/wp\/v2\/types\/post"}],"author":[{"embeddable":true,"href":"https:\/\/www.europesays.com\/de\/wp-json\/wp\/v2\/users\/2"}],"replies":[{"embeddable":true,"href":"https:\/\/www.europesays.com\/de\/wp-json\/wp\/v2\/comments?post=1047024"}],"version-history":[{"count":0,"href":"https:\/\/www.europesays.com\/de\/wp-json\/wp\/v2\/posts\/1047024\/revisions"}],"wp:featuredmedia":[{"embeddable":true,"href":"https:\/\/www.europesays.com\/de\/wp-json\/wp\/v2\/media\/1047025"}],"wp:attachment":[{"href":"https:\/\/www.europesays.com\/de\/wp-json\/wp\/v2\/media?parent=1047024"}],"wp:term":[{"taxonomy":"category","embeddable":true,"href":"https:\/\/www.europesays.com\/de\/wp-json\/wp\/v2\/categories?post=1047024"},{"taxonomy":"post_tag","embeddable":true,"href":"https:\/\/www.europesays.com\/de\/wp-json\/wp\/v2\/tags?post=1047024"}],"curies":[{"name":"wp","href":"https:\/\/api.w.org\/{rel}","templated":true}]}}