{"id":1047186,"date":"2026-05-26T10:01:14","date_gmt":"2026-05-26T10:01:14","guid":{"rendered":"https:\/\/www.europesays.com\/de\/1047186\/"},"modified":"2026-05-26T10:01:14","modified_gmt":"2026-05-26T10:01:14","slug":"photovoltaik-und-batterien-basf-coatings-startet-projekt-in-muenster","status":"publish","type":"post","link":"https:\/\/www.europesays.com\/de\/1047186\/","title":{"rendered":"Photovoltaik und Batterien: BASF Coatings startet Projekt in M\u00fcnster"},"content":{"rendered":"\n<p>M\u00fcnster &#8211; Die BASF Coatings GmbH optimiert die Energieversorgung an ihrem Standort in M\u00fcnster. Durch den Bau einer neuen \u00dcbergabestation, den Ausbau von Photovoltaikanlagen und den geplanten Einsatz von Batteriespeichern will das Unternehmen die Infrastruktur st\u00e4rken, die Leistung vervierfachen und den CO2-Aussto\u00df senken.<\/p>\n<p>Mit einem symbolischen Spatenstich haben Werkleiter Wolfram Schier und das Projektteam f\u00fcr Stromversorgung und Bautechnik in der vergangenen Woche die Bauarbeiten eingeleitet. Das Projekt dient dazu, den Standort in M\u00fcnster in den Bereichen Energiesicherheit und Nachhaltigkeit weiterzuentwickeln. Die Umsetzung erfolgt in Zusammenarbeit mit der Stadt M\u00fcnster, den Stadtwerken M\u00fcnster und den Stadtnetzen M\u00fcnster in mehreren Bauphasen. Ziel ist es, die Energieversorgung am Standort auszubauen, den Anteil erneuerbarer Energien zu erh\u00f6hen und bestehende Infrastrukturen effizienter zu nutzen.<\/p>\n<p> Vierfache Leistung f\u00fcr den Standort <\/p>\n<p>In der ersten Bauphase wird die Stromversorgung optimiert, wie es in einer Mitteilung hei\u00dft. Die vorhandene Einspeisestation wird durch eine neue, gr\u00f6\u00dfere \u00dcbergabestation ersetzt. Eine solche Station ist der Ort, an dem der \u00f6ffentliche Netzbetreiber die Energie an das Werk zur weiteren, internen Verteilung \u00fcbergibt. \u201eMit der Inbetriebnahme der neuen Station k\u00f6nnen wir bei Bedarf die verf\u00fcgbare Leistung auf das Vierfache erh\u00f6hen. Dadurch decken wir auf dem Werkgel\u00e4nde nicht nur den aktuellen Bedarf, sondern schaffen auch die Grundlage f\u00fcr m\u00f6gliche zuk\u00fcnftige Erweiterungen\u201c, sagt Norbert Meyer, verantwortlicher Projektleiter f\u00fcr den Bau der \u00dcbergabestation.<\/p>\n<p> Fokus auf Solarstrom und gr\u00fcne W\u00e4rme <\/p>\n<p>Auf dem Dach der neuen Station sowie auf weiteren Geb\u00e4uden werden zudem Photovoltaikanlagen installiert. Um die schwankende Erzeugung auszugleichen, sollen Batteriespeicher zuk\u00fcnftig \u00fcbersch\u00fcssige Energie aufnehmen und bei Bedarf zur Verf\u00fcgung stellen. \u201eDie geplanten Ma\u00dfnahmen st\u00e4rken die Leistungsf\u00e4higkeit und schaffen die Voraussetzungen f\u00fcr weiteres Wachstum an unserem Standort\u201c, sagt Schier. \u201eGleichzeitig sind sie ein wichtiger Schritt zur Reduzierung von Emissionen.\u201c Weitere Schritte zur nachhaltigen Entwicklung, wie die verst\u00e4rkte Nutzung gr\u00fcner W\u00e4rme sowie der Ausbau \u00f6ffentlicher Infrastruktur, befinden sich in der Planung, wie es weiter hei\u00dft.<\/p>\n<p>\u00a0<\/p>\n","protected":false},"excerpt":{"rendered":"M\u00fcnster &#8211; Die BASF Coatings GmbH optimiert die Energieversorgung an ihrem Standort in M\u00fcnster. Durch den Bau einer&hellip;\n","protected":false},"author":2,"featured_media":1047187,"comment_status":"","ping_status":"","sticky":false,"template":"","format":"standard","meta":{"footnotes":"","_share_on_mastodon":"0"},"categories":[1843],"tags":[136815,3364,29,30,8970,4507,1209,1523],"class_list":["post-1047186","post","type-post","status-publish","format-standard","has-post-thumbnail","category-muenster","tag-basf-coatings","tag-de","tag-deutschland","tag-germany","tag-muenster","tag-nachhaltigkeit","tag-nordrhein-westfalen","tag-photovoltaik"],"share_on_mastodon":{"url":"https:\/\/pubeurope.com\/@de\/116640304002950195","error":""},"_links":{"self":[{"href":"https:\/\/www.europesays.com\/de\/wp-json\/wp\/v2\/posts\/1047186","targetHints":{"allow":["GET"]}}],"collection":[{"href":"https:\/\/www.europesays.com\/de\/wp-json\/wp\/v2\/posts"}],"about":[{"href":"https:\/\/www.europesays.com\/de\/wp-json\/wp\/v2\/types\/post"}],"author":[{"embeddable":true,"href":"https:\/\/www.europesays.com\/de\/wp-json\/wp\/v2\/users\/2"}],"replies":[{"embeddable":true,"href":"https:\/\/www.europesays.com\/de\/wp-json\/wp\/v2\/comments?post=1047186"}],"version-history":[{"count":0,"href":"https:\/\/www.europesays.com\/de\/wp-json\/wp\/v2\/posts\/1047186\/revisions"}],"wp:featuredmedia":[{"embeddable":true,"href":"https:\/\/www.europesays.com\/de\/wp-json\/wp\/v2\/media\/1047187"}],"wp:attachment":[{"href":"https:\/\/www.europesays.com\/de\/wp-json\/wp\/v2\/media?parent=1047186"}],"wp:term":[{"taxonomy":"category","embeddable":true,"href":"https:\/\/www.europesays.com\/de\/wp-json\/wp\/v2\/categories?post=1047186"},{"taxonomy":"post_tag","embeddable":true,"href":"https:\/\/www.europesays.com\/de\/wp-json\/wp\/v2\/tags?post=1047186"}],"curies":[{"name":"wp","href":"https:\/\/api.w.org\/{rel}","templated":true}]}}