{"id":1047203,"date":"2026-05-26T10:10:25","date_gmt":"2026-05-26T10:10:25","guid":{"rendered":"https:\/\/www.europesays.com\/de\/1047203\/"},"modified":"2026-05-26T10:10:25","modified_gmt":"2026-05-26T10:10:25","slug":"ober-mullah-modschtaba-chamenei-fordert-mitten-in-verhandlungen-tod-fuer-amerika-politik","status":"publish","type":"post","link":"https:\/\/www.europesays.com\/de\/1047203\/","title":{"rendered":"Ober-Mullah Modschtaba Chamenei fordert mitten in Verhandlungen \u201eTod f\u00fcr Amerika\u201c | Politik"},"content":{"rendered":"<p><a class=\"skip-content skip-content--link\" href=\"#in-content-skip-link-target-v-0-0\">TTS-Player \u00fcberspringen\u21b5<\/a><a id=\"in-content-skip-link-target-v-0-0\" class=\"skip-content--target-link-hidden skip-content skip-content--target-link\" href=\"#in-content-skip-link-target-v-0-0\">Artikel weiterlesen<\/a><\/p>\n<p>Teheran \u2013 <b>K\u00f6nnen die USA mit so jemandem \u00fcberhaupt ernsthaft verhandeln? Der iranische Ober-Mullah Modschtaba Chamenei hat zu Beginn der j\u00e4hrlichen muslimischen Hadsch-Pilgerreise nach Mekka eine Nachricht ver\u00f6ffentlicht, die es in sich hat. \u201eIn verschiedenen Teilen Irans und der Welt sowie nach diesen gesegneten Tagen werden \u201aTod f\u00fcr Amerika\u2018 und \u201aTod f\u00fcr Israel\u2018 die gemeinsamen Parolen der islamischen Gemeinschaft und der Unterdr\u00fcckten der Welt sein\u201c, hei\u00dft es in dem Dokument. Und das mitten in den Verhandlungen zwischen den USA und dem Iran \u00fcber ein m\u00f6gliches Ende des Krieges. <\/b><\/p>\n<p>Laut einer weiteren Erkl\u00e4rung auf Chameneis Telegram-Kanal k\u00f6nnen sich die USA k\u00fcnftig zudem nicht mehr auf den Schutz ihrer Milit\u00e4rst\u00fctzpunkte durch die Golfstaaten verlassen. Es werde f\u00fcr die <a href=\"https:\/\/www.bild.de\/news\/ausland\/usa\/thema-usa-alle-infos-80032950.bild.html\" class=\"text-link\" rel=\"nofollow noopener\" target=\"_blank\">USA<\/a> in der Region keinen sicheren Hafen mehr geben, betont Chamenei in der Mitteilung. Die Golfstaaten waren im Februar und M\u00e4rz an der Abwehr der iranischen Drohnenangriffe beteiligt, die auf US-St\u00fctzpunkte in den L\u00e4ndern abzielten.<\/p>\n<p>Mehr zum ThemaWaffenruhe zwischen USA und Iran wackelt<\/p>\n<p>Die iranischen Revolutionsgarden behalten sich derweil das Recht auf Vergeltung f\u00fcr jegliche Verletzungen der Waffenruhe durch die USA vor. In der Nacht zu Dienstag hatten US-amerikanische und israelische Kampfjets die iranische Marine in der Stra\u00dfe von Hormus sowie weitere Ziele angegriffen. Das US-Zentralkommando erkl\u00e4rte, amerikanische Streitkr\u00e4fte h\u00e4tten Raketenabschussrampen im <a href=\"https:\/\/www.bild.de\/news\/ausland\/iran\/thema-iran-alle-infos-80032832.bild.html\" class=\"text-link\" rel=\"nofollow noopener\" target=\"_blank\">Iran<\/a> sowie Boote angegriffen, die versucht h\u00e4tten, Minen zu platzieren. Die Angriffe seien defensiver Natur gewesen und h\u00e4tten dazu gedient, die \u201eTruppen vor Bedrohungen durch iranische Kr\u00e4fte zu sch\u00fctzen.\u201c<\/p>\n<p>Seit dem 8. April gilt eine wackelige Waffenruhe im Iran-Krieg. Zuletzt schien es so, als k\u00f6nnten sich USA und Iran ann\u00e4hern und ein Abkommen schlie\u00dfen, das die Waffen dauerhaft schweigen l\u00e4sst. US-Pr\u00e4sident <a href=\"https:\/\/www.bild.de\/politik\/leute\/donald-trump\/thema-donald-trump-alle-infos-80018378.bild.html\" class=\"text-link\" rel=\"nofollow noopener\" target=\"_blank\">Donald Trump<\/a> schrieb in einem Beitrag in seinem Netzwerk Truth Social gar, dass die Verhandlungen \u201egut\u201c laufen w\u00fcrden. Aber: Laut dem US-Pr\u00e4sidenten wolle sich die US-Regierung Zeit lassen und nichts \u00fcberst\u00fcrzen.<\/p>\n<p>Fakt ist: Die Streitpunkte sind die \u00d6ffnung der Stra\u00dfe von Hormus und das iranische Nuklearprogramm. Beide L\u00e4nder k\u00f6nnen politisch nicht von ihren Forderungen abr\u00fccken. Die USA bestehen darauf, dass der Iran sein gesamtes angereichertes, waffenf\u00e4higes Uran abgibt. Das lehnt Teheran strikt ab. Gleichzeitig wollen die Mullahs die Stra\u00dfe von Hormus nur \u00f6ffnen, wenn ihnen erlaubt wird, f\u00fcr die Durchfahrt Z\u00f6lle zu nehmen. Zudem besteht <a href=\"https:\/\/www.bild.de\/themen\/orte\/teheran\/nachrichten-news-fotos-videos-17368288.bild.html\" class=\"text-link\" rel=\"nofollow noopener\" target=\"_blank\">Teheran<\/a> darauf, dass die von den USA eingefrorenen Verm\u00f6genswerte des Iran im Ausland freigegeben werden. Experten sch\u00e4tzen den Wert auf mehr als 100 Milliarden US-Dollar. <\/p>\n","protected":false},"excerpt":{"rendered":"TTS-Player \u00fcberspringen\u21b5Artikel weiterlesen Teheran \u2013 K\u00f6nnen die USA mit so jemandem \u00fcberhaupt ernsthaft verhandeln? Der iranische Ober-Mullah Modschtaba&hellip;\n","protected":false},"author":2,"featured_media":1047204,"comment_status":"","ping_status":"","sticky":false,"template":"","format":"standard","meta":{"footnotes":"","_share_on_mastodon":"0"},"categories":[3977],"tags":[331,332,65130,13,345,411,14,15,12,138370,1017,4017,4018,4016,64,4019,4020],"class_list":["post-1047203","post","type-post","status-publish","format-standard","has-post-thumbnail","category-usa","tag-aktuelle-nachrichten","tag-aktuelle-news","tag-atomprogramm-iran","tag-headlines","tag-iran","tag-israel","tag-nachrichten","tag-news","tag-schlagzeilen","tag-team-first","tag-trump-donald","tag-united-states","tag-united-states-of-america","tag-us","tag-usa","tag-vereinigte-staaten","tag-vereinigte-staaten-von-amerika"],"share_on_mastodon":{"url":"https:\/\/pubeurope.com\/@de\/116640338942008272","error":""},"_links":{"self":[{"href":"https:\/\/www.europesays.com\/de\/wp-json\/wp\/v2\/posts\/1047203","targetHints":{"allow":["GET"]}}],"collection":[{"href":"https:\/\/www.europesays.com\/de\/wp-json\/wp\/v2\/posts"}],"about":[{"href":"https:\/\/www.europesays.com\/de\/wp-json\/wp\/v2\/types\/post"}],"author":[{"embeddable":true,"href":"https:\/\/www.europesays.com\/de\/wp-json\/wp\/v2\/users\/2"}],"replies":[{"embeddable":true,"href":"https:\/\/www.europesays.com\/de\/wp-json\/wp\/v2\/comments?post=1047203"}],"version-history":[{"count":0,"href":"https:\/\/www.europesays.com\/de\/wp-json\/wp\/v2\/posts\/1047203\/revisions"}],"wp:featuredmedia":[{"embeddable":true,"href":"https:\/\/www.europesays.com\/de\/wp-json\/wp\/v2\/media\/1047204"}],"wp:attachment":[{"href":"https:\/\/www.europesays.com\/de\/wp-json\/wp\/v2\/media?parent=1047203"}],"wp:term":[{"taxonomy":"category","embeddable":true,"href":"https:\/\/www.europesays.com\/de\/wp-json\/wp\/v2\/categories?post=1047203"},{"taxonomy":"post_tag","embeddable":true,"href":"https:\/\/www.europesays.com\/de\/wp-json\/wp\/v2\/tags?post=1047203"}],"curies":[{"name":"wp","href":"https:\/\/api.w.org\/{rel}","templated":true}]}}