{"id":1047594,"date":"2026-05-26T14:00:20","date_gmt":"2026-05-26T14:00:20","guid":{"rendered":"https:\/\/www.europesays.com\/de\/1047594\/"},"modified":"2026-05-26T14:00:20","modified_gmt":"2026-05-26T14:00:20","slug":"deutsches-eishockey-team-bei-der-wm-nach-der-vorrunde-ausgeschieden","status":"publish","type":"post","link":"https:\/\/www.europesays.com\/de\/1047594\/","title":{"rendered":"Deutsches Eishockey-Team bei der WM nach der Vorrunde ausgeschieden"},"content":{"rendered":"<p>            <img loading=\"lazy\" decoding=\"async\" class=\"ts-image\" src=\"https:\/\/www.europesays.com\/de\/wp-content\/uploads\/2026\/05\/grubauer-132.jpg\" alt=\"DEB-Keeper Philipp Grubauer\" title=\"DEB-Keeper Philipp Grubauer | IMAGO \/ Sports Press Photo\"\/><\/p>\n<p class=\"metatextline\">Stand: 26.05.2026 \u2022 14:47 Uhr<\/p>\n<p class=\"article-head__shorttext\">\n        <strong>Die deutsche Eishockey-Nationalmannschaft erlebt bei der WM das n\u00e4chste entt\u00e4uschende Aus in der Vorrunde. Der f\u00fcrs Weiterkommen ben\u00f6tigte Ausrutscher von Lettland blieb aus.<\/strong>\n    <\/p>\n<p>    Die deutsche Eishockey-Nationalmannschaft erlebt bei der WM das n\u00e4chste entt\u00e4uschende Aus in der Vorrunde. Der 8:1-Erfolg von Lettland gegen Ungarn machte die letzte Chance aufs Weiterkommen zunichte.<\/p>\n<p class=\"textabsatz m-ten m-offset-one l-eight l-offset-two columns twelve\">Die Auswahl des Deutschen Eishockey-Bundes (DEB) war am abschlie\u00dfenden Spieltag der Vorrunde auf einen m\u00f6glichen Ausrutscher der Letten angewiesen. Um doch noch den Sprung auf Platz vier und den Einzug ins Viertelfinale zu schaffen, h\u00e4tte Lettland gegen Ungarn verlieren m\u00fcssen.<\/p>\n<ul class=\"buttongroup buttongroup--copytext\">\n<li class=\"buttongroup__item\">\n<p>    <a class=\"btn btn--text btn--standard-secondary btn--fullwidth\" href=\"https:\/\/www.sportschau.de\/live-und-ergebnisse\/eishockey\/iihf-wm\/se103745\/2026-schweiz\/rr\/gm7\/spiele-und-ergebnisse\" rel=\"nofollow noopener\" target=\"_blank\"><br \/>\n        7. Gruppenspieltag<\/p>\n<p>  Pfeil rechts<\/p>\n<p>    <\/a>\n<\/li>\n<\/ul>\n<p class=\"textabsatz m-ten m-offset-one l-eight l-offset-two columns twelve\">Das Team von Bundestrainer Harold Kreis, vor drei Jahren noch Vizeweltmeister, war mit vier Niederlagen ins WM-Turnier gestartet: gegen Finnland (1:3), Lettland (0:2), Gastgeber Schweiz (1:6) und den schwach besetzten Olympiasieger und Titelverteidiger USA (3:4 nach Penaltyschie\u00dfen). Die drei Siege im Anschluss gegen die Au\u00dfenseiter \u00d6sterreich (6:2), Ungarn (6:2) und Gro\u00dfbritannien waren am Ende zuwenig.<\/p>\n<p>    Kapit\u00e4n Seider rechnet ab: &#8222;Im Moment keine wirkliche Idenitit\u00e4t&#8220;<\/p>\n<p class=\"textabsatz m-ten m-offset-one l-eight l-offset-two columns twelve\">Moritz Seider hatte schon nach dem <a href=\"https:\/\/www.sportschau.de\/eishockey\/wm\/deutschland-hofft-nach-pflichtsieg-auf-ungarn,eishockey-wm-deutschland-grossbritannien-100.html\" title=\"Zittern bei der Eishockey-WM: Deutschland braucht nach Pflichtsieg Ungarns Hilfe\" rel=\"nofollow noopener\" target=\"_blank\">6:3-Sieg gegen die Briten<\/a> im abschlie\u00dfenden Vorrundenspiel, der zumindest noch die Minimalchance auf das Viertelfinale gewahrt hatte, ein kritisches WM-Fazit gezogen. &#8222;Wir befinden uns in einer schwierigen Phase. Ich finde, wir haben im Moment keine wirkliche Identit\u00e4t, die uns auszeichnet&#8220;, sagte der Kapit\u00e4n. &#8222;Der Anspruch sollte sein, dass wir in den Top acht vertreten sind, das ist auch absolut machbar. Es w\u00e4re sehr viel mehr drin gewesen&#8220;, meinte Seider mit Blick auf die weniger prominent besetzten Kader der Topnationen.<\/p>\n<p class=\"textabsatz m-ten m-offset-one l-eight l-offset-two columns twelve\">&#8222;Wir haben in jedem Spiel viel zu viele individuelle Fehler gemacht. So kannst du auf internationalem Niveau nicht \u00fcberleben und vor allem nicht gewinnen&#8220;, sagte der NHL-Profi aus Detroit bei Magentasport, seine Worte klangen zum Teil wie eine Generalabrechnung: &#8222;Wir haben gegen eine sehr schlagbare finnische Mannschaft ordentlich gespielt und trotzdem einen Punkt liegen lassen, gegen eine sehr schlagbare amerikanische Mannschaft zwei Punkte verloren, weil wir kurz vor Ende den Ausgleich bekommen. Dann gewinnst du gegen die vermeintlich schw\u00e4cheren Gegner, und dann soll die Welt wieder gut aussehen. Das ist aber einfach nicht die Realit\u00e4t.&#8220; <\/p>\n<p class=\"textabsatz m-ten m-offset-one l-eight l-offset-two columns twelve\">DEB-Sportvorstand Christian K\u00fcnast versuchte die Kritik des Kapit\u00e4ns zu entsch\u00e4rfen: &#8222;Er war einen Tick zu kritisch.&#8220; Dennoch d\u00fcrfte es dem Verband schwer fallen, zur Tagesordnung \u00fcberzugehen. Auch der Druck auf den Bundestrainer wird zunehmen, beim abschlie\u00dfenden Gruppenspiel in Z\u00fcrich bekam Kreis bei der Vorstellung der deutschen Mannschaft bei seinem Namen Buhrufe der deutschen Fans zu h\u00f6ren. Der Bundestrainer sprach nach dem letzten Spiel zur allgemeinen \u00dcberraschung von einer &#8222;stabilen, soliden Gruppenphase&#8220; des DEB-Teams.<\/p>\n<p>    Dritte Turnier-Entt\u00e4usching in Folge unter Bundestrainer Harold Kreis<\/p>\n<p class=\"textabsatz m-ten m-offset-one l-eight l-offset-two columns twelve\">Ein Jahr vor der Heim-WM hat der 67-J\u00e4hrige die dritte Turnier-Entt\u00e4uschung in Folge zu verantworten, nach dem zweiten Vorrunden-Aus bei einer WM in Folge und dem ern\u00fcchternden Auftritt bei den Olympischen Spielen, mit der ersten Garde an NHL-Stars. Ob der 67-J\u00e4hrige bei der Heim-WM im kommenden Jahr in D\u00fcsseldorf, Mannheim und auf Schalke noch an der Bande stehen darf, ist \u00e4u\u00dferst fraglich.<\/p>\n<p class=\"textabsatz m-ten m-offset-one l-eight l-offset-two columns twelve\">DEB-Vorstand K\u00fcnast lie\u00df in Z\u00fcrich die Zukunft von Kreis als Eishockey-Bundestrainer offen, k\u00fcndigte aber eine Analyse an &#8211; nach dem Turnier. &#8222;Da brauchen wir ein paar Tage Zeit&#8220;, meinte K\u00fcnast, der angesichts des Abw\u00e4rtstrends der vergangenen zw\u00f6lf Monate selbst in der Kritik steht.<\/p>\n<p class=\"textabsatz m-ten m-offset-one l-eight l-offset-two columns twelve\">Kreis, der erst im Dezember seinen Vertrag verl\u00e4ngert hatte, wollte sich am Montag zu seiner Zukunft nicht \u00e4u\u00dfern. Die Frage k\u00f6nne man ihm stellen, &#8222;wenn es vorbei ist&#8220;, so Kreis. Nach dem endg\u00fcltigen Aus stand er nicht mehr f\u00fcr eine Antwort zur Verf\u00fcgung.<\/p>\n<p>Hinweis<\/p>\n<p>            Bei Google erscheinen neben den Suchergebnissen h\u00e4ufig aktuelle News-Boxen. Wer die Sportschau als bevorzugte Quelle hinterlegt, bekommt dort h\u00e4ufiger unabh\u00e4ngigen, werbefreien und hintergr\u00fcndigen Sportjournalismus angezeigt. <a href=\"https:\/\/www.sportschau.de\/sportschau-als-bevorzugte-quelle-hinzufuegen,sportschau-als-bevorzugte-google-quelle-100.html\" title=\"Sportschau.de als &quot;Bevorzugte Quelle&quot; bei Google hinzuf\u00fcgen\" rel=\"nofollow noopener\" target=\"_blank\">Jetzt hier Sportschau als bevorzugte Quelle hinzuf\u00fcgen.<\/a><\/p>\n","protected":false},"excerpt":{"rendered":"Stand: 26.05.2026 \u2022 14:47 Uhr Die deutsche Eishockey-Nationalmannschaft erlebt bei der WM das n\u00e4chste entt\u00e4uschende Aus in der&hellip;\n","protected":false},"author":2,"featured_media":1047595,"comment_status":"","ping_status":"","sticky":false,"template":"","format":"standard","meta":{"footnotes":"","_share_on_mastodon":"0"},"categories":[5],"tags":[39772,2100,23939,13,14,15,12,10,8,9,11,11404],"class_list":["post-1047594","post","type-post","status-publish","format-standard","has-post-thumbnail","category-nachrichten","tag-deb-team","tag-eishockey","tag-eishockey-wm","tag-headlines","tag-nachrichten","tag-news","tag-schlagzeilen","tag-top-news","tag-top-meldungen","tag-topmeldungen","tag-topnews","tag-wm"],"share_on_mastodon":{"url":"https:\/\/pubeurope.com\/@de\/116641244506392942","error":""},"_links":{"self":[{"href":"https:\/\/www.europesays.com\/de\/wp-json\/wp\/v2\/posts\/1047594","targetHints":{"allow":["GET"]}}],"collection":[{"href":"https:\/\/www.europesays.com\/de\/wp-json\/wp\/v2\/posts"}],"about":[{"href":"https:\/\/www.europesays.com\/de\/wp-json\/wp\/v2\/types\/post"}],"author":[{"embeddable":true,"href":"https:\/\/www.europesays.com\/de\/wp-json\/wp\/v2\/users\/2"}],"replies":[{"embeddable":true,"href":"https:\/\/www.europesays.com\/de\/wp-json\/wp\/v2\/comments?post=1047594"}],"version-history":[{"count":0,"href":"https:\/\/www.europesays.com\/de\/wp-json\/wp\/v2\/posts\/1047594\/revisions"}],"wp:featuredmedia":[{"embeddable":true,"href":"https:\/\/www.europesays.com\/de\/wp-json\/wp\/v2\/media\/1047595"}],"wp:attachment":[{"href":"https:\/\/www.europesays.com\/de\/wp-json\/wp\/v2\/media?parent=1047594"}],"wp:term":[{"taxonomy":"category","embeddable":true,"href":"https:\/\/www.europesays.com\/de\/wp-json\/wp\/v2\/categories?post=1047594"},{"taxonomy":"post_tag","embeddable":true,"href":"https:\/\/www.europesays.com\/de\/wp-json\/wp\/v2\/tags?post=1047594"}],"curies":[{"name":"wp","href":"https:\/\/api.w.org\/{rel}","templated":true}]}}