{"id":1047706,"date":"2026-05-26T15:13:32","date_gmt":"2026-05-26T15:13:32","guid":{"rendered":"https:\/\/www.europesays.com\/de\/1047706\/"},"modified":"2026-05-26T15:13:32","modified_gmt":"2026-05-26T15:13:32","slug":"neue-skyline-am-alex-drittes-hochhaus-von-weitem-sichtbar","status":"publish","type":"post","link":"https:\/\/www.europesays.com\/de\/1047706\/","title":{"rendered":"Neue Skyline am Alex: Drittes Hochhaus von weitem sichtbar"},"content":{"rendered":"<p data-start=\"493\" data-end=\"823\"><strong>Am Alexanderplatz in Berlin ver\u00e4ndert sich die Silhouette sichtbar. Der \u201eCovivio Tower\u201c w\u00e4chst neben dem Park Inn weiter in die H\u00f6he. Das Hochhaus wird zunehmend im Stadtbild von Berlin-Mitte wahrnehmbar und pr\u00e4gt die Entwicklung des Platzes.<\/strong><\/p>\n<p><a href=\"https:\/\/www.europesays.com\/de\/wp-content\/uploads\/2026\/05\/Alexanderplatz-Hochhaus-0526-_-\u00a9-Foto_-ENTWICKLUNGSSTADT-4.jpg\"><img loading=\"lazy\" decoding=\"async\" aria-describedby=\"caption-attachment-96726\" class=\"lazyload wp-image-96726 size-full\" src=\"data:image\/svg+xml,%3Csvg%20xmlns%3D%27http%3A%2F%2Fwww.w3.org%2F2000%2Fsvg%27%20width%3D%271280%27%20height%3D%27720%27%20viewBox%3D%270%200%201280%20720%27%3E%3Crect%20width%3D%271280%27%20height%3D%27720%27%20fill-opacity%3D%220%22%2F%3E%3C%2Fsvg%3E\" data-orig-src=\"https:\/\/www.europesays.com\/de\/wp-content\/uploads\/2026\/05\/Alexanderplatz-Hochhaus-0526-_-\u00a9-Foto_-ENTWICKLUNGSSTADT-4.jpg\" alt=\"Ein Blick auf den Alexanderplatz, zeigt den \u201eCovivio Tower\u201c im Bau und daneben den Fernsehturm als pr\u00e4gendes Wahrzeichen der Berliner Mitte.\" width=\"1280\" height=\"720\"\/><\/a><\/p>\n<p id=\"caption-attachment-96726\" class=\"wp-caption-text\">Der wachsende \u201eCovivio Tower\u201c ver\u00e4ndert die st\u00e4dtebauliche Wirkung des Alexanderplatzes und l\u00e4sst eine neue Hochhauskulisse entstehen. \/ \u00a9 Foto: ENTWICKLUNGSSTADT<\/p>\n<p>\u00a9 Fotos: ENTWICKLUNGSSTADT<\/p>\n<p data-start=\"879\" data-end=\"1179\">Am <a href=\"https:\/\/www.entwicklungsstadt.de\/hochhaus-dokumentation-baustelle-alexanderplatz-ist-online\/\" target=\"_blank\" rel=\"noopener nofollow\">Alexanderplatz<\/a> schreitet der Bau des \u201eCovivio Tower\u201c deutlich voran. Der Rohbau hat inzwischen mehrere neue Etagen erreicht, die Dimension des rund 130 Meter hohen Geb\u00e4udes wird im Stadtraum zunehmend greifbar. Besonders im Zusammenspiel mit der umliegenden Bebauung tritt der Turm st\u00e4rker hervor.<\/p>\n<p data-start=\"1181\" data-end=\"1467\"><a href=\"https:\/\/www.entwicklungsstadt.de\/covivio-tower-am-alexanderplatz-neue-fassade-praegt-hochhaus\/\" target=\"_blank\" rel=\"noopener nofollow\">Parallel zum Rohbau hat die Montage der Fassade begonnen<\/a>. Erste Elemente im unteren Bereich lassen die k\u00fcnftige Gestaltung erkennen. Die Struktur wirkt gegliedert und hebt sich vom bisherigen Betonbild ab, wodurch das Geb\u00e4ude Schritt f\u00fcr Schritt ein konkreteres Erscheinungsbild erh\u00e4lt.<\/p>\n<p><a href=\"https:\/\/www.europesays.com\/de\/wp-content\/uploads\/2026\/05\/Alexanderplatz-Hochhaus-0526-_-\u00a9-Foto_-ENTWICKLUNGSSTADT-2.jpg\"><img loading=\"lazy\" decoding=\"async\" aria-describedby=\"caption-attachment-96724\" class=\"lazyload wp-image-96724 size-full\" src=\"data:image\/svg+xml,%3Csvg%20xmlns%3D%27http%3A%2F%2Fwww.w3.org%2F2000%2Fsvg%27%20width%3D%271280%27%20height%3D%27720%27%20viewBox%3D%270%200%201280%20720%27%3E%3Crect%20width%3D%271280%27%20height%3D%27720%27%20fill-opacity%3D%220%22%2F%3E%3C%2Fsvg%3E\" data-orig-src=\"https:\/\/www.europesays.com\/de\/wp-content\/uploads\/2026\/05\/Alexanderplatz-Hochhaus-0526-_-\u00a9-Foto_-ENTWICKLUNGSSTADT-2.jpg\" alt=\"Ein Blick auf den Alexanderplatz, zeigt den \u201eCovivio Tower\u201c, der sich als drittes Hochhaus in die bestehende Skyline einf\u00fcgt.\" width=\"1280\" height=\"720\"\/><\/a><\/p>\n<p id=\"caption-attachment-96724\" class=\"wp-caption-text\">Der \u201eCovivio Tower\u201c erreicht neue Bauabschnitte und pr\u00e4gt mit seiner steigenden H\u00f6he die Umgebung am Alexanderplatz. \/ \u00a9 Foto: ENTWICKLUNGSSTADT<\/p>\n<p>Verbindung zum Park Inn und neue st\u00e4dtebauliche Wirkung<\/p>\n<p data-start=\"1530\" data-end=\"1775\">Der Neubau entsteht unmittelbar neben dem \u201ePark Inn\u201c, wodurch beide Geb\u00e4ude enger miteinander in Beziehung treten. Die bauliche N\u00e4he ver\u00e4ndert die Wahrnehmung des westlichen Alexanderplatzes, der zunehmend von vertikalen Strukturen gepr\u00e4gt wird.<\/p>\n<p data-start=\"1777\" data-end=\"2048\">Mit der Kombination aus <a href=\"https:\/\/www.entwicklungsstadt.de\/wohnen\/\" target=\"_blank\" rel=\"noopener nofollow\">Wohnen<\/a>, B\u00fcro, Einzelhandel und weiteren Nutzungen verfolgt das Projekt ein gemischtes Nutzungskonzept. Auch eine Kita ist vorgesehen. Damit f\u00fcgt sich der Turm in die langfristige Entwicklung des Areals als multifunktionaler Innenstadtstandort ein.<\/p>\n<p><img loading=\"lazy\" decoding=\"async\" aria-describedby=\"caption-attachment-96723\" class=\"lazyload size-full wp-image-96723\" src=\"data:image\/svg+xml,%3Csvg%20xmlns%3D%27http%3A%2F%2Fwww.w3.org%2F2000%2Fsvg%27%20width%3D%271280%27%20height%3D%27720%27%20viewBox%3D%270%200%201280%20720%27%3E%3Crect%20width%3D%271280%27%20height%3D%27720%27%20fill-opacity%3D%220%22%2F%3E%3C%2Fsvg%3E\" data-orig-src=\"https:\/\/www.europesays.com\/de\/wp-content\/uploads\/2026\/05\/Alexanderplatz-Hochhaus-0526-_-\u00a9-Foto_-ENTWICKLUNGSSTADT.jpg\" alt=\"Zu sehen ist der \u201eCovivio Tower\u201c, der am Alexanderplatz weiter in die H\u00f6he w\u00e4chst und sich zunehmend im Stadtraum abzeichnet.\" width=\"1280\" height=\"720\"\/><\/p>\n<p id=\"caption-attachment-96723\" class=\"wp-caption-text\">Am Alexanderplatz w\u00e4chst der \u201eCovivio Tower\u201c weiter in die H\u00f6he und wird zunehmend im Stadtbild von Berlin-Mitte sichtbar. \/ \u00a9 Foto: ENTWICKLUNGSSTADT<\/p>\n<p>Teil eines wachsenden Hochhausensembles am Alexanderplatz<\/p>\n<p data-start=\"2095\" data-end=\"2467\" data-is-last-node=\"\" data-is-only-node=\"\">Der \u201eCovivio Tower\u201c ist Teil einer Reihe von Hochhausprojekten rund um den Alexanderplatz. Weitere Vorhaben wie der <a href=\"https:\/\/www.entwicklungsstadt.de\/hoch-hinaus-am-alexanderplatz-the-berlinian-als-signal-fuer-den-wandel\/\" target=\"_blank\" rel=\"noopener nofollow\">\u201eThe Berlinian\u201c<\/a> befinden sich ebenfalls in der Umsetzung. Die <a href=\"https:\/\/www.entwicklungsstadt.de\/monarch-tower-am-alexanderplatz-hochhaus-umnutzung-nicht-geplant\/\" target=\"_blank\" rel=\"noopener nofollow\">Zukunft des geplanten \u201eMonarch Tower\u201c in unmittelbarer N\u00e4he ist derzeit weiter offen.<\/a><\/p>\n<p data-start=\"2095\" data-end=\"2467\" data-is-last-node=\"\" data-is-only-node=\"\">Insgesamt zeichnet sich jedoch schon jetzt eine zunehmende Verdichtung und Neuordnung der Berliner Innenstadt ab.<\/p>\n<p>\u201eCovivio Tower\u201c am Alexanderplatz<\/p>\n<p>Quellen: Covivio, Berliner Leben, Drees &amp; Sommer\u00a0<\/p>\n","protected":false},"excerpt":{"rendered":"Am Alexanderplatz in Berlin ver\u00e4ndert sich die Silhouette sichtbar. Der \u201eCovivio Tower\u201c w\u00e4chst neben dem Park Inn weiter&hellip;\n","protected":false},"author":2,"featured_media":1047707,"comment_status":"","ping_status":"","sticky":false,"template":"","format":"standard","meta":{"footnotes":"","_share_on_mastodon":"0"},"categories":[1825],"tags":[224198,2567,296,184574,2572,29,30,2580,2591],"class_list":["post-1047706","post","type-post","status-publish","format-standard","has-post-thumbnail","category-berlin","tag-alexanderplatz-berlin","tag-bauprojekte-berlin-mitte","tag-berlin","tag-berlin-hochhaeuser","tag-berlin-mitte","tag-deutschland","tag-germany","tag-gewerbe-berlin","tag-neubau-berlin-mitte"],"share_on_mastodon":{"url":"https:\/\/pubeurope.com\/@de\/116641531176799541","error":""},"_links":{"self":[{"href":"https:\/\/www.europesays.com\/de\/wp-json\/wp\/v2\/posts\/1047706","targetHints":{"allow":["GET"]}}],"collection":[{"href":"https:\/\/www.europesays.com\/de\/wp-json\/wp\/v2\/posts"}],"about":[{"href":"https:\/\/www.europesays.com\/de\/wp-json\/wp\/v2\/types\/post"}],"author":[{"embeddable":true,"href":"https:\/\/www.europesays.com\/de\/wp-json\/wp\/v2\/users\/2"}],"replies":[{"embeddable":true,"href":"https:\/\/www.europesays.com\/de\/wp-json\/wp\/v2\/comments?post=1047706"}],"version-history":[{"count":0,"href":"https:\/\/www.europesays.com\/de\/wp-json\/wp\/v2\/posts\/1047706\/revisions"}],"wp:featuredmedia":[{"embeddable":true,"href":"https:\/\/www.europesays.com\/de\/wp-json\/wp\/v2\/media\/1047707"}],"wp:attachment":[{"href":"https:\/\/www.europesays.com\/de\/wp-json\/wp\/v2\/media?parent=1047706"}],"wp:term":[{"taxonomy":"category","embeddable":true,"href":"https:\/\/www.europesays.com\/de\/wp-json\/wp\/v2\/categories?post=1047706"},{"taxonomy":"post_tag","embeddable":true,"href":"https:\/\/www.europesays.com\/de\/wp-json\/wp\/v2\/tags?post=1047706"}],"curies":[{"name":"wp","href":"https:\/\/api.w.org\/{rel}","templated":true}]}}