{"id":104771,"date":"2025-05-12T13:14:08","date_gmt":"2025-05-12T13:14:08","guid":{"rendered":"https:\/\/www.europesays.com\/de\/104771\/"},"modified":"2025-05-12T13:14:08","modified_gmt":"2025-05-12T13:14:08","slug":"wenige-tage-vor-aufstiegs-finale-koeln-stuermer-landet-nach-suff-schlaegerei-im-krankenhaus","status":"publish","type":"post","link":"https:\/\/www.europesays.com\/de\/104771\/","title":{"rendered":"Wenige Tage vor Aufstiegs-Finale: K\u00f6ln-St\u00fcrmer landet nach Suff-Schl\u00e4gerei im Krankenhaus"},"content":{"rendered":"<p>                    Wenige Tage vor Aufstiegs-Finale<br \/>\n                K\u00f6ln-St\u00fcrmer landet nach Suff-Schl\u00e4gerei im Krankenhaus<\/p>\n<p>\t\t\t\t              12.05.2025, 14:22 Uhr<\/p>\n<p><strong>Schock f\u00fcr den 1. FC K\u00f6ln. Die Offfensivfachkraft Tim Lemperle wird nach einer Schl\u00e4gerei in ein Krankenhaus gebracht. Der 23-J\u00e4hrige soll zum Zeitpunkt der Auseinandersetzung schwer alkoholisiert gewesen sein. Ob der St\u00fcrmer am kommenden Sonntag im Aufstiegs-Endspiel auflaufen wird, steht noch in den Sternen.<\/strong><\/p>\n<p>Das kommt zur Unzeit f\u00fcr den 1. FC K\u00f6ln. Knapp eine Woche vor der entscheidenden Partie um den direkten Wiederaufstieg in die Fu\u00dfball-Bundesliga am letzten Spieltag der Saison 2024\/2025 wurde der 23-j\u00e4hrige St\u00fcrmer Tim Lemperle nach einer Auseinandersetzung in der Nacht auf Montag in ein K\u00f6lner Krankenhaus gebracht. <\/p>\n<p>Der Effzeh-Angreifer soll bei einer Schl\u00e4gerei Verletzungen erlitten haben, hie\u00df es aus RTL\/ntv-Quellen. Dabei soll der St\u00fcrmer stark alkoholisiert gewesen sein. Genauere Hintergr\u00fcnde zum Ort und Grund der Auseinandersetzungen sind bislang unklar. Der Spieler fehlte am heutigen Montag beim Mannschaftstraining am Gei\u00dfbockheim. Das Krankenhaus soll er bereits wieder verlassen haben.<\/p>\n<p>Sportdirektor Thomas Kessler sagte dazu auf Anfrage von RTL\/ntv: &#8222;Wir sind \u00fcber den Vorfall informiert. Tim wurde am fr\u00fchen Sonntagabend t\u00e4tlich angegangen und hat dabei Gesichtsverletzungen erlitten.&#8220; Im Saisonfinale wird Lemperle aller Voraussicht nach fehlen, so Kessler: &#8222;Nach aktuellem Stand ist es unwahrscheinlich, dass er am kommenden Sonntag einsatzf\u00e4hig sein wird.&#8220;<\/p>\n<p>Lemperle verl\u00e4sst den Effzeh im Sommer<\/p>\n<p>Der mit zehn Treffern und sechs Assists offensivst\u00e4rkste Akteur der K\u00f6lner stand zuletzt am Freitag beim 2:1 in N\u00fcrnberg auf dem Platz. Dabei bereitete Lemperle beide Tore vor. Er stand seit dem 27. Spieltag immer in der Startformation des Tabellenzweiten. Der Effzeh empf\u00e4ngt am kommenden Sonntag den 1. FC Kaiserslautern. Ein Unentschieden reicht f\u00fcr den Wiederaufstieg in das Fu\u00dfball-Oberhaus. <\/p>\n<p>Bei einer Niederlage m\u00fcssen sie darauf hoffen, dass sowohl Elversberg (auf Schalke) und Paderborn (in Karlsruhe) ihre Spiele nicht gewinnen. Verliert K\u00f6ln und gewinnen die beiden direkten Konkurrenten, st\u00fcrzt K\u00f6ln von Rang zwei sogar auf Rang vier und kann nicht einmal mehr in der Relegation um die Bundesliga-R\u00fcckkehr k\u00e4mpfen.<\/p>\n<p>Ob Lemperle am Sonntag am finalen Schritt zum Projekt Wiederaufstieg mitwirken kann, bleibt abzuwarten. Der geb\u00fcrtige Frankfurter hat von der U17 bis zur U21 in allen Jugendnationalmannschaften des DFB gespielt. Er wird den Rheinland-Giganten im Sommer verlassen und sich \u00fcbereinstimmenden Medienberichten zufolge der TSG Hoffenheim anschlie\u00dfen.<\/p>\n","protected":false},"excerpt":{"rendered":"Wenige Tage vor Aufstiegs-Finale K\u00f6ln-St\u00fcrmer landet nach Suff-Schl\u00e4gerei im Krankenhaus 12.05.2025, 14:22 Uhr Schock f\u00fcr den 1. FC&hellip;\n","protected":false},"author":2,"featured_media":104772,"comment_status":"","ping_status":"","sticky":false,"template":"","format":"standard","meta":{"footnotes":""},"categories":[136],"tags":[623,8559,29,347,30,265],"class_list":{"0":"post-104771","1":"post","2":"type-post","3":"status-publish","4":"format-standard","5":"has-post-thumbnail","7":"category-sport","8":"tag-1-fc-koeln","9":"tag-2-fussball-bundesliga","10":"tag-deutschland","11":"tag-fussball","12":"tag-germany","13":"tag-sport"},"share_on_mastodon":{"url":"https:\/\/pubeurope.com\/@de\/114495046620553319","error":""},"_links":{"self":[{"href":"https:\/\/www.europesays.com\/de\/wp-json\/wp\/v2\/posts\/104771","targetHints":{"allow":["GET"]}}],"collection":[{"href":"https:\/\/www.europesays.com\/de\/wp-json\/wp\/v2\/posts"}],"about":[{"href":"https:\/\/www.europesays.com\/de\/wp-json\/wp\/v2\/types\/post"}],"author":[{"embeddable":true,"href":"https:\/\/www.europesays.com\/de\/wp-json\/wp\/v2\/users\/2"}],"replies":[{"embeddable":true,"href":"https:\/\/www.europesays.com\/de\/wp-json\/wp\/v2\/comments?post=104771"}],"version-history":[{"count":0,"href":"https:\/\/www.europesays.com\/de\/wp-json\/wp\/v2\/posts\/104771\/revisions"}],"wp:featuredmedia":[{"embeddable":true,"href":"https:\/\/www.europesays.com\/de\/wp-json\/wp\/v2\/media\/104772"}],"wp:attachment":[{"href":"https:\/\/www.europesays.com\/de\/wp-json\/wp\/v2\/media?parent=104771"}],"wp:term":[{"taxonomy":"category","embeddable":true,"href":"https:\/\/www.europesays.com\/de\/wp-json\/wp\/v2\/categories?post=104771"},{"taxonomy":"post_tag","embeddable":true,"href":"https:\/\/www.europesays.com\/de\/wp-json\/wp\/v2\/tags?post=104771"}],"curies":[{"name":"wp","href":"https:\/\/api.w.org\/{rel}","templated":true}]}}