{"id":1047840,"date":"2026-05-26T16:31:20","date_gmt":"2026-05-26T16:31:20","guid":{"rendered":"https:\/\/www.europesays.com\/de\/1047840\/"},"modified":"2026-05-26T16:31:20","modified_gmt":"2026-05-26T16:31:20","slug":"muenchen-heute-nachrichten-vom-26-05-2026-muenchen","status":"publish","type":"post","link":"https:\/\/www.europesays.com\/de\/1047840\/","title":{"rendered":"M\u00fcnchen heute &#8211; Nachrichten vom 26.05.2026 &#8211; M\u00fcnchen"},"content":{"rendered":"<p data-manual=\"paragraph\" data-schema-org-speakable=\"true\" class=\"css-1eosz7k\"><strong>DER TAG IN <\/strong><strong><a href=\"https:\/\/www.sueddeutsche.de\/thema\/M%C3%BCnchen\" rel=\"nofollow noopener\" target=\"_blank\">M\u00dcNCHEN<\/a><\/strong><\/p>\n<p data-manual=\"paragraph\" data-schema-org-speakable=\"true\" class=\"css-1eosz7k\"><strong>\u201eDas Bier soll am Mittwoch genauso schmecken wie am Sonntag\u201c<\/strong> Als Braumeisterin arbeitet Annalena Ebner in einer absoluten M\u00e4nnerdom\u00e4ne \u2013 und in ihrem Traumjob. <a href=\"https:\/\/www.sueddeutsche.de\/projekte\/artikel\/muenchen\/muenchen-paulaner-bier-braumeisterin-annalena-ebner-e325890\/\" rel=\"nofollow noopener\" target=\"_blank\">Was sie tun muss, damit die Bierquelle nie versiegt, und wie es um ihren eigenen Konsum des Gerstensaftes bestellt ist (SZ Plus).<\/a><\/p>\n<p data-manual=\"paragraph\" data-schema-org-speakable=\"true\" class=\"css-1eosz7k\"><strong>Schlafen unm\u00f6glich: Wie eine M\u00fcnchner Mieterin seit Jahren gegen U-Bahn-L\u00e4rm k\u00e4mpft<\/strong> Seit mehr als 20 Jahren wohnt Petra Schneider \u00fcber dem U-Bahn-Tunnel von U3\/U6. Seit rund drei Jahren aber h\u00f6rt man es rumpeln \u2013 und sp\u00fcrt es auch. <a href=\"https:\/\/www.sueddeutsche.de\/muenchen\/muenchen-sendlinger-tor-u3-u6-laerm-wohnen-li.3325899\" rel=\"nofollow noopener\" target=\"_blank\">Doch trotz mehrerer Gutachten weisen die Stadtwerke das Problem von sich (SZ Plus).<\/a><\/p>\n<p data-manual=\"paragraph\" data-schema-org-speakable=\"true\" class=\"css-1eosz7k\"><strong>1860 droht der Sturz in die Regionalliga<\/strong> Hasan Ismaik k\u00fcndigt kurzfristig seinen Darlehensvertrag, Manfred Paula geht juristisch dagegen vor und wechselt in die Notgesch\u00e4ftsf\u00fchrung: <a href=\"https:\/\/www.sueddeutsche.de\/sport\/1860-muenchen-lizenz-3-liga-ismaik-darlehen-abstieg-regionalliga-li.3489178\" rel=\"nofollow noopener\" target=\"_blank\">Den L\u00f6wen fehlen zum 3. Juni 2,7 Millionen Euro f\u00fcr die Drittliga-Lizenz (SZ Plus).<\/a><\/p>\n<p data-manual=\"paragraph\" data-schema-org-speakable=\"true\" class=\"css-1eosz7k\"><strong>Warum die Stadt die Weiterf\u00fchrung der Geschenke-Stuben verhindert<\/strong> Fast ihr ganzes Leben hat Sieglinde Konrad in den Aufbau der Geschenke-Stuben im M\u00fcnchner Rathaus gesteckt, dann kam die Demenz. <a href=\"https:\/\/www.sueddeutsche.de\/muenchen\/muenchen-marienplatz-rathaus-souvenirs-geschenke-stuben-li.3487248\" rel=\"nofollow noopener\" target=\"_blank\">Die Stadt hat den Laden nun neu ausgeschrieben \u2013 obwohl ein Nachfolger bereitgestanden h\u00e4tte.<\/a><\/p>\n<p data-manual=\"paragraph\" data-schema-org-speakable=\"true\" class=\"css-1eosz7k\"><strong>Mehr als 2000 Euro weg, weil der Personalausweis gestohlen wurde<\/strong> Eine Frau darf ohne das Dokument nicht an Bord eines Kreuzfahrtschiffes. <a href=\"https:\/\/www.sueddeutsche.de\/muenchen\/kreuzfahrt-personalausweis-diebstahl-kosten-urteil-muenchen-li.3485841\" rel=\"nofollow noopener\" target=\"_blank\">Sie verlangt die Reisekosten zur\u00fcck, doch der Richter sieht die Schuld eher bei ihr.<\/a><\/p>\n<p data-manual=\"paragraph\" data-schema-org-speakable=\"true\" class=\"css-1eosz7k\"><strong>WEITERE NACHRICHTEN<\/strong><\/p>\n<p data-manual=\"paragraph\" data-schema-org-speakable=\"true\" class=\"css-1eosz7k\"><strong>Urteil des Landgerichts:<\/strong>\u00a0<a href=\"https:\/\/www.sueddeutsche.de\/muenchen\/fuerstenfeldbruck\/olching-todesfahrt-urteil-psychiatrieeinweisung-li.3489207\" rel=\"nofollow noopener\" target=\"_blank\">33-J\u00e4hriger \u00fcberf\u00e4hrt Zufallsopfer und muss in Psychiatrie<\/a><\/p>\n<p data-manual=\"paragraph\" data-schema-org-speakable=\"true\" class=\"css-1eosz7k\"><strong>St. Johannes in <\/strong><strong><a href=\"https:\/\/www.sueddeutsche.de\/thema\/Haidhausen\" rel=\"nofollow noopener\" target=\"_blank\">Haidhausen<\/a><\/strong><strong>:<\/strong>\u00a0<a href=\"https:\/\/www.sueddeutsche.de\/muenchen\/muenchen-kirche-brand-st-johannes-feuerwehr-li.3489356\" rel=\"nofollow noopener\" target=\"_blank\">Polizei ermittelt wegen schwere Brandstiftung in Kirche<\/a><\/p>\n<p data-manual=\"paragraph\" data-schema-org-speakable=\"true\" class=\"css-1eosz7k\"><strong>Bauarbeiten im Juni:<\/strong>\u00a0<a href=\"https:\/\/www.sueddeutsche.de\/muenchen\/muenchen-verkehr-s-bahn-stammstrecke-juni-bauarbeiten-li.3489284\" rel=\"nofollow noopener\" target=\"_blank\">Wieder Einschr\u00e4nkungen auf der Stammstrecke<\/a><\/p>\n<p data-manual=\"paragraph\" data-schema-org-speakable=\"true\" class=\"css-1eosz7k\"><strong>M\u00dcNCHEN ERLESEN<\/strong><\/p>\n<p><a href=\"https:\/\/www.sueddeutsche.de\/muenchen\/generation-z-erwachsenwerden-freiheit-verantwortung-li.3485939\" aria-label=\"Artikelverlinkung:\" data-track-szde=\"{&quot;event&quot;:&quot;teaser_clicked&quot;,&quot;teaser_clicked&quot;:{&quot;article_title&quot;:&quot;alle_wollen_frei_sein_und_dann_kommt_die_realitaet&quot;,&quot;doctype&quot;:&quot;&quot;,&quot;label&quot;:&quot;szplus&quot;,&quot;main_topic&quot;:&quot;leben_und_gesellschaft_in_muenchen&quot;,&quot;object_id&quot;:&quot;li.3485939&quot;,&quot;pcat&quot;:&quot;paid&quot;,&quot;section&quot;:&quot;muenchen&quot;,&quot;teaser_type&quot;:&quot;article_teaser_top&quot;}}\" data-manual=\"teaser-url\" data-tb-link=\"\" aria-labelledby=\"teaser-httpswwwsueddeutschedemuenchengeneration-z-erwachsenwerden-freiheit-verantwortung-li3485939\" class=\"css-14tg8sh\" rel=\"nofollow noopener\" target=\"_blank\"><img decoding=\"async\" src=\"https:\/\/www.europesays.com\/de\/wp-content\/uploads\/2026\/05\/aa90eeb8-1fcb-442a-9d68-edfed60ca4ee.jpg\"   alt=\"\" loading=\"lazy\" class=\"css-8atqhb\"\/><\/p>\n<p>Die Gen Z wird erwachsen<\/p>\n<p>:Alle wollen frei sein. Und dann kommt die Realit\u00e4t<\/p>\n<p class=\"css-a6ecqs\" data-manual=\"teaser-text\" data-tb-description=\"\" data-schema-org-speakable=\"true\">Sie lebten in WGs, feierten, blieben ungebunden \u2013 bis das Leben pl\u00f6tzlich Konsequenzen hatte. Drei junge Frauen \u00fcber den Moment, in dem aus Leichtigkeit pl\u00f6tzlich Verantwortung wird.<\/p>\n<p>SZ PlusVon Sophie-Louise Gartmann<a href=\"https:\/\/www.sueddeutsche.de\/muenchen\/muenchen-bauen-grossbaustellen-teuer-preise-interview-yves-padrines-nemetschek-li.3475720\" aria-label=\"Artikelverlinkung:\" data-track-szde=\"{&quot;event&quot;:&quot;teaser_clicked&quot;,&quot;teaser_clicked&quot;:{&quot;article_title&quot;:&quot;deutschland_ist_beim_bauen_zu_langsam_und_zu_vorsichtig&quot;,&quot;doctype&quot;:&quot;&quot;,&quot;label&quot;:&quot;szplus&quot;,&quot;main_topic&quot;:&quot;immobilien_und_wohnen_in_muenchen&quot;,&quot;object_id&quot;:&quot;li.3475720&quot;,&quot;pcat&quot;:&quot;paid&quot;,&quot;section&quot;:&quot;muenchen&quot;,&quot;teaser_type&quot;:&quot;article_teaser_top&quot;}}\" data-manual=\"teaser-url\" data-tb-link=\"\" aria-labelledby=\"teaser-httpswwwsueddeutschedemuenchenmuenchen-bauen-grossbaustellen-teuer-preise-interview-yves-padrines-nemetschek-li3475720\" class=\"css-14tg8sh\" rel=\"nofollow noopener\" target=\"_blank\"><img decoding=\"async\" src=\"https:\/\/www.europesays.com\/de\/wp-content\/uploads\/2026\/05\/a0fcfbc7-6ed7-4df8-b0c1-d204fded3c20.jpg\"   alt=\"\" loading=\"lazy\" class=\"css-8atqhb\"\/><\/p>\n<p>Digitalisierung der Immobilienbranche<\/p>\n<p>:\u201eDeutschland ist beim Bauen zu langsam und zu vorsichtig\u201c<\/p>\n<p class=\"css-a6ecqs\" data-manual=\"teaser-text\" data-tb-description=\"\" data-schema-org-speakable=\"true\">Yves Padrines leitet das Unternehmen Nemetschek, das die Digitalisierung im Bau vorantreiben will. Warum aus seiner Sicht Projekte wie der M\u00fcnchner Hauptbahnhof oder die zweite Stammstrecke viele Jahre brauchen \u2013 und wie die Arbeiten schneller gehen k\u00f6nnten.<\/p>\n<p>SZ PlusInterview von Catherine Hoffmann<\/p>\n<p data-manual=\"paragraph\" data-schema-org-speakable=\"true\" class=\"css-1eosz7k\"><strong>UNSER FREIZEITTIPP<\/strong><\/p>\n<p><a href=\"https:\/\/www.sueddeutsche.de\/muenchen\/muenchen-deutsches-museum-onetutor-kuenstliche-intelligenz-ausstellung-planetary-health-li.3464114\" aria-label=\"Artikelverlinkung:\" data-track-szde=\"{&quot;event&quot;:&quot;teaser_clicked&quot;,&quot;teaser_clicked&quot;:{&quot;article_title&quot;:&quot;so_geht_lernen_mit_ki&quot;,&quot;doctype&quot;:&quot;&quot;,&quot;label&quot;:&quot;szplus&quot;,&quot;main_topic&quot;:&quot;leben_und_gesellschaft_in_muenchen&quot;,&quot;object_id&quot;:&quot;li.3464114&quot;,&quot;pcat&quot;:&quot;paid&quot;,&quot;section&quot;:&quot;muenchen&quot;,&quot;teaser_type&quot;:&quot;article_teaser_top&quot;}}\" data-manual=\"teaser-url\" data-tb-link=\"\" aria-labelledby=\"teaser-httpswwwsueddeutschedemuenchenmuenchen-deutsches-museum-onetutor-kuenstliche-intelligenz-ausstellung-planetary-health-li3464114\" class=\"css-14tg8sh\" rel=\"nofollow noopener\" target=\"_blank\"><img decoding=\"async\" src=\"https:\/\/www.europesays.com\/de\/wp-content\/uploads\/2026\/05\/8d81f5c5-799e-4fba-bed0-d29815bcc182.jpg\"   alt=\"\" loading=\"lazy\" class=\"css-8atqhb\"\/><\/p>\n<p>Start-up-Idee im Deutschen Museum<\/p>\n<p>:So geht lernen mit KI<\/p>\n<p class=\"css-a6ecqs\" data-manual=\"teaser-text\" data-tb-description=\"\" data-schema-org-speakable=\"true\">Zusammen mit Kommilitonen programmierten Philipp Csistian und  Nicolas Ebner eine k\u00fcnstliche Intelligenz, die Studierende unterst\u00fctzt. Ihr Start-up ist ein Riesenerfolg. Jetzt haben sie einen Guide f\u00fcrs Deutsche Museum entwickelt.<\/p>\n<p>SZ PlusVon Martina Scherf<\/p>\n<p data-manual=\"paragraph\" data-schema-org-speakable=\"true\" class=\"css-1eosz7k\"><a href=\"https:\/\/www.sueddeutsche.de\/thema\/Restaurants\" rel=\"nofollow noopener\" target=\"_blank\">Restaurants in M\u00fcnchen<\/a> | <a href=\"https:\/\/www.sueddeutsche.de\/thema\/Bars\" rel=\"nofollow noopener\" target=\"_blank\">Bars in M\u00fcnchen<\/a> | <a href=\"https:\/\/www.sueddeutsche.de\/thema\/Fr%C3%BChst%C3%BCck_und_Brunch\" rel=\"nofollow noopener\" target=\"_blank\">Fr\u00fchst\u00fcck und Brunch<\/a><br \/><strong>Zu den Landkreisen:<\/strong> <a href=\"https:\/\/www.sueddeutsche.de\/muenchen\/wolfratshausen\" rel=\"nofollow noopener\" target=\"_blank\">Bad T\u00f6lz-Wolfratshausen<\/a> | <a href=\"https:\/\/www.sueddeutsche.de\/muenchen\/dachau\" rel=\"nofollow noopener\" target=\"_blank\">Dachau<\/a> | <a href=\"https:\/\/www.sueddeutsche.de\/muenchen\/ebersberg\" rel=\"nofollow noopener\" target=\"_blank\">Ebersberg<\/a> | <a href=\"https:\/\/www.sueddeutsche.de\/muenchen\/erding\" rel=\"nofollow noopener\" target=\"_blank\">Erding<\/a> | <a href=\"https:\/\/www.sueddeutsche.de\/muenchen\/freising\" rel=\"nofollow noopener\" target=\"_blank\">Freising<\/a> | <a href=\"https:\/\/www.sueddeutsche.de\/muenchen\/fuerstenfeldbruck\" rel=\"nofollow noopener\" target=\"_blank\">F\u00fcrstenfeldbruck<\/a> | <a href=\"https:\/\/www.sueddeutsche.de\/muenchen\/landkreismuenchen\" rel=\"nofollow noopener\" target=\"_blank\">M\u00fcnchen<\/a> | <a href=\"https:\/\/www.sueddeutsche.de\/muenchen\/starnberg\" rel=\"nofollow noopener\" target=\"_blank\">Starnberg<\/a><\/p>\n","protected":false},"excerpt":{"rendered":"DER TAG IN M\u00dcNCHEN \u201eDas Bier soll am Mittwoch genauso schmecken wie am Sonntag\u201c Als Braumeisterin arbeitet Annalena&hellip;\n","protected":false},"author":2,"featured_media":387201,"comment_status":"","ping_status":"","sticky":false,"template":"","format":"standard","meta":{"footnotes":"","_share_on_mastodon":"0"},"categories":[1827],"tags":[772,29,30,3192,38033,80,1268,2338,2339,97,60580,149],"class_list":["post-1047840","post","type-post","status-publish","format-standard","has-post-thumbnail","category-muenchen","tag-bayern","tag-deutschland","tag-germany","tag-haidhausen","tag-iaa","tag-kultur","tag-muenchen","tag-newsletter","tag-oberbayern","tag-oper","tag-ostbahnhof-muenchen","tag-sueddeutsche-zeitung"],"share_on_mastodon":{"url":"https:\/\/pubeurope.com\/@de\/116641838512150506","error":""},"_links":{"self":[{"href":"https:\/\/www.europesays.com\/de\/wp-json\/wp\/v2\/posts\/1047840","targetHints":{"allow":["GET"]}}],"collection":[{"href":"https:\/\/www.europesays.com\/de\/wp-json\/wp\/v2\/posts"}],"about":[{"href":"https:\/\/www.europesays.com\/de\/wp-json\/wp\/v2\/types\/post"}],"author":[{"embeddable":true,"href":"https:\/\/www.europesays.com\/de\/wp-json\/wp\/v2\/users\/2"}],"replies":[{"embeddable":true,"href":"https:\/\/www.europesays.com\/de\/wp-json\/wp\/v2\/comments?post=1047840"}],"version-history":[{"count":0,"href":"https:\/\/www.europesays.com\/de\/wp-json\/wp\/v2\/posts\/1047840\/revisions"}],"wp:featuredmedia":[{"embeddable":true,"href":"https:\/\/www.europesays.com\/de\/wp-json\/wp\/v2\/media\/387201"}],"wp:attachment":[{"href":"https:\/\/www.europesays.com\/de\/wp-json\/wp\/v2\/media?parent=1047840"}],"wp:term":[{"taxonomy":"category","embeddable":true,"href":"https:\/\/www.europesays.com\/de\/wp-json\/wp\/v2\/categories?post=1047840"},{"taxonomy":"post_tag","embeddable":true,"href":"https:\/\/www.europesays.com\/de\/wp-json\/wp\/v2\/tags?post=1047840"}],"curies":[{"name":"wp","href":"https:\/\/api.w.org\/{rel}","templated":true}]}}