{"id":1047951,"date":"2026-05-26T17:37:24","date_gmt":"2026-05-26T17:37:24","guid":{"rendered":"https:\/\/www.europesays.com\/de\/1047951\/"},"modified":"2026-05-26T17:37:24","modified_gmt":"2026-05-26T17:37:24","slug":"dresden-berlin-berlins-digitalisierungs-staatssekretaer-bittet-um-entlassung","status":"publish","type":"post","link":"https:\/\/www.europesays.com\/de\/1047951\/","title":{"rendered":"Dresden-Berlin: Berlins Digitalisierungs-Staatssekret\u00e4r bittet um Entlassung"},"content":{"rendered":"<p class=\"paragraph article__item\"><a class=\"rtr-entity\" href=\"https:\/\/www.zeit.de\/thema\/berlin\" rel=\"nofollow noopener\" target=\"_blank\">Berlins<\/a> Staatssekret\u00e4r f\u00fcr Digitalisierung und Verwaltungsmodernisierung, Matthias Hundt, tritt nach nur gut zwei Monaten im Amt zur\u00fcck. Er war erst Mitte M\u00e4rz aus Dresden an die Spree gewechselt. Hundt teilte mit, er habe den Regierenden B\u00fcrgermeister darum gebeten, ihn von seinen Aufgaben zu entbinden. Eine Senatssprecherin sagte, Berlins Regierender B\u00fcrgermeister Kai Wegner (CDU) werde der Bitte entsprechen.\u00a0\n<\/p>\n<p>Aktuelles<\/p>\n<p>                <a href=\"https:\/\/www.zeit.de\/sport\/2026-05\/berlin-olympia-bewerbung-abstimmung-abgeordnetenhaus-mehrheit-gxe\" data-ct-label=\"Olympia-Bewerbung: Berliner Abgeordnetenhaus stimmt f\u00fcr Olympia-Bewerbung\" data-uuid=\"6d96da9e-b172-4064-87b8-121a4646518c\" rel=\"nofollow noopener\" target=\"_blank\"><\/p>\n<p>                        Olympia-Bewerbung:<br \/>\n                        Berliner Abgeordnetenhaus stimmt f\u00fcr Olympia-Bewerbung<\/p>\n<p>                <\/a><\/p>\n<p>                <a href=\"https:\/\/www.zeit.de\/feuilleton\/2026-04\/stefan-evers-cdu-finanzsenator-kultursenator-berlin\" data-ct-label=\"Stefan Evers: Jetzt \u00fcbernimmt der Sparer\" data-uuid=\"c61aa5a4-2d5a-4f4f-9dfe-00333883ce50\" rel=\"nofollow noopener\" target=\"_blank\"><\/p>\n<p>                        Stefan Evers:<br \/>\n                        Jetzt \u00fcbernimmt der Sparer<\/p>\n<p>                <\/a><\/p>\n<p>                <a href=\"https:\/\/www.zeit.de\/politik\/deutschland\/2026-04\/berlin-kultursenat-evers-wedl-wilson-foerdermittel\" data-ct-label=\"Berlin: Finanzsenator Stefan Evers \u00fcbernimmt auch Berliner Kultursenat\" data-uuid=\"02e47f07-3ca2-453a-a010-3f9bfa3944c0\" rel=\"nofollow noopener\" target=\"_blank\"><\/p>\n<p>                        Berlin:<br \/>\n                        Finanzsenator Stefan Evers \u00fcbernimmt auch Berliner Kultursenat<\/p>\n<p>                <\/a><\/p>\n<p class=\"paragraph article__item\">\u00abIch habe mein Amt angetreten, um in Berlin etwas zu ver\u00e4ndern. Die aktuelle Medienkampagne l\u00e4sst mir hierzu keine Chance\u00bb, hie\u00df es in der Erkl\u00e4rung Hundts. Er sprach von einer unertr\u00e4glichen Belastung f\u00fcr sich und seine Familie. \u00abIch bedaure sehr, dass es so gekommen ist, und w\u00fcnsche meinem Nachfolger oder meiner Nachfolgerin viel Erfolg bei den anstehenden Aufgaben.\u00bb\n<\/p>\n<p>        Ermittlungen im Zusammenhang mit Firmeninsolvenz        <\/p>\n<p class=\"paragraph article__item\">Zuvor war durch Recherchen von MDR und RBB bekannt geworden, dass die Staatsanwaltschaft Dresden im Kontext der Insolvenz einer Firma Hundts ermittelt. Laut Staatsanwaltschaft Dresden wurde am 25. November 2025 ein Insolvenzverfahren \u00fcber das Verm\u00f6gen von Hundts Beratungsunternehmen SDC Sachsen Digital Consulting GmbH er\u00f6ffnet.\u00a0\n<\/p>\n<p class=\"paragraph article__item\">Nach Angaben eines Sprechers leitete die Beh\u00f6rde in diesem Zusammenhang ein Ermittlungsverfahren wegen verschiedener Insolvenzstraftaten ein. \u00abWeitere Ausk\u00fcnfte k\u00f6nnen derzeit im Hinblick auf die laufenden Ermittlungen nicht erteilt werden\u00bb, erkl\u00e4rte er auf dpa-Anfrage. Es gilt die Unschuldsvermutung.\u00a0\n<\/p>\n<p class=\"paragraph article__item\">Ein Anwalt Hundts erkl\u00e4rte zu dem Vorgang auf dpa-Anfrage: \u00abMein Mandant hat sich mit allen wesentlichen Beteiligten, die von der Insolvenz betroffen sind, geeinigt. Weshalb und gegen wen die Staatsanwaltschaft ermittelt, erfahren wir leider nicht. Mein Mandant hat sich jedenfalls nichts zuschulden kommen lassen.\u00bb\n<\/p>\n<p>        Erst Mitte M\u00e4rz in Berlin gestartet        <\/p>\n<p class=\"paragraph article__item\">Der geb\u00fcrtige Dresdner Hundt, Jahrgang 1969, war Mitte M\u00e4rz zum Chief Digital Officer und Staatssekret\u00e4r f\u00fcr <a class=\"rtr-entity\" href=\"https:\/\/www.zeit.de\/thema\/digitalisierung\" rel=\"nofollow noopener\" target=\"_blank\">Digitalisierung<\/a> und Verwaltungsmodernisierung in der Berliner Senatskanzlei ernannt worden. Er folgte auf Martina Klement, die als Wirtschaftsministerin in die Brandenburger Landesregierung wechselte.\n<\/p>\n<p class=\"paragraph article__item\">\u00abMatthias Hundt wird die Digitalisierung der Berliner Verwaltung voranbringen und dabei einen Fokus auf EGovernment, aber auch auf die IT-Sicherheit und Schutz der kritischen Infrastruktur legen\u00bb, hatte <a class=\"rtr-entity\" href=\"https:\/\/www.zeit.de\/thema\/kai-wegner\" rel=\"nofollow noopener\" target=\"_blank\">Wegner<\/a> anl\u00e4sslich seiner Ernennung erkl\u00e4rt. Neben der im Wesentlichen abgeschlossenen Verwaltungsreform, die als gro\u00dfer Wurf Wegners wie auch Klements gilt, geh\u00f6rten die Digitalisierung von Verwaltungsdienstleistungen wie auch die E-Akte zu Hundts Aufgabengebiet.\u00a0\n<\/p>\n<p>                        Personalie wirft kein gutes Licht auf Wegner        <\/p>\n<p class=\"paragraph article__item\">Dass ein Staatssekret\u00e4r nach nur gut zwei Monaten im Amt zur\u00fccktritt, kommt sehr selten vor. Die Personalie wirft kein gutes Licht auf die Personalpolitik des Regierenden B\u00fcrgermeisters in Berlin, der Hundt ausgesucht und ernannt hatte.\u00a0\n<\/p>\n<p class=\"paragraph article__item\">Berlins SPD-Landeschef Steffen Krach warf Wegner vor, er sei mit seinem Amt \u00fcberfordert. \u00abDie Auswahl und der Abgang von Herrn Hundt ist ein weiterer Tiefpunkt und er trifft ausgerechnet das einzige Vorhaben, das sich Kai Wegner selbst auf die Fahnen geschrieben hat\u00bb, sagte der Spitzenkandidat f\u00fcr die Abgeordnetenhauswahl im September.\n<\/p>\n<p class=\"paragraph article__item\">Wegner steht im Wahljahr ohnehin unter Druck. Sein Krisenmanagement nach dem gro\u00dfen Stromausfall infolge eines Brandanschlags im Januar sorgte f\u00fcr viel Kritik &#8211; nicht zuletzt, weil er ein Tennismatch am ersten Tag zun\u00e4chst verschwieg. Details seiner Abl\u00e4ufe an jenem 3. Januar sind bis heute unklar.\n<\/p>\n<p class=\"paragraph article__item\">\u00a9 dpa-infocom, dpa:260526-930-132257\/2<\/p>\n","protected":false},"excerpt":{"rendered":"Berlins Staatssekret\u00e4r f\u00fcr Digitalisierung und Verwaltungsmodernisierung, Matthias Hundt, tritt nach nur gut zwei Monaten im Amt zur\u00fcck. Er&hellip;\n","protected":false},"author":2,"featured_media":1047952,"comment_status":"","ping_status":"","sticky":false,"template":"","format":"standard","meta":{"footnotes":"","_share_on_mastodon":"0"},"categories":[1835],"tags":[296,31,3364,29,2386,208982,6438,30,2384,224178,15,859,30754,43707,212080],"class_list":["post-1047951","post","type-post","status-publish","format-standard","has-post-thumbnail","category-dresden","tag-berlin","tag-cdu","tag-de","tag-deutschland","tag-dresden","tag-dresden-berlin","tag-entlassung","tag-germany","tag-kai-wegner","tag-matthias-hundt","tag-news","tag-sachsen","tag-spree","tag-staatsanwaltschaft-dresden","tag-verwaltungsmodernisierung"],"share_on_mastodon":{"url":"https:\/\/pubeurope.com\/@de\/116642097016264028","error":""},"_links":{"self":[{"href":"https:\/\/www.europesays.com\/de\/wp-json\/wp\/v2\/posts\/1047951","targetHints":{"allow":["GET"]}}],"collection":[{"href":"https:\/\/www.europesays.com\/de\/wp-json\/wp\/v2\/posts"}],"about":[{"href":"https:\/\/www.europesays.com\/de\/wp-json\/wp\/v2\/types\/post"}],"author":[{"embeddable":true,"href":"https:\/\/www.europesays.com\/de\/wp-json\/wp\/v2\/users\/2"}],"replies":[{"embeddable":true,"href":"https:\/\/www.europesays.com\/de\/wp-json\/wp\/v2\/comments?post=1047951"}],"version-history":[{"count":0,"href":"https:\/\/www.europesays.com\/de\/wp-json\/wp\/v2\/posts\/1047951\/revisions"}],"wp:featuredmedia":[{"embeddable":true,"href":"https:\/\/www.europesays.com\/de\/wp-json\/wp\/v2\/media\/1047952"}],"wp:attachment":[{"href":"https:\/\/www.europesays.com\/de\/wp-json\/wp\/v2\/media?parent=1047951"}],"wp:term":[{"taxonomy":"category","embeddable":true,"href":"https:\/\/www.europesays.com\/de\/wp-json\/wp\/v2\/categories?post=1047951"},{"taxonomy":"post_tag","embeddable":true,"href":"https:\/\/www.europesays.com\/de\/wp-json\/wp\/v2\/tags?post=1047951"}],"curies":[{"name":"wp","href":"https:\/\/api.w.org\/{rel}","templated":true}]}}