{"id":1048113,"date":"2026-05-26T19:30:28","date_gmt":"2026-05-26T19:30:28","guid":{"rendered":"https:\/\/www.europesays.com\/de\/1048113\/"},"modified":"2026-05-26T19:30:28","modified_gmt":"2026-05-26T19:30:28","slug":"fussball-conference-league-das-muessen-sie-zum-conference-league-finale-in-leipzig-wissen","status":"publish","type":"post","link":"https:\/\/www.europesays.com\/de\/1048113\/","title":{"rendered":"Fu\u00dfball | Conference League: Das m\u00fcssen Sie zum Conference-League-Finale in Leipzig wissen"},"content":{"rendered":"<p>            <img loading=\"lazy\" decoding=\"async\" class=\"ts-image\" src=\"https:\/\/www.europesays.com\/de\/wp-content\/uploads\/2026\/05\/mdr-leipzig-ist-austragungsort-des-diesjaehrigen-finales-der-uefa-conference-league-das-finale-finde.jpeg\" alt=\"Leipzig ist Austragungsort des diesj\u00e4hrigen Finales der UEFA Conference League. Das Finale findet am 27.05.2026 statt. Auf dem Marktplatz pr\u00e4sentierte die Uefa den Siegerpokal. \" title=\"Leipzig ist Austragungsort des diesj\u00e4hrigen Finales der UEFA Conference League. Das Finale findet am 27.05.2026 statt. Auf dem Marktplatz pr\u00e4sentierte die Uefa den Siegerpokal.  | IMAGO\/Picture Point\"\/><\/p>\n<p class=\"metatextline\">Stand: 25.05.2026 \u2022 20:27 Uhr<\/p>\n<p class=\"article-head__shorttext\">\n        <strong><strong>Europapokal-Feeling in Leipzig &#8211; nicht erst ab Herbst, wenn in der Messestadt wieder Champions League gespielt wird. In dieser Woche findet das Conference-League-Finale statt &#8211; mit Teams aus England und Spanien. Hier gibt&#8217;s alle Infos rund um das Endspiel.<\/strong><\/strong>\n    <\/p>\n<p>    Wer, wann und wo?<\/p>\n<p class=\"textabsatz m-ten m-offset-one l-eight l-offset-two columns twelve\">Erstmals in der Geschichte der Stadt Leipzig findet am Mittwoch (27. Mai 2026, 21 Uhr) das Finale eines Fu\u00dfball-Europapokals statt. In der Conference League, dem j\u00fcngsten UEFA-Wettbewerb, wird der erst f\u00fcnfte Titeltr\u00e4ger ermittelt. Im fr\u00fcheren Leipziger Zentralstadion, das f\u00fcr einen Tag zum Leipzig Stadium wird, stehen sich <strong>Crystal Palace aus England und der spanische Klub Rayo Vallecano<\/strong> gegen\u00fcber.<\/p>\n<p>    Die Final-Gegner<\/p>\n<p class=\"textabsatz m-ten m-offset-one l-eight l-offset-two columns twelve\">Sowohl Premier-League-Klub Crystal Palace als auch La-Liga-Vertreter Rayo Vallecano greifen erstmals nach einem europ\u00e4ischen Pokal. Sowohl die vom fr\u00fcheren Eintracht-Frankfurt-Trainer Oliver Glasner betreuten &#8222;Adler&#8220; aus London als auch die &#8222;Roten Streifen&#8220; mit dem Blitz aus Madrid schafften es erst \u00fcber die Conference-Quali in den Wettbewerb \u2013 und nun ins Finale.<\/p>\n<p>    Crystal Palace<\/p>\n<p class=\"textabsatz--contains-image  m-six l-five textabsatz columns twelve\">Bei den Engl\u00e4ndern m\u00f6chte sich Trainer Oliver Glasner mit dem dritten Titel verabschieden: Mit dem \u00d6sterreicher gewannen die Londoner im vergangenen Jahr sensationell den FA-Cup gegen Manchester City und sp\u00e4ter auch den englischen Supercup, den FA Community Shield. F\u00fcr den 51-j\u00e4hrigen Glasner w\u00e4re es nach dem Europa-League-Sieg 2022 mit Eintracht Frankfurt sogar der vierte Titel in vier Jahren. &#8222;Es wird ein fantastisches letztes Spiel. Ich verspreche, dass wir alles geben werden, um die Silberware zu Palace zu bringen&#8220;, sagte Glasner im Vorfeld.<\/p>\n<p class=\"absatzbild__info__text\">\n                        Palace-Trainer Oliver Glasner (re.) mit Toptorsch\u00fctze Jean-Philippe Mateta (li.).\n                    <\/p>\n<p class=\"textabsatz m-ten m-offset-one l-eight l-offset-two columns twelve\">Bei den Wettanbietern sind die Engl\u00e4nder Favorit. Die Generalprobe am vergangenen Wochenende in der Liga ging allerdings schief \u2013 gegen Meister Arsenal verloren die &#8222;Eagles&#8220;. Zum Saisonende hat das Team um Frankreichs Nationalspieler und Ex-Mainz-05-Torj\u00e4ger Jean-Philippe Mateta in der heimischen Premier League sechs Spiele in Folge nicht gewonnen, ist auf Rang 15 abgerutscht. Verabschieden will sich Glasner aber mit einem Sieg: &#8222;Wir haben den Spirit, das Selbstvertrauen im Team \u2013 wenn wir uns gegenseitig unterst\u00fctzen, ist alles m\u00f6glich.&#8220;<\/p>\n<p>    Rayo Vallecano<\/p>\n<p class=\"textabsatz--contains-image  m-six l-five textabsatz columns twelve\">Wie Palace in England war auch Rayo Vallecano aus dem Madrider Stadtviertel Vallecas lange Zeit eine typische Fahrstuhlmannschaft zwischen erster und zweiter Liga in Spanien. Seit 2021 hat sich das Team um den aktuellen Trainer Inigo Perez in der Primera Division etabliert, hat die vergangenen beiden Spielzeiten auf Rang acht beendet. Anders als bei Palace lief es bei den Spaniern mit Rayo, einem Blitz im Wappen, zuletzt richtig gut in der Liga. Sieben Spiele in Serie verloren die Madrilenen nicht, besiegten dabei u.a. den Tabellendritten aus Villareal und verbesserten sich so von Rang 14 auf Platz acht.<\/p>\n<p class=\"absatzbild__info__text\">\n                        Vallecano-Spieler jubeln nach dem Halbfinalsieg bei Racing Strasbourg.\n                    <\/p>\n<p>    Toni Polster kickte f\u00fcr Rayo<\/p>\n<p class=\"textabsatz--contains-image  m-six l-five textabsatz columns twelve\">Vallecano kommt ohne gro\u00dfe Stars im aktuellen Kader aus. In der Vergangenheit trugen zwar schon \u00d6sterreichs Rekordspieler Toni Polster, die mexikanische Legende Hugo Sanchez oder der fr\u00fchere spanische Nationalspieler Diego Costa das Trikot mit dem Blitz \u2013 im aktuellen Kader sind der 38-fache rum\u00e4nische Nationalspieler Andrei Ratu und Senegals 29-maliger Nationalspieler Path\u00e9 Ciss die international erfahrensten Spieler. Im Conference-League-Halbfinale warfen die Spanier Racing Strasbourg aus Frankreich aus dem Wettbewerb.<\/p>\n<p class=\"absatzbild__info__text\">\n                        \u00d6sterreichs Toni Polster kickte 1993 f\u00fcr Rayo.\n                    <\/p>\n<p class=\"textabsatz m-ten m-offset-one l-eight l-offset-two columns twelve\">Nach dem Finaleinzug sagte Rayo-Coach Perez, er habe &#8222;die besten Momente meiner Mannschaft gesehen, sie war defensiv, offensiv, emotional auf h\u00f6chstem Niveau. Das erf\u00fcllt mich mit Stolz.&#8220; Den Fans, die sich politisch eher linksalternativ verorten, w\u00fcnschte Perez mit Blick auf das Finale in Leipzig: &#8222;Ich will nicht sagen, dass das Finale in Leipzig die gr\u00f6\u00dfte Erinnerung sein wird. Aber wenn sie sp\u00e4ter zur\u00fcckblicken, wird das Endspiel hoffentlich zu ihren bedeutendsten Erinnerungen geh\u00f6ren.&#8220;<\/p>\n<p class=\"absatzbild__info__text\">\n                        Blick auf das Leipziger Stadion &#8211; noch gibt es Restkarten f\u00fcr das Finale.\n                    <\/p>\n<p>    Stadionkapazit\u00e4t verkleinert &#8211; noch Restkarten<\/p>\n<p class=\"textabsatz m-ten m-offset-one l-eight l-offset-two columns twelve\">Im Leipziger Stadion, das beim Finale keine Stehpl\u00e4tze hat und daher auf eine Zuschauerzahl von 39.700 reduziert (normalerweise 47.800) wurde, werden die spanischen Fans die n\u00f6rdliche H\u00e4lfte bekommen. Die englischen Anh\u00e4nger bekommen die H\u00e4lfte, auf der sich normalerweise die Leipziger Fankurve befindet. W\u00e4hrend die Fankurven ausverkauft sind, gab es am Montag auf allen anderen Pl\u00e4tzen noch Restpl\u00e4tze \u2013 zum Preis von 110 Euro bis 490 Euro pro Platz.<\/p>\n<p class=\"absatzbild__info__text\">\n                        Leipzig ist Austragungsort des diesj\u00e4hrigen Finales der UEFA Conference League. Das Finale findet am 27.05.2026 statt. Auf dem Marktplatz pr\u00e4sentierte die Uefa den Siegerpokal.\n                    <\/p>\n<p>    Fanfest in Leipzig &#8211; mit Public Viewing<\/p>\n<p class=\"textabsatz m-ten m-offset-one l-eight l-offset-two columns twelve\">Seit dem Pfingst-Wochenende sind einige der englischen und spanischen Fu\u00dfballfans bereits in der Stadt. Und hier k\u00f6nnen sie unter anderem zum Fanfest auf dem Leipziger Marktplatz \u2013 das l\u00e4uft seit Pfingstmontag (25. Mai 2026) und lockt mit einem bunten Rahmenprogramm, verschiedenen Musik-Acts, einem kleinen Fu\u00dfballplatz, Diskussionsveranstaltungen. Auf dem Marktplatz wird am Mittwochabend auch das Finale \u00fcbertragen, rund 4.000 Fans k\u00f6nnen beim Public Viewing dabei sein. Auf dem Marktplatz ist \u00fcbrigens auch der Pokal ausgestellt, der nach dem Finale dann dem Siegerteam \u00fcbergeben wird. F\u00fcr Selfies der Fans mit dem Pott.<\/p>\n<p class=\"textabsatz m-ten m-offset-one l-eight l-offset-two columns twelve\">Dirk Hofmeister<\/p>\n<p>                                        <a class=\"backlink__link\" href=\"https:\/\/www.mdr.de\/sport\/fussball_pokal\/vorschau-conference-league-finale-leipzig-crystal-palace-rayo-vallecano-100.html\" rel=\"nofollow noopener\" target=\"_blank\"><\/p>\n<p>                                                <img decoding=\"async\" src=\"https:\/\/images.sportschau.de\/image\/3b6f5760-8e5b-474f-ab60-9f42d5eba8e2\/AAABlap_eyE\/AAABnR8VW9w\/original\/lra-mdr-logo-100.svg\" alt=\"Mitteldeutscher Rundfunk\"\/><\/p>\n<p>                                        <\/a><\/p>\n","protected":false},"excerpt":{"rendered":"Stand: 25.05.2026 \u2022 20:27 Uhr Europapokal-Feeling in Leipzig &#8211; nicht erst ab Herbst, wenn in der Messestadt wieder&hellip;\n","protected":false},"author":2,"featured_media":1048114,"comment_status":"","ping_status":"","sticky":false,"template":"","format":"standard","meta":{"footnotes":"","_share_on_mastodon":"0"},"categories":[1832],"tags":[11733,26429,3364,29,12532,30,71,81,13644,859,265],"class_list":["post-1048113","post","type-post","status-publish","format-standard","has-post-thumbnail","category-leipzig","tag-conference-league","tag-crystal-palace","tag-de","tag-deutschland","tag-europapokal","tag-germany","tag-leipzig","tag-mdr","tag-oliver-glasner","tag-sachsen","tag-sport"],"share_on_mastodon":{"url":"https:\/\/pubeurope.com\/@de\/116642542135123833","error":""},"_links":{"self":[{"href":"https:\/\/www.europesays.com\/de\/wp-json\/wp\/v2\/posts\/1048113","targetHints":{"allow":["GET"]}}],"collection":[{"href":"https:\/\/www.europesays.com\/de\/wp-json\/wp\/v2\/posts"}],"about":[{"href":"https:\/\/www.europesays.com\/de\/wp-json\/wp\/v2\/types\/post"}],"author":[{"embeddable":true,"href":"https:\/\/www.europesays.com\/de\/wp-json\/wp\/v2\/users\/2"}],"replies":[{"embeddable":true,"href":"https:\/\/www.europesays.com\/de\/wp-json\/wp\/v2\/comments?post=1048113"}],"version-history":[{"count":0,"href":"https:\/\/www.europesays.com\/de\/wp-json\/wp\/v2\/posts\/1048113\/revisions"}],"wp:featuredmedia":[{"embeddable":true,"href":"https:\/\/www.europesays.com\/de\/wp-json\/wp\/v2\/media\/1048114"}],"wp:attachment":[{"href":"https:\/\/www.europesays.com\/de\/wp-json\/wp\/v2\/media?parent=1048113"}],"wp:term":[{"taxonomy":"category","embeddable":true,"href":"https:\/\/www.europesays.com\/de\/wp-json\/wp\/v2\/categories?post=1048113"},{"taxonomy":"post_tag","embeddable":true,"href":"https:\/\/www.europesays.com\/de\/wp-json\/wp\/v2\/tags?post=1048113"}],"curies":[{"name":"wp","href":"https:\/\/api.w.org\/{rel}","templated":true}]}}