{"id":1048129,"date":"2026-05-26T19:38:33","date_gmt":"2026-05-26T19:38:33","guid":{"rendered":"https:\/\/www.europesays.com\/de\/1048129\/"},"modified":"2026-05-26T19:38:33","modified_gmt":"2026-05-26T19:38:33","slug":"bericht-st-pauli-konkurrent-koeln-laesst-kaufoption-verstreichen","status":"publish","type":"post","link":"https:\/\/www.europesays.com\/de\/1048129\/","title":{"rendered":"Bericht: St. Pauli-Konkurrent K\u00f6ln l\u00e4sst Kaufoption verstreichen"},"content":{"rendered":"<p>Der 1. FC K\u00f6ln wird mit einem in Teilen ver\u00e4nderten Kader in die neue Saison gehen. <\/p>\n<p> Wohl nicht mehr dabei sein, wird Cenk \u00d6zkacar. So berichtet es der \u201eKicker\u201c. Trotz ansprechender Leistungen sollen die Gei\u00dfb\u00f6cke die Kaufoption f\u00fcr den 25-J\u00e4hrigen verstreichen lassen. \u00d6zkacar war seit vergangenem Sommer vom FC Valencia ausgeliehen. F\u00fcr rund zwei Millionen Euro h\u00e4tten die Domst\u00e4dter den Abwehrspieler fest verpflichten k\u00f6nnen. <\/p>\n","protected":false},"excerpt":{"rendered":"Der 1. FC K\u00f6ln wird mit einem in Teilen ver\u00e4nderten Kader in die neue Saison gehen. Wohl nicht&hellip;\n","protected":false},"author":2,"featured_media":422224,"comment_status":"","ping_status":"","sticky":false,"template":"","format":"standard","meta":{"footnotes":"","_share_on_mastodon":"0"},"categories":[1828],"tags":[623,92117,29,56007,30,8836,1420,19763,1209],"class_list":["post-1048129","post","type-post","status-publish","format-standard","has-post-thumbnail","category-koeln","tag-1-fc-koeln","tag-cenk-oezkacar","tag-deutschland","tag-fc-valencia","tag-germany","tag-kaufoption","tag-koeln","tag-leihe","tag-nordrhein-westfalen"],"share_on_mastodon":{"url":"https:\/\/pubeurope.com\/@de\/116642572325457722","error":""},"_links":{"self":[{"href":"https:\/\/www.europesays.com\/de\/wp-json\/wp\/v2\/posts\/1048129","targetHints":{"allow":["GET"]}}],"collection":[{"href":"https:\/\/www.europesays.com\/de\/wp-json\/wp\/v2\/posts"}],"about":[{"href":"https:\/\/www.europesays.com\/de\/wp-json\/wp\/v2\/types\/post"}],"author":[{"embeddable":true,"href":"https:\/\/www.europesays.com\/de\/wp-json\/wp\/v2\/users\/2"}],"replies":[{"embeddable":true,"href":"https:\/\/www.europesays.com\/de\/wp-json\/wp\/v2\/comments?post=1048129"}],"version-history":[{"count":0,"href":"https:\/\/www.europesays.com\/de\/wp-json\/wp\/v2\/posts\/1048129\/revisions"}],"wp:featuredmedia":[{"embeddable":true,"href":"https:\/\/www.europesays.com\/de\/wp-json\/wp\/v2\/media\/422224"}],"wp:attachment":[{"href":"https:\/\/www.europesays.com\/de\/wp-json\/wp\/v2\/media?parent=1048129"}],"wp:term":[{"taxonomy":"category","embeddable":true,"href":"https:\/\/www.europesays.com\/de\/wp-json\/wp\/v2\/categories?post=1048129"},{"taxonomy":"post_tag","embeddable":true,"href":"https:\/\/www.europesays.com\/de\/wp-json\/wp\/v2\/tags?post=1048129"}],"curies":[{"name":"wp","href":"https:\/\/api.w.org\/{rel}","templated":true}]}}