{"id":1048140,"date":"2026-05-26T19:46:20","date_gmt":"2026-05-26T19:46:20","guid":{"rendered":"https:\/\/www.europesays.com\/de\/1048140\/"},"modified":"2026-05-26T19:46:20","modified_gmt":"2026-05-26T19:46:20","slug":"gunnar-schupelius-ausgangssperren-bei-corona-waren-unsinn-regional","status":"publish","type":"post","link":"https:\/\/www.europesays.com\/de\/1048140\/","title":{"rendered":"Gunnar Schupelius: Ausgangssperren bei Corona waren \u201eUnsinn\u201c | Regional"},"content":{"rendered":"<p><a class=\"skip-content skip-content--link\" href=\"#in-content-skip-link-target-v-0-0\">TTS-Player \u00fcberspringen\u21b5<\/a><a id=\"in-content-skip-link-target-v-0-0\" class=\"skip-content--target-link-hidden skip-content skip-content--target-link\" href=\"#in-content-skip-link-target-v-0-0\">Artikel weiterlesen<\/a><\/p>\n<p>Berlin \u2013 <b>Die Aufarbeitung der Corona-Politik geht nur sehr langsam voran. Im Brandenburger Landtag kamen jetzt neue Erkenntnisse ans Licht.<\/b><\/p>\n<p>Wer den Lockdown (2020 bis 2022) infrage stellte, galt als Schwurbler und \u201erechts\u201c. Jetzt geben immer mehr Experten den Kritikern von damals recht: Maskenpflichten, Ausgangssperren und FFP2-Masken seien nicht notwendig und auch nicht sinnvoll gewesen, hie\u00df es am vergangenen Freitag im Brandenburger Landtag.<\/p>\n<p>Dort war die Enquete-Kommission zur Aufarbeitung der Corona-Pandemie zu ihrer elften Sitzung zusammengetreten. Titel: \u201eKontakt- und Ausgangsbeschr\u00e4nkungen sowie Infektionsschutz \u2013 Effektivit\u00e4t und Konsequenzen der Ma\u00dfnahmen f\u00fcr k\u00fcnftige Pandemien\u201c.<\/p>\n<p>Dabei wurde die Verh\u00e4ltnism\u00e4\u00dfigkeit und Wirksamkeit der Corona-Verbote\u00a0 grundlegend infrage gestellt. Der Aerosolforscher Gerhard Scheuch bezeichnete Ausgangssperren als \u201evollkommen unsinnige Ma\u00dfnahmen\u201c, da es sich beim Virus Covid-19 um ein \u201eInnenraumph\u00e4nomen\u201c gehandelt habe. <\/p>\n<p>Mehr zum Thema<\/p>\n<p>Die Schlie\u00dfung von Spielpl\u00e4tzen und Gr\u00fcnfl\u00e4chen bezeichnete er aus denselben Gr\u00fcnden als \u201eUnsinn\u201c. Peter Walger von der \u201eDeutschen Gesellschaft f\u00fcr Allgemeine und Krankenhaus-Hygiene\u201c erkl\u00e4rte, die\u00a0Pflicht zum Tragen der FFP2-Maske sei eine \u201efalsche Entscheidung\u201c gewesen. Die einfache Mund-Nasen-Schutz-Maske h\u00e4tte ausgereicht.<\/p>\n<p>Warum h\u00f6rt man das alles erst jetzt? In den Corona-Jahren wurden die Grundrechte massiv eingeschr\u00e4nkt. Eine ganze Generation von Sch\u00fclern und Studenten wurde durch die erzwungene Isolation traumatisiert. Impfgegner wurden durchs Dorf gejagt. <\/p>\n<p>Und jetzt stellt sich so vieles als falsch und sinnlos heraus. Die Verantwortlichen schweigen, geben keinen Fehler zu. Im Gegenteil: Die damalige Hauptverantwortliche, Bundeskanzlerin Merkel (CDU), bekam noch vor einem halben Jahr die \u201eGro\u00dfe Staufermedaille in Gold\u201c des Bundeslandes Baden-W\u00fcrttemberg\u00a0 verliehen, \u201ef\u00fcr ihren herausragenden politischen Einsatz w\u00e4hrend der Coronapandemie\u201c. Ministerpr\u00e4sident Kretschmann (Gr\u00fcne) h\u00e4ngte ihr den Orden um. Beide geh\u00f6rten zu den Scharfmachern im Lockdown.\u00a0<\/p>\n<p>Hat Gunnar Schupelius recht? Schreiben Sie an: <a href=\"https:\/\/www.bild.de\/regional\/berlin\/mailto:gunnar.schupelius@axelspringer.de\" rel=\"noopener nofollow\" class=\"text-link\" target=\"_blank\">gunnar.schupelius@axelspringer.de<\/a><\/p>\n","protected":false},"excerpt":{"rendered":"TTS-Player \u00fcberspringen\u21b5Artikel weiterlesen Berlin \u2013 Die Aufarbeitung der Corona-Politik geht nur sehr langsam voran. Im Brandenburger Landtag kamen&hellip;\n","protected":false},"author":2,"featured_media":1048141,"comment_status":"","ping_status":"","sticky":false,"template":"","format":"standard","meta":{"footnotes":"","_share_on_mastodon":"0"},"categories":[1825],"tags":[296,33521,162,29,30,18556,33,3256],"class_list":["post-1048140","post","type-post","status-publish","format-standard","has-post-thumbnail","category-berlin","tag-berlin","tag-corona-impfung","tag-coronavirus","tag-deutschland","tag-germany","tag-lockdown","tag-merkel-angela","tag-pandemie"],"share_on_mastodon":{"url":"https:\/\/pubeurope.com\/@de\/116642604030699096","error":""},"_links":{"self":[{"href":"https:\/\/www.europesays.com\/de\/wp-json\/wp\/v2\/posts\/1048140","targetHints":{"allow":["GET"]}}],"collection":[{"href":"https:\/\/www.europesays.com\/de\/wp-json\/wp\/v2\/posts"}],"about":[{"href":"https:\/\/www.europesays.com\/de\/wp-json\/wp\/v2\/types\/post"}],"author":[{"embeddable":true,"href":"https:\/\/www.europesays.com\/de\/wp-json\/wp\/v2\/users\/2"}],"replies":[{"embeddable":true,"href":"https:\/\/www.europesays.com\/de\/wp-json\/wp\/v2\/comments?post=1048140"}],"version-history":[{"count":0,"href":"https:\/\/www.europesays.com\/de\/wp-json\/wp\/v2\/posts\/1048140\/revisions"}],"wp:featuredmedia":[{"embeddable":true,"href":"https:\/\/www.europesays.com\/de\/wp-json\/wp\/v2\/media\/1048141"}],"wp:attachment":[{"href":"https:\/\/www.europesays.com\/de\/wp-json\/wp\/v2\/media?parent=1048140"}],"wp:term":[{"taxonomy":"category","embeddable":true,"href":"https:\/\/www.europesays.com\/de\/wp-json\/wp\/v2\/categories?post=1048140"},{"taxonomy":"post_tag","embeddable":true,"href":"https:\/\/www.europesays.com\/de\/wp-json\/wp\/v2\/tags?post=1048140"}],"curies":[{"name":"wp","href":"https:\/\/api.w.org\/{rel}","templated":true}]}}