{"id":1048328,"date":"2026-05-26T21:51:15","date_gmt":"2026-05-26T21:51:15","guid":{"rendered":"https:\/\/www.europesays.com\/de\/1048328\/"},"modified":"2026-05-26T21:51:15","modified_gmt":"2026-05-26T21:51:15","slug":"einschraenkungen-des-zugverkehrs-nach-boeschungsbrand-zwischen-bobingen-und-augsburg","status":"publish","type":"post","link":"https:\/\/www.europesays.com\/de\/1048328\/","title":{"rendered":"Einschr\u00e4nkungen des Zugverkehrs nach B\u00f6schungsbrand zwischen Bobingen und Augsburg"},"content":{"rendered":"<p class=\"mb-6 text-xs md:text-m lg:text-l font-serif group-[.font-sans]:font-sans \">\n    Auf der Strecke zwischen <a href=\"https:\/\/www.augsburger-allgemeine.de\/schwabmuenchen\/ort\/bobingen\" target=\"_self\" class=\"underline \" rel=\"nofollow noopener\">Bobingen<\/a> und dem Augsburger Hauptbahnhof hat am Dienstag, 26. Mai, eine B\u00f6schung gebrannt. <a href=\"https:\/\/www.augsburger-allgemeine.de\/bayern\/stoerung-bei-muenchner-s-bahn-21-5-ersatzverkehr-auf-linie-s1-eingerichtet-114289180\" target=\"_self\" class=\"underline \" rel=\"nofollow noopener\">Dadurch war der Zugverkehr auf einem Teilabschnitt f\u00fcr einige Zeit eingeschr\u00e4nkt.<\/a> Das best\u00e4tigte eine Sprecherin der Deutschen Bahn auf Nachfrage unserer Redaktion. Mittlerweile sei der Brand gel\u00f6scht worden.\n  <\/p>\n<p>            B\u00f6schungsbrand: Zugfahrten auf Strecke nach Augsburg zwischenzeitlich nicht m\u00f6glich<\/p>\n<p class=\"mb-6 text-xs md:text-m lg:text-l font-serif group-[.font-sans]:font-sans \">\n    Wie die Sprecherin der Deutschen Bahn gegen\u00fcber unserer Redaktion mitteilte, habe am Freitag zwischen Bobingen und dem Augsburger Hauptbahnhof eine B\u00f6schung gebrannt. Wegen des Brandes seien auf dem Abschnitt zwischen Bobingen und Inningen f\u00fcr einige Zeit keine Zugfahrten m\u00f6glich.\n  <\/p>\n<p>      <a href=\"https:\/\/www.augsburger-allgemeine.de\/bayern\/waldbrandgefahr-in-bayern-dwd-warnt-mit-zweithoechster-stufe-in-den-meisten-teilen-bayerns-114304394\" class=\"hidden  &#010;                md:block md:mr-5 md:min-w-[140px]  aspect-photo md:aspect-tv lg:aspect-tv w-fullXXX relative self-start inline overflow-hidden\" rel=\"nofollow noopener\" target=\"_blank\"><\/p>\n<p>    <img decoding=\"async\" src=\"\" alt=\"In den kommenden Tagen steigt die Waldbrandgefahr in Bayern bis auf die h\u00f6chste Gefahrenstufe an.\" title=\"In den kommenden Tagen steigt die Waldbrandgefahr in Bayern bis auf die h\u00f6chste Gefahrenstufe an.\" loading=\"lazy\" class=\"h-full w-full object-cover\"\/><br \/>\n   <\/a><\/p>\n<p class=\"mb-6 text-xs md:text-m lg:text-l font-serif group-[.font-sans]:font-sans \">\n    <a href=\"https:\/\/www.augsburger-allgemeine.de\/guenzburg\/feuerwehr-offingen-loescht-feuer-nach-speckraeuchern-in-gartenhuette-114308159\" target=\"_self\" class=\"underline \" rel=\"nofollow noopener\">Mittlerweile sei der Brand allerdings gel\u00f6scht<\/a>, der Zugverkehr sei wieder aufgenommen worden. Laut Angaben der Bahn-Sprecherin kann es jedoch zu Folgebeeintr\u00e4chtigungen kommen. Auf der Strecke zwischen T\u00fcrkheim und Bad W\u00f6rishofen w\u00fcrden einige Z\u00fcge aktuell weiterhin ausfallen (Stand Dienstag, 26. Mai, 19 Uhr).\n  <\/p>\n","protected":false},"excerpt":{"rendered":"Auf der Strecke zwischen Bobingen und dem Augsburger Hauptbahnhof hat am Dienstag, 26. Mai, eine B\u00f6schung gebrannt. Dadurch&hellip;\n","protected":false},"author":2,"featured_media":1048329,"comment_status":"","ping_status":"","sticky":false,"template":"","format":"standard","meta":{"footnotes":"","_share_on_mastodon":"0"},"categories":[1846],"tags":[680,2227,772,137673,41824,41825,3364,2030,29,548,663,3934,985,224319,30,3601,13,155397,14,15,12],"class_list":["post-1048328","post","type-post","status-publish","format-standard","has-post-thumbnail","category-augsburg","tag-augsburg","tag-bahnverkehr","tag-bayern","tag-bobingen","tag-boeschung","tag-boeschungsbrand","tag-de","tag-deutsche-bahn","tag-deutschland","tag-eu","tag-europa","tag-europe","tag-feuerwehr","tag-folgebeeintraechtigung","tag-germany","tag-hauptbahnhof","tag-headlines","tag-inningen","tag-nachrichten","tag-news","tag-schlagzeilen"],"share_on_mastodon":{"url":"","error":""},"_links":{"self":[{"href":"https:\/\/www.europesays.com\/de\/wp-json\/wp\/v2\/posts\/1048328","targetHints":{"allow":["GET"]}}],"collection":[{"href":"https:\/\/www.europesays.com\/de\/wp-json\/wp\/v2\/posts"}],"about":[{"href":"https:\/\/www.europesays.com\/de\/wp-json\/wp\/v2\/types\/post"}],"author":[{"embeddable":true,"href":"https:\/\/www.europesays.com\/de\/wp-json\/wp\/v2\/users\/2"}],"replies":[{"embeddable":true,"href":"https:\/\/www.europesays.com\/de\/wp-json\/wp\/v2\/comments?post=1048328"}],"version-history":[{"count":0,"href":"https:\/\/www.europesays.com\/de\/wp-json\/wp\/v2\/posts\/1048328\/revisions"}],"wp:featuredmedia":[{"embeddable":true,"href":"https:\/\/www.europesays.com\/de\/wp-json\/wp\/v2\/media\/1048329"}],"wp:attachment":[{"href":"https:\/\/www.europesays.com\/de\/wp-json\/wp\/v2\/media?parent=1048328"}],"wp:term":[{"taxonomy":"category","embeddable":true,"href":"https:\/\/www.europesays.com\/de\/wp-json\/wp\/v2\/categories?post=1048328"},{"taxonomy":"post_tag","embeddable":true,"href":"https:\/\/www.europesays.com\/de\/wp-json\/wp\/v2\/tags?post=1048328"}],"curies":[{"name":"wp","href":"https:\/\/api.w.org\/{rel}","templated":true}]}}