{"id":1048362,"date":"2026-05-26T22:11:23","date_gmt":"2026-05-26T22:11:23","guid":{"rendered":"https:\/\/www.europesays.com\/de\/1048362\/"},"modified":"2026-05-26T22:11:23","modified_gmt":"2026-05-26T22:11:23","slug":"georgien-tausende-demonstrieren-in-tiflis-gegen-die-regierung","status":"publish","type":"post","link":"https:\/\/www.europesays.com\/de\/1048362\/","title":{"rendered":"Georgien: Tausende demonstrieren in Tiflis gegen die Regierung"},"content":{"rendered":"<p class=\"paragraph article__item\">In <a href=\"https:\/\/www.zeit.de\/thema\/georgien\" target=\"_blank\" rel=\"nofollow noopener\">Georgien<\/a> haben anl\u00e4sslich des Unabh\u00e4ngigkeitstages tausende<br \/>\nMenschen gegen die prorussische Regierung protestiert. Die Demonstranten zogen durch das Zentrum der Hauptstadt Tiflis, wie die<br \/>\nNachrichtenagentur AFP berichtete. Anschlie\u00dfend versammelten sie sich unter starkem<br \/>\nPolizeiaufgebot vor dem Parlament.\n<\/p>\n<p class=\"paragraph article__item\">Viele der Protestteilnehmer schwenkten die Flaggen <a class=\"rtr-entity\" href=\"https:\/\/www.zeit.de\/thema\/georgien\" rel=\"nofollow noopener\" target=\"_blank\">Georgiens<\/a><br \/>\nund der EU. Andere trugen Plakate, auf denen Slogans zu lesen waren wie<br \/>\n\u00bbWir sind Europa\u00ab. In der Menschenmenge zu sehen waren auch Portr\u00e4ts<br \/>\ndes ehemaligen Pr\u00e4sidenten Michail Saakaschwili, <a href=\"https:\/\/www.zeit.de\/politik\/ausland\/2025-03\/georgien-michail-saakaschwili-veruntreuung-haftstrafe\" target=\"_blank\" rel=\"nofollow noopener\">der wegen des Vorwurfs des<br \/>\nAmtsmissbrauchs inhaftiert ist<\/a>.\n<\/p>\n<p class=\"paragraph article__item\">Die Kundgebung wurde von einem B\u00fcndnis oppositioneller<br \/>\nParteien organisiert, die seit Kurzem versuchen, ihre Differenzen zu<br \/>\n\u00fcberbr\u00fccken, um gegen\u00fcber der Regierung von Ministerpr\u00e4sident Irakli Kobachidse<br \/>\ngeeint aufzutreten. Opposition und Demonstranten werfen der Regierung in Tiflis<br \/>\nvor, sich von der <a class=\"rtr-entity\" href=\"https:\/\/www.zeit.de\/thema\/europaeische-union\" rel=\"nofollow noopener\" target=\"_blank\">EU<\/a> und ihren demokratischen Standards abzuwenden. Die<br \/>\nRegierung weist dies zur\u00fcck.\n<\/p>\n<p>        Politische Krise in Georgien        <\/p>\n<p class=\"paragraph article__item\">Seit November 2024 kommt es in Georgien <a href=\"https:\/\/www.zeit.de\/politik\/ausland\/2025-11\/georgien-protest-eu-beitrittsprozess-faq\" target=\"_blank\" rel=\"nofollow noopener\">regelm\u00e4\u00dfig zu<br \/>\nProtesten gegen die Regierung<\/a>. Die <a class=\"rtr-entity\" href=\"https:\/\/www.zeit.de\/thema\/polizei\" rel=\"nofollow noopener\" target=\"_blank\">Polizei<\/a> ging in deren Verlauf gewaltsam<br \/>\ngegen Demonstrierende vor, hunderte Menschen wurden festgenommen. Ausl\u00f6ser der<br \/>\nMassendemonstrationen war die Ank\u00fcndigung von Ministerpr\u00e4sident Kobachidse, den EU-Beitrittsprozess vorerst bis 2028 zu stoppen.\n<\/p>\n<p class=\"paragraph article__item\">Im Oktober 2024 fanden Parlamentswahlen in Georgien statt. Die<br \/>\nprorussische Partei Georgischer Traum ging als Sieger hervor. Die<br \/>\nOpposition sowie Wahlbeobachter hatten Zweifel an dem Wahlergebnis ge\u00e4u\u00dfert und<br \/>\nder Partei Wahlbetrug vorgeworfen.\n<\/p>\n<p>Mehr zum Thema<\/p>\n<p>            Georgien        <\/p>\n<p>                <a href=\"https:\/\/www.zeit.de\/2026\/21\/nino-haratischwili-georgien-tbilissi-essen-kultur\" data-ct-label=\"Nino Haratischwili: \u00bbDer Fr\u00fchling ist in Georgien das Sch\u00f6nste\u00ab\" data-uuid=\"2f5e0531-06a8-45c6-b540-6b3e64cf502d\" rel=\"nofollow noopener\" target=\"_blank\"><\/p>\n<p>        Z+ (abopflichtiger Inhalt);<\/p>\n<p>    Nino Haratischwili:<br \/>\n                        \u00bbDer Fr\u00fchling ist in Georgien das Sch\u00f6nste\u00ab<\/p>\n<p>                <\/a><\/p>\n<p>                <a href=\"https:\/\/www.zeit.de\/2026\/02\/eu-beitritt-georgien-generationenkonflikt-prorussische-regierung\" data-ct-label=\"EU-Beitritt von Georgien: &quot;Die EU macht doch gar nichts, Opa!&quot;\" data-uuid=\"09b0f896-d409-4254-a543-176ca736f8df\" rel=\"nofollow noopener\" target=\"_blank\"><\/p>\n<p>        Z+ (abopflichtiger Inhalt);<\/p>\n<p>    EU-Beitritt von Georgien:<br \/>\n                        &#8222;Die EU macht doch gar nichts, Opa!&#8220;<\/p>\n<p>                <\/a><\/p>\n<p>                <a href=\"https:\/\/www.zeit.de\/politik\/ausland\/2025-11\/georgien-opposition-proeuropaeische-proteste-demokratie\" data-ct-label=\"Georgien: &quot;Wir sehen uns im Knast&quot;\" data-uuid=\"0cc4f77e-22f5-47a4-b3c6-9a711c3206d6\" rel=\"nofollow noopener\" target=\"_blank\"><\/p>\n<p>        Z+ (abopflichtiger Inhalt);<\/p>\n<p>    Georgien:<br \/>\n                        &#8222;Wir sehen uns im Knast&#8220;<\/p>\n<p>                <\/a><\/p>\n","protected":false},"excerpt":{"rendered":"In Georgien haben anl\u00e4sslich des Unabh\u00e4ngigkeitstages tausende Menschen gegen die prorussische Regierung protestiert. Die Demonstranten zogen durch das&hellip;\n","protected":false},"author":2,"featured_media":1048363,"comment_status":"","ping_status":"","sticky":false,"template":"","format":"standard","meta":{"footnotes":"","_share_on_mastodon":"0"},"categories":[3933],"tags":[19353,331,332,548,663,158,3934,3935,13538,13,669,14,15,16,121,12,43116,75924],"class_list":["post-1048362","post","type-post","status-publish","format-standard","has-post-thumbnail","category-eu","tag-afp","tag-aktuelle-nachrichten","tag-aktuelle-news","tag-eu","tag-europa","tag-europaeische-union","tag-europe","tag-european-union","tag-georgien","tag-headlines","tag-krise","tag-nachrichten","tag-news","tag-politik","tag-polizei","tag-schlagzeilen","tag-tiflis","tag-unabhaengigkeitstag"],"share_on_mastodon":{"url":"https:\/\/pubeurope.com\/@de\/116643174179063534","error":""},"_links":{"self":[{"href":"https:\/\/www.europesays.com\/de\/wp-json\/wp\/v2\/posts\/1048362","targetHints":{"allow":["GET"]}}],"collection":[{"href":"https:\/\/www.europesays.com\/de\/wp-json\/wp\/v2\/posts"}],"about":[{"href":"https:\/\/www.europesays.com\/de\/wp-json\/wp\/v2\/types\/post"}],"author":[{"embeddable":true,"href":"https:\/\/www.europesays.com\/de\/wp-json\/wp\/v2\/users\/2"}],"replies":[{"embeddable":true,"href":"https:\/\/www.europesays.com\/de\/wp-json\/wp\/v2\/comments?post=1048362"}],"version-history":[{"count":0,"href":"https:\/\/www.europesays.com\/de\/wp-json\/wp\/v2\/posts\/1048362\/revisions"}],"wp:featuredmedia":[{"embeddable":true,"href":"https:\/\/www.europesays.com\/de\/wp-json\/wp\/v2\/media\/1048363"}],"wp:attachment":[{"href":"https:\/\/www.europesays.com\/de\/wp-json\/wp\/v2\/media?parent=1048362"}],"wp:term":[{"taxonomy":"category","embeddable":true,"href":"https:\/\/www.europesays.com\/de\/wp-json\/wp\/v2\/categories?post=1048362"},{"taxonomy":"post_tag","embeddable":true,"href":"https:\/\/www.europesays.com\/de\/wp-json\/wp\/v2\/tags?post=1048362"}],"curies":[{"name":"wp","href":"https:\/\/api.w.org\/{rel}","templated":true}]}}