{"id":1048375,"date":"2026-05-26T22:19:20","date_gmt":"2026-05-26T22:19:20","guid":{"rendered":"https:\/\/www.europesays.com\/de\/1048375\/"},"modified":"2026-05-26T22:19:20","modified_gmt":"2026-05-26T22:19:20","slug":"lkw-kollidiert-auf-der-a3-am-kreuz-altdorf-mit-leitplanke","status":"publish","type":"post","link":"https:\/\/www.europesays.com\/de\/1048375\/","title":{"rendered":"Lkw kollidiert auf der A3 am Kreuz Altdorf mit Leitplanke"},"content":{"rendered":"<p class=\"em_text\"><strong>Am Autobahnkreuz bei Altdorf (Landkreis N\u00fcrnberg Land) ist es am Dienstagvormittag zu einem Lkw-Unfall gekommen. Die <\/strong><strong><a href=\"https:\/\/www.mittelbayerische.de\/a3\" target=\"_blank\" rel=\"nofollow noopener\">A3<\/a><\/strong><strong> musste in Fahrtrichtung Passau gesperrt werden. Auch die <\/strong><strong><a href=\"https:\/\/www.mittelbayerische.de\/a6\" target=\"_blank\" rel=\"nofollow noopener\">A6<\/a><\/strong><strong> war bei der Anschlussstelle von der Sperrung betroffen. Die Bergungs- und Reparaturarbeiten dauerten bis zum sp\u00e4ten Nachmittag. <\/strong><\/p>\n<p class=\"em_text\">Wie die <a href=\"https:\/\/www.mittelbayerische.de\/polizei\" target=\"_blank\" rel=\"nofollow noopener\">Polizei<\/a> mitteilt, ist ein Sattelzug bei Altdorf in die Mittelleitplanke gefahren. Der Fahrer ist nach derzeitigem Wissensstand nur leicht verletzt, ein Rettungshubschrauber war im Einsatz. Nach Angaben der Polizei, konnte der Fahrer bereits aus dem Krankenhaus entlassen werden. <\/p>\n<p>Neben der A3 wurde auch die \u00dcberleitung von der A6 auf die A3 f\u00fcr mehrere Stunden gesperrt.<\/p>\n<p>    Auch A3 in Richtung N\u00fcrnberg betroffen<\/p>\n<p class=\"em_text\">Wegen Bergungs- und Reparaturarbeiten an der Mittelleitplanke wurde auch auf der A3 in Fahrtrichtung N\u00fcrnberg der linke Fahrstreifen gesperrt. Auf BayernInfo war hier zun\u00e4chst ebenfalls ein Unfall eingezeichnet. Es war erst unklar, ob es sich dabei um einen separaten Unfall handelte, doch das ist nicht der Fall, wie die Polizei best\u00e4tigte. <\/p>\n<p>Es staute sich gegen Mittag in Fahrtrichtung N\u00fcrnberg ab der Anschlussstelle Altdorf bei N\u00fcrnberg. In Fahrtrichtung Passau staut es sich bis zum benachbarten Autobahnkreuz N\u00fcrnberg zur\u00fcck. Gegen 17 Uhr wurde die Sperrung aufgehoben.<\/p>\n<p style=\"text-align:right;\">fbe\/frt    <\/p>\n","protected":false},"excerpt":{"rendered":"Am Autobahnkreuz bei Altdorf (Landkreis N\u00fcrnberg Land) ist es am Dienstagvormittag zu einem Lkw-Unfall gekommen. Die A3 musste&hellip;\n","protected":false},"author":2,"featured_media":1048376,"comment_status":"","ping_status":"","sticky":false,"template":"","format":"standard","meta":{"footnotes":"","_share_on_mastodon":"0"},"categories":[1837],"tags":[26029,47934,772,3364,29,30,3783,121,1284],"class_list":["post-1048375","post","type-post","status-publish","format-standard","has-post-thumbnail","category-nuernberg","tag-a3","tag-a6","tag-bayern","tag-de","tag-deutschland","tag-germany","tag-nuernberg","tag-polizei","tag-unfall"],"share_on_mastodon":{"url":"https:\/\/pubeurope.com\/@de\/116643205481868342","error":""},"_links":{"self":[{"href":"https:\/\/www.europesays.com\/de\/wp-json\/wp\/v2\/posts\/1048375","targetHints":{"allow":["GET"]}}],"collection":[{"href":"https:\/\/www.europesays.com\/de\/wp-json\/wp\/v2\/posts"}],"about":[{"href":"https:\/\/www.europesays.com\/de\/wp-json\/wp\/v2\/types\/post"}],"author":[{"embeddable":true,"href":"https:\/\/www.europesays.com\/de\/wp-json\/wp\/v2\/users\/2"}],"replies":[{"embeddable":true,"href":"https:\/\/www.europesays.com\/de\/wp-json\/wp\/v2\/comments?post=1048375"}],"version-history":[{"count":0,"href":"https:\/\/www.europesays.com\/de\/wp-json\/wp\/v2\/posts\/1048375\/revisions"}],"wp:featuredmedia":[{"embeddable":true,"href":"https:\/\/www.europesays.com\/de\/wp-json\/wp\/v2\/media\/1048376"}],"wp:attachment":[{"href":"https:\/\/www.europesays.com\/de\/wp-json\/wp\/v2\/media?parent=1048375"}],"wp:term":[{"taxonomy":"category","embeddable":true,"href":"https:\/\/www.europesays.com\/de\/wp-json\/wp\/v2\/categories?post=1048375"},{"taxonomy":"post_tag","embeddable":true,"href":"https:\/\/www.europesays.com\/de\/wp-json\/wp\/v2\/tags?post=1048375"}],"curies":[{"name":"wp","href":"https:\/\/api.w.org\/{rel}","templated":true}]}}