{"id":1048602,"date":"2026-05-27T00:34:19","date_gmt":"2026-05-27T00:34:19","guid":{"rendered":"https:\/\/www.europesays.com\/de\/1048602\/"},"modified":"2026-05-27T00:34:19","modified_gmt":"2026-05-27T00:34:19","slug":"klinikum-braunschweig-martina-warring-leitet-geschaeftsbereich-finanzen-kma-online","status":"publish","type":"post","link":"https:\/\/www.europesays.com\/de\/1048602\/","title":{"rendered":"Klinikum Braunschweig: Martina Warring leitet Gesch\u00e4ftsbereich Finanzen \u2013 kma Online"},"content":{"rendered":"<p>Das St\u00e4dtische Klinikum Braunschweig (Skbs) besetzt eine weitere Leitungsposition neu. Zum 1. Juni \u00fcbernimmt Martina Warring den Bereich Finanzen. Sie war zuletzt im Vinzenzkrankenhaus Hannover als Bereichsleitung Finanzen und kaufm\u00e4nnische Leitung des Medizinischen Versorgungszentrums t\u00e4tig.<\/p>\n<p>Klare Ziele hat sich Warring bereits gesetzt: \u201eIch m\u00f6chte den Bereich Finanzen optimieren und damit die Zukunftsf\u00e4higkeit des Hauses aktiv mitgestalten\u201c, sagt sie. Dazu geh\u00f6rten eine starke Kommunikation innerhalb des Teams und eine gemeinsame Basis. \u201eMeine T\u00fcr steht immer offen\u201c, betont Warring. Die Meinung der Kollegen sei ihr \u201ejederzeit sehr willkommen\u201c.<\/p>\n<p>\t\t\t\tMehr zum Thema:<br \/>\n\t\t\t<a href=\"https:\/\/www.kma-online.de\/aktuelles\/klinik-news\/detail\/staedtisches-klinikum-braunschweig-setzt-sich-zentralklinikum-als-ziel-55697\" title=\"Lese mehr \u00fcber: Braunschweig verabschiedet sich vom \u201eZwei-Standorte-Konzept\u201c\" rel=\"nofollow noopener\" target=\"_blank\"><img class=\"image\" loading=\"lazy\" decoding=\"async\" src=\"https:\/\/www.europesays.com\/de\/wp-content\/uploads\/2026\/05\/csm_Klinikum_Braunschweig_fq_Scheibe_J\u00f6rg_c7f5a091a7.webp\" width=\"480\" height=\"270\" alt=\"Klinikum Braunschweig\" title=\"Klinikum Braunschweig\"\/><\/a><a href=\"https:\/\/www.kma-online.de\/aktuelles\/koepfe\/detail\/alina-dahmen-wird-geschaeftsfuehrerin-am-klinikum-braunschweig-55103\" title=\"Lese mehr \u00fcber: Sie wird Teil der neuen Doppelspitze am Klinikum Braunschweig\" rel=\"nofollow noopener\" target=\"_blank\"><img class=\"image\" loading=\"lazy\" decoding=\"async\" src=\"https:\/\/www.europesays.com\/de\/wp-content\/uploads\/2026\/05\/csm_Dahmen_Alina_fq_Stadt_Braunschweig_4cfdeeb4d6.webp\" width=\"480\" height=\"270\" alt=\"Dr. Alina Dahmen\" title=\"Dr. Alina Dahmen\"\/><\/a><\/p>\n<p>In ihrer beruflichen Laufbahn hatte Warring bereits in verschiedenen H\u00e4usern die Finanzverantwortung. In der Ameos Gruppe leitete sie den Finanzenbereich der Region West, und am Evangelischen Klinikum Bethel in Bielefeld war sie als kaufm\u00e4nnische Leitung angestellt. Davor war sie in Bremen viele Jahre Bereichsleitung Controlling des Klinikverbundes Gesundheit Nord, wie jetzt das Skbs ebenfalls ein Maximalversorger. \u201eDadurch kenne ich H\u00e4user dieser Gr\u00f6\u00dfe und wei\u00df um die M\u00f6glichkeiten und Herausforderungen\u201c, sagt Warring, die sich zudem ehrenamtlich bei der Industrie- und Handelskammer engagiert. Unter anderem ist sie Pr\u00fcferin und arbeitet in einem bundesweiten Gremium zur Erstellung von Pr\u00fcfungsaufgaben f\u00fcr den Ausbildungsberuf Kaufmann\/-frau im Gesundheitswesen mit.<\/p>\n<p>\n                    St\u00e4dtisches Klinikum Braunschweig\/koj\n                <\/p>\n","protected":false},"excerpt":{"rendered":"Das St\u00e4dtische Klinikum Braunschweig (Skbs) besetzt eine weitere Leitungsposition neu. Zum 1. Juni \u00fcbernimmt Martina Warring den Bereich&hellip;\n","protected":false},"author":2,"featured_media":1048603,"comment_status":"","ping_status":"","sticky":false,"template":"","format":"standard","meta":{"footnotes":"","_share_on_mastodon":"0"},"categories":[1850],"tags":[6429,3364,29,27507,27506,548,663,3934,30,141,27509,27508,27510,27512,4612,290,27502,13,18908,27515,4391,27516,27503,27504,837,27505,14,15,1411,27513,3284,16,27511,12,27514],"class_list":["post-1048602","post","type-post","status-publish","format-standard","has-post-thumbnail","category-braunschweig","tag-braunschweig","tag-de","tag-deutschland","tag-e-health","tag-ehealth","tag-eu","tag-europa","tag-europe","tag-germany","tag-gesundheit","tag-gesundheitsmagazin","tag-gesundheitsmanagement","tag-gesundheitsmarkt","tag-gesundheitsoekonomie","tag-gesundheitspolitik","tag-gesundheitswesen","tag-gesundheitswirtschaft","tag-headlines","tag-healthcare","tag-healthcare-management","tag-hygiene","tag-krankenhauseinrichtung","tag-krankenhausmanagement","tag-krankenhaustechnik","tag-medizin","tag-medizintechnik","tag-nachrichten","tag-news","tag-niedersachsen","tag-pflegemanagement","tag-pharma","tag-politik","tag-qualitaetsmanagement","tag-schlagzeilen","tag-stellenangebote"],"share_on_mastodon":{"url":"","error":"Validation failed: Text character limit of 500 exceeded"},"_links":{"self":[{"href":"https:\/\/www.europesays.com\/de\/wp-json\/wp\/v2\/posts\/1048602","targetHints":{"allow":["GET"]}}],"collection":[{"href":"https:\/\/www.europesays.com\/de\/wp-json\/wp\/v2\/posts"}],"about":[{"href":"https:\/\/www.europesays.com\/de\/wp-json\/wp\/v2\/types\/post"}],"author":[{"embeddable":true,"href":"https:\/\/www.europesays.com\/de\/wp-json\/wp\/v2\/users\/2"}],"replies":[{"embeddable":true,"href":"https:\/\/www.europesays.com\/de\/wp-json\/wp\/v2\/comments?post=1048602"}],"version-history":[{"count":0,"href":"https:\/\/www.europesays.com\/de\/wp-json\/wp\/v2\/posts\/1048602\/revisions"}],"wp:featuredmedia":[{"embeddable":true,"href":"https:\/\/www.europesays.com\/de\/wp-json\/wp\/v2\/media\/1048603"}],"wp:attachment":[{"href":"https:\/\/www.europesays.com\/de\/wp-json\/wp\/v2\/media?parent=1048602"}],"wp:term":[{"taxonomy":"category","embeddable":true,"href":"https:\/\/www.europesays.com\/de\/wp-json\/wp\/v2\/categories?post=1048602"},{"taxonomy":"post_tag","embeddable":true,"href":"https:\/\/www.europesays.com\/de\/wp-json\/wp\/v2\/tags?post=1048602"}],"curies":[{"name":"wp","href":"https:\/\/api.w.org\/{rel}","templated":true}]}}