{"id":1048621,"date":"2026-05-27T00:44:30","date_gmt":"2026-05-27T00:44:30","guid":{"rendered":"https:\/\/www.europesays.com\/de\/1048621\/"},"modified":"2026-05-27T00:44:30","modified_gmt":"2026-05-27T00:44:30","slug":"kinder-gestalten-blumenwiese-in-lockhausen-lokale-nachrichten-aus-bad-salzuflen","status":"publish","type":"post","link":"https:\/\/www.europesays.com\/de\/1048621\/","title":{"rendered":"Kinder gestalten Blumenwiese in Lockhausen | Lokale Nachrichten aus Bad Salzuflen"},"content":{"rendered":"<p id=\"absatz1\" class=\"em_text\">Bad Salzuflen\/Werl-Aspe. Kinder und Erzieherinnen der PariSozial-Kita Bonhoefferstra\u00dfe haben in Lockhausen ein bienenfreundliches Beet angelegt. Damit nahm die Kita am Projekt \u201eBlumenwiese\u201c der Kreisj\u00e4gerschaft Lippe teil. Diese sucht mit ihren J\u00e4gerinnen Institutionen, die gemeinsam solche kleinen Beete anlegen m\u00f6chten, wie der Kindergarten mitteilt. Die Kita aus Knetterheide ist Patin f\u00fcr das Beet am Uthof.<\/p>\n<p id=\"absatz2\" class=\"em_text\">Mit viel Aufregung startete der Ausflug von der Kita aus zu dem Hof einer J\u00e4gerin mit dem Bus, wie es in der Mitteilung weiter hei\u00dft. Dort angekommen, f\u00fctterten die Kinder erst mal die Esel und picknickten. Dann lockerten die Kinder die Erde des ausgew\u00e4hlten Beets, steckten es ab, setzten die Samen, w\u00e4sserten es und h\u00e4ngten zwei Schilder auf. Nach getaner Arbeit gab es frische Waffeln.<\/p>\n<p id=\"absatz3\" class=\"em_text\">In den kommenden Wochen wollen die Kinder die Blumenwiese regelm\u00e4\u00dfig beobachten, hei\u00dft es weiter. Au\u00dferdem sollen demn\u00e4chst selbstgez\u00fcchtete Distelfalter bei der Blumenwiese ausgesetzt werden. <\/p>\n","protected":false},"excerpt":{"rendered":"Bad Salzuflen\/Werl-Aspe. Kinder und Erzieherinnen der PariSozial-Kita Bonhoefferstra\u00dfe haben in Lockhausen ein bienenfreundliches Beet angelegt. Damit nahm die&hellip;\n","protected":false},"author":2,"featured_media":1048622,"comment_status":"","ping_status":"","sticky":false,"template":"","format":"standard","meta":{"footnotes":"","_share_on_mastodon":"0"},"categories":[1841],"tags":[7520,1605,29964,224379,3364,29,30,58903,28692,42406,9307,51599,1613,953,1209,110707],"class_list":["post-1048621","post","type-post","status-publish","format-standard","has-post-thumbnail","category-bielefeld","tag-bad-salzuflen","tag-bielefeld","tag-blumenwiese","tag-bonhoefferstrasse","tag-de","tag-deutschland","tag-germany","tag-kreisjaegerschaft","tag-label_030-s","tag-label_050-m","tag-label_foto","tag-lockhausen","tag-meta_userneeds_informieremich","tag-naturschutz","tag-nordrhein-westfalen","tag-werl-aspe"],"share_on_mastodon":{"url":"https:\/\/pubeurope.com\/@de\/116643775649847748","error":""},"_links":{"self":[{"href":"https:\/\/www.europesays.com\/de\/wp-json\/wp\/v2\/posts\/1048621","targetHints":{"allow":["GET"]}}],"collection":[{"href":"https:\/\/www.europesays.com\/de\/wp-json\/wp\/v2\/posts"}],"about":[{"href":"https:\/\/www.europesays.com\/de\/wp-json\/wp\/v2\/types\/post"}],"author":[{"embeddable":true,"href":"https:\/\/www.europesays.com\/de\/wp-json\/wp\/v2\/users\/2"}],"replies":[{"embeddable":true,"href":"https:\/\/www.europesays.com\/de\/wp-json\/wp\/v2\/comments?post=1048621"}],"version-history":[{"count":0,"href":"https:\/\/www.europesays.com\/de\/wp-json\/wp\/v2\/posts\/1048621\/revisions"}],"wp:featuredmedia":[{"embeddable":true,"href":"https:\/\/www.europesays.com\/de\/wp-json\/wp\/v2\/media\/1048622"}],"wp:attachment":[{"href":"https:\/\/www.europesays.com\/de\/wp-json\/wp\/v2\/media?parent=1048621"}],"wp:term":[{"taxonomy":"category","embeddable":true,"href":"https:\/\/www.europesays.com\/de\/wp-json\/wp\/v2\/categories?post=1048621"},{"taxonomy":"post_tag","embeddable":true,"href":"https:\/\/www.europesays.com\/de\/wp-json\/wp\/v2\/tags?post=1048621"}],"curies":[{"name":"wp","href":"https:\/\/api.w.org\/{rel}","templated":true}]}}