{"id":1048737,"date":"2026-05-27T01:50:19","date_gmt":"2026-05-27T01:50:19","guid":{"rendered":"https:\/\/www.europesays.com\/de\/1048737\/"},"modified":"2026-05-27T01:50:19","modified_gmt":"2026-05-27T01:50:19","slug":"mehrere-tote-bei-chemie-unglueck-in-fabrik-in-den-usa","status":"publish","type":"post","link":"https:\/\/www.europesays.com\/de\/1048737\/","title":{"rendered":"Mehrere Tote bei Chemie-Ungl\u00fcck in Fabrik in den USA"},"content":{"rendered":"<p>            <img loading=\"lazy\" decoding=\"async\" class=\"ts-image\" src=\"https:\/\/www.europesays.com\/de\/wp-content\/uploads\/2026\/05\/longview-100.jpg\" alt=\"Der zerst\u00f6rte Chemietank in Longview, Washington\" title=\"Der zerst\u00f6rte Chemietank in Longview, Washington | REUTERS\"\/><\/p>\n<p class=\"metatextline\">Stand: 27.05.2026 \u2022 00:43 Uhr<\/p>\n<p class=\"article-head__shorttext\">\n        <strong>Im Nordwesten der USA ist auf dem Gel\u00e4nde einer Verpackungsfirma ein Tank mit Chemikalien implodiert. Dabei sollen mehrere Menschen ums Leben gekommen sein. Der Unfall ereignete sich in der Kleinstadt Longview, im US-Bundesstaat Washington. <\/strong>\n    <\/p>\n<p class=\"textabsatz m-ten m-offset-one l-eight l-offset-two columns twelve\">Bei einem Ungl\u00fcck auf dem Gel\u00e4nde einer Verpackungsfirma im Nordwesten der USA sind nach Beh\u00f6rdenangaben mehrere Menschen ums Leben gekommen. Die Feuerwehr im US-Bundesstaat Washington teilte auf Facebook in einem Statement mit der Firma und den \u00f6rtlichen Beh\u00f6rden mit, es gebe Tote und Verletzte. Eine genaue Anzahl wurde nicht genannt. Das genaue Ausma\u00df des Vorfalls ist ebenfalls noch unklar.<\/p>\n<p class=\"textabsatz m-ten m-offset-one l-eight l-offset-two columns twelve\">Einsatzkr\u00e4fte seien am Morgen zu der Firma in der Kleinstadt Longview gefahren, nachdem dort ein Tank besch\u00e4digt worden sei, hie\u00df es. Eine unmittelbare Gefahr f\u00fcr die Bev\u00f6lkerung gehe derzeit nicht aus. Zehn Personen wurden laut Feuerwehrangaben vom Einsatzort abtransportiert. Eine davon sei ein Feuerwehrmann, neun seien Mitarbeiter der Firma, sagte Feuerwehrchef Scott Goldstein. &#8222;Das Verletzungsspektrum reichte von lebensbedrohlichen, schweren bis hin zu leichten Verletzungen&#8220;, so Goldstein.<\/p>\n<p>    Nationalgarde in Alarmbereitschaft<\/p>\n<p class=\"textabsatz m-ten m-offset-one l-eight l-offset-two columns twelve\">Der Gouverneur des Bundesstaats, Bob Ferguson, sprach den Betroffenen auf der Onlineplattform X sein Mitgef\u00fchl aus. &#8222;Meine Gedanken sind bei den Arbeitern und ihren Familien sowie bei den Ersthelfern&#8220;, schrieb Ferguson. Teams vom Umweltministerium und der Arbeitsschutzbeh\u00f6rde seien vor Ort, au\u00dferdem sei die Nationalgarde in Alarmbereitschaft versetzt worden.<\/p>\n<p class=\"textabsatz m-ten m-offset-one l-eight l-offset-two columns twelve\">Ebenfalls Gefahr einer Explosion in Kalifornien In den vergangenen Tagen hatte bereits die drohende Explosion eines Chemietanks die Menschen im S\u00fcden Kaliforniens in Angst und Schrecken versetzt. Zehntausende Anwohner hatten ihre H\u00e4user angesichts der Gefahr einer Explosion mit einer leichtentz\u00fcndlichen Chemikalie verlassen m\u00fcssen. Inzwischen durften fast alle Evakuierten wieder in ihre H\u00e4user zur\u00fcckkehren. Doch vollst\u00e4ndige Entwarnung gab die Feuerwehr bislang nicht.<\/p>\n<p class=\"textabsatz m-ten m-offset-one l-eight l-offset-two columns twelve\">Mit Informationen von Nils Dampz, ARD-Studio Los Angeles<\/p>\n","protected":false},"excerpt":{"rendered":"Stand: 27.05.2026 \u2022 00:43 Uhr Im Nordwesten der USA ist auf dem Gel\u00e4nde einer Verpackungsfirma ein Tank mit&hellip;\n","protected":false},"author":2,"featured_media":1048738,"comment_status":"","ping_status":"","sticky":false,"template":"","format":"standard","meta":{"footnotes":"","_share_on_mastodon":"0"},"categories":[3],"tags":[13,14,15,12,80091,10,8,9,11,320,103,104],"class_list":["post-1048737","post","type-post","status-publish","format-standard","has-post-thumbnail","category-welt","tag-headlines","tag-nachrichten","tag-news","tag-schlagzeilen","tag-tank","tag-top-news","tag-top-meldungen","tag-topmeldungen","tag-topnews","tag-washington","tag-welt","tag-world"],"share_on_mastodon":{"url":"https:\/\/pubeurope.com\/@de\/116644035178973254","error":""},"_links":{"self":[{"href":"https:\/\/www.europesays.com\/de\/wp-json\/wp\/v2\/posts\/1048737","targetHints":{"allow":["GET"]}}],"collection":[{"href":"https:\/\/www.europesays.com\/de\/wp-json\/wp\/v2\/posts"}],"about":[{"href":"https:\/\/www.europesays.com\/de\/wp-json\/wp\/v2\/types\/post"}],"author":[{"embeddable":true,"href":"https:\/\/www.europesays.com\/de\/wp-json\/wp\/v2\/users\/2"}],"replies":[{"embeddable":true,"href":"https:\/\/www.europesays.com\/de\/wp-json\/wp\/v2\/comments?post=1048737"}],"version-history":[{"count":0,"href":"https:\/\/www.europesays.com\/de\/wp-json\/wp\/v2\/posts\/1048737\/revisions"}],"wp:featuredmedia":[{"embeddable":true,"href":"https:\/\/www.europesays.com\/de\/wp-json\/wp\/v2\/media\/1048738"}],"wp:attachment":[{"href":"https:\/\/www.europesays.com\/de\/wp-json\/wp\/v2\/media?parent=1048737"}],"wp:term":[{"taxonomy":"category","embeddable":true,"href":"https:\/\/www.europesays.com\/de\/wp-json\/wp\/v2\/categories?post=1048737"},{"taxonomy":"post_tag","embeddable":true,"href":"https:\/\/www.europesays.com\/de\/wp-json\/wp\/v2\/tags?post=1048737"}],"curies":[{"name":"wp","href":"https:\/\/api.w.org\/{rel}","templated":true}]}}