{"id":1048751,"date":"2026-05-27T01:58:19","date_gmt":"2026-05-27T01:58:19","guid":{"rendered":"https:\/\/www.europesays.com\/de\/1048751\/"},"modified":"2026-05-27T01:58:19","modified_gmt":"2026-05-27T01:58:19","slug":"korschenbroich-unges-pengste-2026-in-kurzen-geschichten","status":"publish","type":"post","link":"https:\/\/www.europesays.com\/de\/1048751\/","title":{"rendered":"Korschenbroich: Unges Pengste 2026 in kurzen Geschichten"},"content":{"rendered":"<p class=\"text_ohne_einzug richtext text-em-55 !leading-serif mx-6 desktop:mx-0\"> Kurz vor seinem Tod hatte Rajan Esser, Sch\u00fctzenk\u00f6nig der St. Sebastianus Bruderschaft, seinen Freunden und Pr\u00e4sident Thomas Siegers mitgegeben, dass Unges Pengste gelebt werden soll \u2013 als Fest der Gemeinschaft, des Glaubens, der Heimat und der Freude. Nicht die Trauer solle das Fest bestimmen, sondern der Zusammenhalt, der die Bruderschaften tr\u00e4gt. Das war Essers Wunsch, der am 29. M\u00e4rz 2026 mit 38 Jahren an seinem schweren Krebsleiden gestorben ist. So wurde denn auch bis <a href=\"https:\/\/rp-online.de\/thema\/pfingstmontag\/\" rel=\"nofollow noopener\" target=\"_blank\">Pfingstmontag<\/a> gefeiert: respektvoll und empathisch, aber auch fr\u00f6hlich und ausgelassen.<\/p>\n","protected":false},"excerpt":{"rendered":"Kurz vor seinem Tod hatte Rajan Esser, Sch\u00fctzenk\u00f6nig der St. Sebastianus Bruderschaft, seinen Freunden und Pr\u00e4sident Thomas Siegers&hellip;\n","protected":false},"author":2,"featured_media":1048752,"comment_status":"","ping_status":"","sticky":false,"template":"","format":"standard","meta":{"footnotes":"","_share_on_mastodon":"0"},"categories":[1849],"tags":[3364,29,22723,11045,548,663,3934,3486,30,13,4455,14,15,1209,12,141300],"class_list":["post-1048751","post","type-post","status-publish","format-standard","has-post-thumbnail","category-moenchengladbach","tag-de","tag-deutschland","tag-dieter","tag-ehrung","tag-eu","tag-europa","tag-europe","tag-festzelt","tag-germany","tag-headlines","tag-moenchengladbach","tag-nachrichten","tag-news","tag-nordrhein-westfalen","tag-schlagzeilen","tag-schmitten"],"share_on_mastodon":{"url":"https:\/\/pubeurope.com\/@de\/116644066615494191","error":""},"_links":{"self":[{"href":"https:\/\/www.europesays.com\/de\/wp-json\/wp\/v2\/posts\/1048751","targetHints":{"allow":["GET"]}}],"collection":[{"href":"https:\/\/www.europesays.com\/de\/wp-json\/wp\/v2\/posts"}],"about":[{"href":"https:\/\/www.europesays.com\/de\/wp-json\/wp\/v2\/types\/post"}],"author":[{"embeddable":true,"href":"https:\/\/www.europesays.com\/de\/wp-json\/wp\/v2\/users\/2"}],"replies":[{"embeddable":true,"href":"https:\/\/www.europesays.com\/de\/wp-json\/wp\/v2\/comments?post=1048751"}],"version-history":[{"count":0,"href":"https:\/\/www.europesays.com\/de\/wp-json\/wp\/v2\/posts\/1048751\/revisions"}],"wp:featuredmedia":[{"embeddable":true,"href":"https:\/\/www.europesays.com\/de\/wp-json\/wp\/v2\/media\/1048752"}],"wp:attachment":[{"href":"https:\/\/www.europesays.com\/de\/wp-json\/wp\/v2\/media?parent=1048751"}],"wp:term":[{"taxonomy":"category","embeddable":true,"href":"https:\/\/www.europesays.com\/de\/wp-json\/wp\/v2\/categories?post=1048751"},{"taxonomy":"post_tag","embeddable":true,"href":"https:\/\/www.europesays.com\/de\/wp-json\/wp\/v2\/tags?post=1048751"}],"curies":[{"name":"wp","href":"https:\/\/api.w.org\/{rel}","templated":true}]}}