{"id":1048759,"date":"2026-05-27T02:02:42","date_gmt":"2026-05-27T02:02:42","guid":{"rendered":"https:\/\/www.europesays.com\/de\/1048759\/"},"modified":"2026-05-27T02:02:42","modified_gmt":"2026-05-27T02:02:42","slug":"nach-einem-vorbild-in-der-pfalz-neue-flaechen-fuer-kleine-und-mittelstaendische-unternehmen-mannheim","status":"publish","type":"post","link":"https:\/\/www.europesays.com\/de\/1048759\/","title":{"rendered":"Nach einem Vorbild in der Pfalz: Neue Fl\u00e4chen f\u00fcr kleine und mittelst\u00e4ndische Unternehmen &#8211; Mannheim"},"content":{"rendered":"<p class=\"rhp-dpa-teaser\"><b>Kleine Betriebe fallen in klassischen Gewerbeparks oft  durchs Raster. F\u00fcr sie entstehen in einem Mannheimer Gewerbegebiet  30 Einheiten, die  flexibel genutzt werden k\u00f6nnen.<\/b><\/p>\n<p>Ein neuer Standort f\u00fcr Gewerbe entsteht derzeit in <a class=\"rtr-entity\" data-rtr-entity=\"Mannheim\" data-rtr-id=\"8e39f98d121d00ffdaf4f78a2ae2e7dea2653ba7\" data-rtr-score=\"150.96050357936312\" data-rtr-etype=\"location\" data-rtr-index=\"15\" href=\"http:\/\/rheinpfalz.de\/lokal\/mannheim.html\" rel=\"nofollow noopener\" target=\"_blank\">Mannheim<\/a><\/p>\n<p>. Das s\u00fcdbadische Unternehmen GreenPlaces Deutschland baut  im Gewerbegebiet Taylor im Stadtteil  Vogelstang 30 modulare Einheiten, die sich besonders  f\u00fcr kleine und mittelst\u00e4ndische Unternehmen sowie Start-ups aus Handwerk, Dienstleistung und Produktion eignen w\u00fcrden.  Als Fl\u00e4che stehen nach Angaben des Unternehmens 7200 Quadratmeter zur Verf\u00fcgung. Genutzt werden k\u00f6nnen davon 4400 Quadratmeter<\/p>\n<p class=\"rhp-teaser\"><b>Kleine Betriebe fallen in klassischen Gewerbeparks oft  durchs Raster. F\u00fcr sie entstehen in einem Mannheimer Gewerbegebiet  30 Einheiten, die  flexibel genutzt werden k\u00f6nnen.<\/b><\/p>\n","protected":false},"excerpt":{"rendered":"Kleine Betriebe fallen in klassischen Gewerbeparks oft durchs Raster. F\u00fcr sie entstehen in einem Mannheimer Gewerbegebiet 30 Einheiten,&hellip;\n","protected":false},"author":2,"featured_media":1048760,"comment_status":"","ping_status":"","sticky":false,"template":"","format":"standard","meta":{"footnotes":"","_share_on_mastodon":"0"},"categories":[1845],"tags":[1634,3364,29,548,663,3934,30,224394,69568,13,4060,2096,224393,14,15,12],"class_list":["post-1048759","post","type-post","status-publish","format-standard","has-post-thumbnail","category-mannheim","tag-baden-wuerttemberg","tag-de","tag-deutschland","tag-eu","tag-europa","tag-europe","tag-germany","tag-greenplaces-deutschland","tag-hassloch","tag-headlines","tag-lokal","tag-mannheim","tag-markus-eberhard","tag-nachrichten","tag-news","tag-schlagzeilen"],"share_on_mastodon":{"url":"https:\/\/pubeurope.com\/@de\/116644082183881221","error":""},"_links":{"self":[{"href":"https:\/\/www.europesays.com\/de\/wp-json\/wp\/v2\/posts\/1048759","targetHints":{"allow":["GET"]}}],"collection":[{"href":"https:\/\/www.europesays.com\/de\/wp-json\/wp\/v2\/posts"}],"about":[{"href":"https:\/\/www.europesays.com\/de\/wp-json\/wp\/v2\/types\/post"}],"author":[{"embeddable":true,"href":"https:\/\/www.europesays.com\/de\/wp-json\/wp\/v2\/users\/2"}],"replies":[{"embeddable":true,"href":"https:\/\/www.europesays.com\/de\/wp-json\/wp\/v2\/comments?post=1048759"}],"version-history":[{"count":0,"href":"https:\/\/www.europesays.com\/de\/wp-json\/wp\/v2\/posts\/1048759\/revisions"}],"wp:featuredmedia":[{"embeddable":true,"href":"https:\/\/www.europesays.com\/de\/wp-json\/wp\/v2\/media\/1048760"}],"wp:attachment":[{"href":"https:\/\/www.europesays.com\/de\/wp-json\/wp\/v2\/media?parent=1048759"}],"wp:term":[{"taxonomy":"category","embeddable":true,"href":"https:\/\/www.europesays.com\/de\/wp-json\/wp\/v2\/categories?post=1048759"},{"taxonomy":"post_tag","embeddable":true,"href":"https:\/\/www.europesays.com\/de\/wp-json\/wp\/v2\/tags?post=1048759"}],"curies":[{"name":"wp","href":"https:\/\/api.w.org\/{rel}","templated":true}]}}