{"id":1048765,"date":"2026-05-27T02:05:20","date_gmt":"2026-05-27T02:05:20","guid":{"rendered":"https:\/\/www.europesays.com\/de\/1048765\/"},"modified":"2026-05-27T02:05:20","modified_gmt":"2026-05-27T02:05:20","slug":"teleshopping-anbieter-kaempft-um-sichtbarkeit-auf-fernsehern","status":"publish","type":"post","link":"https:\/\/www.europesays.com\/de\/1048765\/","title":{"rendered":"Teleshopping-Anbieter k\u00e4mpft um Sichtbarkeit auf Fernsehern"},"content":{"rendered":"<p>Prozesse <\/p>\n<p>Teleshopping-Anbieter k\u00e4mpft um Sichtbarkeit auf Fernsehern<\/p>\n<p>Aktualisiert am 27.05.2026 &#8211; 03:30 UhrLesedauer: 1 Min.<\/p>\n<p><a href=\"#focus-0\" class=\"transition-colors duration-200 block text-current relative\" data-sctrack=\"FocusGalleryImage.Reference\"><img fetchpriority=\"high\" data-testid=\"Opener.Image\"   loading=\"eager\" src=\"https:\/\/www.europesays.com\/de\/wp-content\/uploads\/2026\/05\/der-teleshopping-sender-qvc-streitet-sich-vor-dem-nrw-oberverwaltungsgericht-mit-der-landesmedienans.jpeg\" alt=\"Illustration - Teleshopping-Sender QVC\" title=\"Illustration - Teleshopping-Sender QVC\" width=\"2048\" height=\"1152\" class=\"bg-[url:var(--lqipURL)] bg-cover bg-center flex h-full w-full max-w-full\" style=\"--lqipURL:url('https:\/\/images.t-online.de\/2026\/05\/zRVCCvtavaQ9\/0x109:2048x1152\/fit-in\/150x0\/filters:blur(25)\/der-teleshopping-sender-qvc-streitet-sich-vor-dem-nrw-oberverwaltungsgericht-mit-der-landesmedienanstalt-symbolbild.jpg')\" decoding=\"async\"\/><img loading=\"lazy\" src=\"https:\/\/muenster.t-online.de\/s\/paper\/_next\/static\/media\/zoom-in.f7dae02f.svg\" alt=\"Vergr\u00f6\u00dfern des Bildes\" title=\"Vergr\u00f6\u00dfern des Bildes\" class=\"block h-[calc(var(--height)_\/_16_*_1rem)] w-[calc(var(--width)_\/_16_*_1rem)] max-w-none absolute bottom-8 right-8 rounded-4 bg-snow p-8\" style=\"--width:32;--height:32\" decoding=\"async\"\/><\/a><\/p>\n<p>Der Teleshopping-Sender QVC streitet sich vor dem NRW-Oberverwaltungsgericht mit der Landesmedienanstalt. (Symbolbild) (Quelle: Hendrik Schmidt\/dpa\/dpa-bilder)<\/p>\n<p><img loading=\"lazy\" src=\"https:\/\/muenster.t-online.de\/s\/paper\/_next\/static\/media\/audio-volume.6689034c.svg\" alt=\"\" title=\"\" class=\"block h-[calc(var(--height)_\/_16_*_1rem)] w-[calc(var(--width)_\/_16_*_1rem)] max-w-none group-hover:brightness-0 group-hover:invert\" style=\"--width:16;--height:16\" decoding=\"async\"\/>Vorlesen<\/p>\n<p>Aktuelle Zeit:0:00Gesamtdauer:0:00<\/p>\n<p>1x<\/p>\n<p class=\"text-center\">Jetzt neu bei t-online:<\/p>\n<p class=\"text-center\">Schriftgr\u00f6\u00dfe anpassen!<\/p>\n<p><img loading=\"lazy\" src=\"https:\/\/muenster.t-online.de\/s\/paper\/_next\/static\/media\/font-sizes.32942e33.svg\" alt=\"\" title=\"\" class=\"block h-[calc(var(--height)_\/_16_*_1rem)] w-[calc(var(--width)_\/_16_*_1rem)] max-w-none group-hover:hidden group-aria-expanded:hidden\" style=\"--width:16;--height:16\" decoding=\"async\"\/><img loading=\"lazy\" src=\"https:\/\/muenster.t-online.de\/s\/paper\/_next\/static\/media\/font-sizes-dark-mode.e382645c.svg\" alt=\"\" title=\"\" class=\"block h-[calc(var(--height)_\/_16_*_1rem)] w-[calc(var(--width)_\/_16_*_1rem)] max-w-none hidden group-hover:block group-aria-expanded:block\" style=\"--width:16;--height:16\" decoding=\"async\"\/><img loading=\"lazy\" src=\"https:\/\/muenster.t-online.de\/s\/paper\/_next\/static\/media\/sharing-menu-icon.1eb71368.svg\" alt=\"\" title=\"\" class=\"block h-[calc(var(--height)_\/_16_*_1rem)] w-[calc(var(--width)_\/_16_*_1rem)] max-w-none group-hover:brightness-0 group-hover:invert\" style=\"--width:16;--height:16\" decoding=\"async\"\/>Artikel teilen<\/p>\n<p class=\"font-bold text-18 leading-17 user-text-lg:text-22 user-text-xl:text-24\">QVC k\u00e4mpft in M\u00fcnster um einen Platz auf der &#8222;Public Value&#8220;-Liste. Ein Gericht muss entscheiden, ob Teleshopping einen besonderen Beitrag im Fernsehen leistet.<\/p>\n<p class=\"text-18 leading-17 user-text-lg:text-22 user-text-xl:text-24\">Mit der grunds\u00e4tzlichen Bedeutung von Teleshoppingsendern im Fernsehen besch\u00e4ftigt sich das Oberverwaltungsgericht f\u00fcr das Land Nordrhein-Westfalen an diesem Mittwoch (10.30 Uhr) in einer m\u00fcndlichen Verhandlung. Bei der Berufungsverhandlung muss das Gericht in M\u00fcnster kl\u00e4ren, ob der Kl\u00e4ger, der in D\u00fcsseldorf sitzende Sender QVC, in die sogenannte Public Value-Liste aufgenommen werden muss.<\/p>\n<p class=\"text-18 leading-17 user-text-lg:text-22 user-text-xl:text-24\">Wer aufgenommen wird, hat laut Medienstaatsvertrag das Recht, auf den Benutzeroberfl\u00e4chen von Smart-TVs oder im Kabelfernsehen gut und schnell auffindbar zu sein. Laut Gesetz gilt das f\u00fcr die Sender, die einen besonderen Beitrag zur Meinungs- und Angebotsvielfalt leisten. In NRW hat die zust\u00e4ndige Landesmedienanstalt dies f\u00fcr QVC und andere Anbieter von Teleshoppingkan\u00e4len bislang verneint. In der ersten Instanz vor dem Verwaltungsgericht D\u00fcsseldorf konnten sich die Sender ebenfalls nicht durchsetzen.<\/p>\n","protected":false},"excerpt":{"rendered":"Prozesse Teleshopping-Anbieter k\u00e4mpft um Sichtbarkeit auf Fernsehern Aktualisiert am 27.05.2026 &#8211; 03:30 UhrLesedauer: 1 Min. Der Teleshopping-Sender QVC&hellip;\n","protected":false},"author":2,"featured_media":1048766,"comment_status":"","ping_status":"","sticky":false,"template":"","format":"standard","meta":{"footnotes":"","_share_on_mastodon":"0"},"categories":[1843],"tags":[3364,29,3405,30,224395,8970,1209,31298,130489,20580,130487],"class_list":["post-1048765","post","type-post","status-publish","format-standard","has-post-thumbnail","category-muenster","tag-de","tag-deutschland","tag-duesseldorf","tag-germany","tag-landesmedienanstalt","tag-muenster","tag-nordrhein-westfalen","tag-ovg","tag-qvc","tag-sichtbarkeit","tag-teleshopping"],"share_on_mastodon":{"url":"https:\/\/pubeurope.com\/@de\/116644094473905895","error":""},"_links":{"self":[{"href":"https:\/\/www.europesays.com\/de\/wp-json\/wp\/v2\/posts\/1048765","targetHints":{"allow":["GET"]}}],"collection":[{"href":"https:\/\/www.europesays.com\/de\/wp-json\/wp\/v2\/posts"}],"about":[{"href":"https:\/\/www.europesays.com\/de\/wp-json\/wp\/v2\/types\/post"}],"author":[{"embeddable":true,"href":"https:\/\/www.europesays.com\/de\/wp-json\/wp\/v2\/users\/2"}],"replies":[{"embeddable":true,"href":"https:\/\/www.europesays.com\/de\/wp-json\/wp\/v2\/comments?post=1048765"}],"version-history":[{"count":0,"href":"https:\/\/www.europesays.com\/de\/wp-json\/wp\/v2\/posts\/1048765\/revisions"}],"wp:featuredmedia":[{"embeddable":true,"href":"https:\/\/www.europesays.com\/de\/wp-json\/wp\/v2\/media\/1048766"}],"wp:attachment":[{"href":"https:\/\/www.europesays.com\/de\/wp-json\/wp\/v2\/media?parent=1048765"}],"wp:term":[{"taxonomy":"category","embeddable":true,"href":"https:\/\/www.europesays.com\/de\/wp-json\/wp\/v2\/categories?post=1048765"},{"taxonomy":"post_tag","embeddable":true,"href":"https:\/\/www.europesays.com\/de\/wp-json\/wp\/v2\/tags?post=1048765"}],"curies":[{"name":"wp","href":"https:\/\/api.w.org\/{rel}","templated":true}]}}