{"id":1048897,"date":"2026-05-27T03:18:15","date_gmt":"2026-05-27T03:18:15","guid":{"rendered":"https:\/\/www.europesays.com\/de\/1048897\/"},"modified":"2026-05-27T03:18:15","modified_gmt":"2026-05-27T03:18:15","slug":"leichtathletik-romy-winzen-zeigt-sich-weiter-in-topform","status":"publish","type":"post","link":"https:\/\/www.europesays.com\/de\/1048897\/","title":{"rendered":"Leichtathletik: Romy Winzen zeigt sich weiter in Topform"},"content":{"rendered":"<p class=\"text_ohne_einzug richtext text-em-55 !leading-serif mx-6 desktop:mx-0\">Bei der Nordrhein-Hindernismeisterschaft des \u00f6rtlichen Ausrichters LAZ <a href=\"https:\/\/rp-online.de\/thema\/moenchengladbach\/\" rel=\"nofollow noopener\" target=\"_blank\">M\u00f6nchengladbach<\/a> haben etliche Sportlerinnen und Sportler die Pflichtzeiten f\u00fcr deutsche Meisterschaften erf\u00fcllt. Romy Winzen vom LAZ M\u00f6nchengladbach unterbot im Grenzlandstadion als Nordrhein-Dritte mit 11:43,65 Minuten bereits zum dritten Mal in Folge die Qualifikation f\u00fcr die deutschen U23-Meisterschaften. Der Wettbewerb findet vom 3. bis 5. Juli in Wattenscheid statt.<\/p>\n<p class=\"richtext text-em-55 !leading-serif mx-6 desktop:mx-0\">\u201eEine Teilnahme ist ihr Plan\u201c, sagt LAZ-Trainer Johannes Gathen. Ihre Vereinskollegin Sonja Beba (W35) belegte bei den Frauen in 13:13,81 Minuten Platz f\u00fcnf. Moritz Deu\u00dfen vom OSC Waldniel lief \u00fcber 1500 Meter Hindernis in der Altersklasse M15 in 5:01,15 Minuten auf Rang vier und erf\u00fcllte damit die Norm (5:05 Minuten) f\u00fcr die deutschen Meisterschaften seiner Altersstufe in Wattenscheid (10. bis 12. Juli).<\/p>\n<p class=\"richtext text-em-55 !leading-serif mx-6 desktop:mx-0\">Eine Teilnahme ist f\u00fcr ihn allerdings nur m\u00f6glich, wenn er noch einen Blockmehrkampf absolviert und dabei die Mindestpunktzahl f\u00fcr die DM erreicht. Dazu hat er Ende Mai in Wassenberg die Chance. Diese H\u00fcrde nahm seine W15-Vereinskameradin Helena Collier bereits: Sie erf\u00fcllte zudem \u00fcber 3000 Meter auch schon die B-Norm f\u00fcr die DM-Teilnahme.<\/p>\n<p class=\"richtext text-em-55 !leading-serif mx-6 desktop:mx-0\">Jonathan Matys (LAZ M\u00f6nchengladbach) holte bei den 14-J\u00e4hrigen \u00fcber 1500 Meter Hindernis in 5:01,11 Minuten die Vizemeisterschaft. Zwar unterbot er damit die Qualifikation f\u00fcr die DM der 15-J\u00e4hrigen, kann aber nicht teilnehmen, weil diese nur dem \u00e4lteren Jahrgang der Jugend U16 vorbehalten ist. Das betrifft auch die W14-Vizemeisterin Jana Deu\u00dfen (OSC Waldniel), die die 1500 Meter Hindernis in 5:31,96 Minuten absolvierte. Ihre Vereinskameradin Marie Vootz wurde in 5:47,36 Minuten Dritte.<\/p>\n<p class=\"richtext text-em-55 !leading-serif mx-6 desktop:mx-0\">Ebenfalls erfolgreich unterwegs war Jonas V\u00f6ller vom SC Myhl. Er holte bei der deutschen Hochschulmeisterschaft in Duisburg f\u00fcr die Hochschule Aachen mit 3:47,72 Minuten \u00fcber 1500 Meter einen weiteren DM-Titel. Trotz sehr ung\u00fcnstiger Witterungsbedingungen war das sein neuer Freiluft-Hausrekord. F\u00fcr V\u00f6ller war es bereits der f\u00fcnfte Titel auf Hochschulebene.<\/p>\n","protected":false},"excerpt":{"rendered":"Bei der Nordrhein-Hindernismeisterschaft des \u00f6rtlichen Ausrichters LAZ M\u00f6nchengladbach haben etliche Sportlerinnen und Sportler die Pflichtzeiten f\u00fcr deutsche Meisterschaften&hellip;\n","protected":false},"author":2,"featured_media":1048898,"comment_status":"","ping_status":"","sticky":false,"template":"","format":"standard","meta":{"footnotes":"","_share_on_mastodon":"0"},"categories":[1849],"tags":[135585,3364,29,548,663,3934,30,93783,13,73434,20080,3480,4455,14,15,19045,1209,74632,224406,12,224405],"class_list":["post-1048897","post","type-post","status-publish","format-standard","has-post-thumbnail","category-moenchengladbach","tag-135585","tag-de","tag-deutschland","tag-eu","tag-europa","tag-europe","tag-germany","tag-grenzlandstadion","tag-headlines","tag-laz","tag-meter","tag-minuten","tag-moenchengladbach","tag-nachrichten","tag-news","tag-nordrhein","tag-nordrhein-westfalen","tag-norm","tag-romy","tag-schlagzeilen","tag-winzen"],"share_on_mastodon":{"url":"","error":""},"_links":{"self":[{"href":"https:\/\/www.europesays.com\/de\/wp-json\/wp\/v2\/posts\/1048897","targetHints":{"allow":["GET"]}}],"collection":[{"href":"https:\/\/www.europesays.com\/de\/wp-json\/wp\/v2\/posts"}],"about":[{"href":"https:\/\/www.europesays.com\/de\/wp-json\/wp\/v2\/types\/post"}],"author":[{"embeddable":true,"href":"https:\/\/www.europesays.com\/de\/wp-json\/wp\/v2\/users\/2"}],"replies":[{"embeddable":true,"href":"https:\/\/www.europesays.com\/de\/wp-json\/wp\/v2\/comments?post=1048897"}],"version-history":[{"count":0,"href":"https:\/\/www.europesays.com\/de\/wp-json\/wp\/v2\/posts\/1048897\/revisions"}],"wp:featuredmedia":[{"embeddable":true,"href":"https:\/\/www.europesays.com\/de\/wp-json\/wp\/v2\/media\/1048898"}],"wp:attachment":[{"href":"https:\/\/www.europesays.com\/de\/wp-json\/wp\/v2\/media?parent=1048897"}],"wp:term":[{"taxonomy":"category","embeddable":true,"href":"https:\/\/www.europesays.com\/de\/wp-json\/wp\/v2\/categories?post=1048897"},{"taxonomy":"post_tag","embeddable":true,"href":"https:\/\/www.europesays.com\/de\/wp-json\/wp\/v2\/tags?post=1048897"}],"curies":[{"name":"wp","href":"https:\/\/api.w.org\/{rel}","templated":true}]}}