{"id":1049342,"date":"2026-05-27T07:45:29","date_gmt":"2026-05-27T07:45:29","guid":{"rendered":"https:\/\/www.europesays.com\/de\/1049342\/"},"modified":"2026-05-27T07:45:29","modified_gmt":"2026-05-27T07:45:29","slug":"it-stoerung-in-wuppertal-remscheid-und-solingen-nordrhein-westfalen","status":"publish","type":"post","link":"https:\/\/www.europesays.com\/de\/1049342\/","title":{"rendered":"IT-St\u00f6rung in Wuppertal, Remscheid und Solingen | Nordrhein-Westfalen"},"content":{"rendered":"<p id=\"absatz1\" class=\"em_text\">Eine mehrst\u00fcndige Technikst\u00f6rung hat in mehreren St\u00e4dten in Nordrhein-Westfalen zu Ausf\u00e4llen wichtiger Systeme gef\u00fchrt: Unter anderem war das Einsatzleitsystem der Leitstelle und der Polizeiwachen des Polizeipr\u00e4sidiums Wuppertal von der St\u00f6rung betroffen, wie die Polizei mitteilte. Der Notruf war aber weiterhin erreichbar.<\/p>\n<p id=\"absatz2\" class=\"em_text\">Zudem wurden in Wuppertal sowie in Remscheid und Solingen Ampelausf\u00e4lle gemeldet. Einzelne Gesch\u00e4fte mussten wegen Problemen mit den Kassen schlie\u00dfen, wie es weiter hie\u00df. Warum es zu der St\u00f6rung am Dienstag zwischen 16.15 Uhr und etwa 19.30 Uhr kam, ermittelt nun die Kriminalpolizei.<\/p>\n","protected":false},"excerpt":{"rendered":"Eine mehrst\u00fcndige Technikst\u00f6rung hat in mehreren St\u00e4dten in Nordrhein-Westfalen zu Ausf\u00e4llen wichtiger Systeme gef\u00fchrt: Unter anderem war das&hellip;\n","protected":false},"author":2,"featured_media":1049343,"comment_status":"","ping_status":"","sticky":false,"template":"","format":"standard","meta":{"footnotes":"","_share_on_mastodon":"0"},"categories":[1840],"tags":[1325,3364,29,224408,30,198,1209,121,21537,7223,194,224407,4418],"class_list":["post-1049342","post","type-post","status-publish","format-standard","has-post-thumbnail","category-wuppertal","tag-ausfall","tag-de","tag-deutschland","tag-einsatzleitsystem","tag-germany","tag-internet","tag-nordrhein-westfalen","tag-polizei","tag-remscheid","tag-solingen","tag-technik","tag-technikstoerung","tag-wuppertal"],"share_on_mastodon":{"url":"https:\/\/pubeurope.com\/@de\/116645430983956772","error":""},"_links":{"self":[{"href":"https:\/\/www.europesays.com\/de\/wp-json\/wp\/v2\/posts\/1049342","targetHints":{"allow":["GET"]}}],"collection":[{"href":"https:\/\/www.europesays.com\/de\/wp-json\/wp\/v2\/posts"}],"about":[{"href":"https:\/\/www.europesays.com\/de\/wp-json\/wp\/v2\/types\/post"}],"author":[{"embeddable":true,"href":"https:\/\/www.europesays.com\/de\/wp-json\/wp\/v2\/users\/2"}],"replies":[{"embeddable":true,"href":"https:\/\/www.europesays.com\/de\/wp-json\/wp\/v2\/comments?post=1049342"}],"version-history":[{"count":0,"href":"https:\/\/www.europesays.com\/de\/wp-json\/wp\/v2\/posts\/1049342\/revisions"}],"wp:featuredmedia":[{"embeddable":true,"href":"https:\/\/www.europesays.com\/de\/wp-json\/wp\/v2\/media\/1049343"}],"wp:attachment":[{"href":"https:\/\/www.europesays.com\/de\/wp-json\/wp\/v2\/media?parent=1049342"}],"wp:term":[{"taxonomy":"category","embeddable":true,"href":"https:\/\/www.europesays.com\/de\/wp-json\/wp\/v2\/categories?post=1049342"},{"taxonomy":"post_tag","embeddable":true,"href":"https:\/\/www.europesays.com\/de\/wp-json\/wp\/v2\/tags?post=1049342"}],"curies":[{"name":"wp","href":"https:\/\/api.w.org\/{rel}","templated":true}]}}