{"id":1049412,"date":"2026-05-27T08:24:17","date_gmt":"2026-05-27T08:24:17","guid":{"rendered":"https:\/\/www.europesays.com\/de\/1049412\/"},"modified":"2026-05-27T08:24:17","modified_gmt":"2026-05-27T08:24:17","slug":"vandalismus-von-loewen-fans-polizei-nimmt-sechs-jugendliche-aus-muenchen-fest","status":"publish","type":"post","link":"https:\/\/www.europesays.com\/de\/1049412\/","title":{"rendered":"Vandalismus von L\u00f6wen-Fans: Polizei nimmt sechs Jugendliche aus M\u00fcnchen fest"},"content":{"rendered":"<p>Polizisten haben an Pfingsten sechs Fans des <a href=\"https:\/\/www.abendzeitung-muenchen.de\/sport\/tsv1860\/\" rel=\"nofollow noopener\" target=\"_blank\">TSV 1860 M\u00fcnchen<\/a> erwischt, die in Giesing &#8222;ihr Revier&#8220; in den Vereinsfarben Gold und Gr\u00fcn markiert haben. Sie wurden wegen Sachbesch\u00e4digung angezeigt. Der Schaden betr\u00e4gt mehrere Tausend Euro.<\/p>\n<p>Gro\u00dfeinsatz der Polizei in Giesing<\/p>\n<p>Passanten verst\u00e4ndigten am Samstag gegen 11.15 Uhr den Polizeinotruf. Sie hatten Jugendliche beobachtet, die an der Tegernseer Landstra\u00dfe Geb\u00e4ude mit Farbe bespr\u00fchten. Die Zeugen hatten zudem bei einem der Verd\u00e4chtigen eine Pistole gesehen.<\/p>\n<p>Die Einsatzzentrale schickte daher mehr als zehn Streifen nach Giesing. Die Beamten konnten noch am Tatort sechs Jugendliche festnehmen. Bei einem 15-J\u00e4hrigen fanden die Polizisten zwei Softair-Pistolen. Die Waffen wurden sichergestellt. Zudem fanden die Beamten unter einem am Fahrbahnrand geparkten Auto mehrere Spraydosen. Auch an der Kleidung der Verd\u00e4chtigen waren Farbreste.<\/p>\n<p>Verd\u00e4chtige sind zwischen 14 und 17 Jahre alt<\/p>\n<p>Bei den L\u00f6wen-Fans handelt es sich um Jugendliche im Alter zwischen 14 und 17 Jahren, allesamt wohnen in M\u00fcnchen. Es handelt sich um deutsche, australische, afghanische sowie ukrainische Staatsangeh\u00f6rige.<\/p>\n<p>Die Verd\u00e4chtigen sollen drei Schaufensterscheiben, eine Hauswand sowie ein Fensterbrett beschmiert haben. Sie spr\u00fchten in Gelb und Gr\u00fcn &#8222;TSV&#8220;, &#8222;1860&#8220; und das Wort &#8222;Toni&#8220;. Neben zivilrechtlichen Schadensersatzanspr\u00fcchen zur Beseitigung der Schmierereien m\u00fcssen sie sich auch wegen Sachbesch\u00e4digung verantworten, sagte am Dienstag ein Polizeisprecher. Die Tatverd\u00e4chtigen wurden nach Durchf\u00fchrung der <a href=\"https:\/\/www.abendzeitung-muenchen.de\/organisation\/polizei\/\" rel=\"nofollow noopener\" target=\"_blank\">polizeilichen<\/a> Ma\u00dfnahmen ihren Erziehungsberechtigten \u00fcbergeben.<\/p>\n","protected":false},"excerpt":{"rendered":"Polizisten haben an Pfingsten sechs Fans des TSV 1860 M\u00fcnchen erwischt, die in Giesing &#8222;ihr Revier&#8220; in den&hellip;\n","protected":false},"author":2,"featured_media":1049413,"comment_status":"","ping_status":"","sticky":false,"template":"","format":"standard","meta":{"footnotes":"","_share_on_mastodon":"0"},"categories":[1827],"tags":[772,29,30,6787,31069,1268,121,27341,9026],"class_list":["post-1049412","post","type-post","status-publish","format-standard","has-post-thumbnail","category-muenchen","tag-bayern","tag-deutschland","tag-germany","tag-giesing","tag-loewen-fans","tag-muenchen","tag-polizei","tag-schmierereien","tag-vandalismus"],"share_on_mastodon":{"url":"https:\/\/pubeurope.com\/@de\/116645584878255440","error":""},"_links":{"self":[{"href":"https:\/\/www.europesays.com\/de\/wp-json\/wp\/v2\/posts\/1049412","targetHints":{"allow":["GET"]}}],"collection":[{"href":"https:\/\/www.europesays.com\/de\/wp-json\/wp\/v2\/posts"}],"about":[{"href":"https:\/\/www.europesays.com\/de\/wp-json\/wp\/v2\/types\/post"}],"author":[{"embeddable":true,"href":"https:\/\/www.europesays.com\/de\/wp-json\/wp\/v2\/users\/2"}],"replies":[{"embeddable":true,"href":"https:\/\/www.europesays.com\/de\/wp-json\/wp\/v2\/comments?post=1049412"}],"version-history":[{"count":0,"href":"https:\/\/www.europesays.com\/de\/wp-json\/wp\/v2\/posts\/1049412\/revisions"}],"wp:featuredmedia":[{"embeddable":true,"href":"https:\/\/www.europesays.com\/de\/wp-json\/wp\/v2\/media\/1049413"}],"wp:attachment":[{"href":"https:\/\/www.europesays.com\/de\/wp-json\/wp\/v2\/media?parent=1049412"}],"wp:term":[{"taxonomy":"category","embeddable":true,"href":"https:\/\/www.europesays.com\/de\/wp-json\/wp\/v2\/categories?post=1049412"},{"taxonomy":"post_tag","embeddable":true,"href":"https:\/\/www.europesays.com\/de\/wp-json\/wp\/v2\/tags?post=1049412"}],"curies":[{"name":"wp","href":"https:\/\/api.w.org\/{rel}","templated":true}]}}