{"id":1049420,"date":"2026-05-27T08:28:17","date_gmt":"2026-05-27T08:28:17","guid":{"rendered":"https:\/\/www.europesays.com\/de\/1049420\/"},"modified":"2026-05-27T08:28:17","modified_gmt":"2026-05-27T08:28:17","slug":"velten-in-brandenburg-voellig-irre-stadtverordnete-waehlen-rechtsextremisten-zum-europabeauftragten","status":"publish","type":"post","link":"https:\/\/www.europesays.com\/de\/1049420\/","title":{"rendered":"Velten in Brandenburg: \u201eV\u00f6llig irre\u201c \u2013 Stadtverordnete w\u00e4hlen Rechtsextremisten zum Europabeauftragten"},"content":{"rendered":"<p>Im brandenburgischen Velten wird ein Vertreter der rechtsextremen Partei Die Heimat zum Europabeauftragten gew\u00e4hlt \u2013 obwohl seine Partei die EU ablehnt. Kritiker warnen vor einer Verschiebung \u201egesellschaftlicher Ma\u00dfst\u00e4be\u201c.<\/p>\n<p class=\"is-first-paragraph\" data-external=\"Article.FirstParagraph\">Anstelle der Europ\u00e4ischen Union fordert die Partei Die Heimat eine \u201ekooperative Zusammenarbeit souver\u00e4ner Staaten\u201c, sie pl\u00e4diert f\u00fcr den Austritt aus der Nato und die Wiedereinf\u00fchrung der D-Mark. Es ist ein Programm, das sich deutlich von den politischen Grundannahmen der meisten europ\u00e4ischen Staaten unterscheidet. <\/p>\n<p>In Velten in Brandenburg \u00fcbernimmt nun ausgerechnet ein Stadtverordneter dieser Partei das Amt des ehrenamtlichen Europabeauftragten \u2013 eine Rolle, die offiziell den Gedanken \u201eder Europ\u00e4ischen Einheit und Integration f\u00f6rdern\u201c soll, wie es auf der <a class=\"is-link c-block-items__link is-external c-link--rich-text-renderer\" href=\"https:\/\/velten.de\/?ModID=7&amp;FID=3631.4289.1&amp;object=tx%7C3631.5.1&amp;NavID=3631.54.1\" target=\"_blank\" title=\"Link wird in einem neuen Tab ge\u00f6ffnet\" rel=\"nofollow noopener\" data-internal-tracking-enabled=\"true\" data-internal-tracking=\"{&quot;action&quot;:&quot;click&quot;,&quot;label&quot;:&quot;link&quot;,&quot;name&quot;:&quot;Inline Element&quot;,&quot;data&quot;:{&quot;source&quot;:&quot;&quot;,&quot;target&quot;:&quot;https:\/\/velten.de\/?ModID=7&amp;FID=3631.4289.1&amp;object=tx%7C3631.5.1&amp;NavID=3631.54.1&quot;,&quot;trackingName&quot;:&quot;&quot;,&quot;trackingLabel&quot;:&quot;&quot;}}\">Website der Stadt<\/a> hei\u00dft. Der Verfassungsschutz stuft Die Heimat, Nachfolger der NPD, als rechtsextremistisch ein.<\/p>\n<p>Wie die \u201e<a class=\"is-link c-block-items__link is-external c-link--rich-text-renderer\" href=\"https:\/\/www.maz-online.de\/lokales\/oberhavel\/velten\/rechtsextremer-wird-europa-beauftragter-in-velten-svv-waehlt-robert-wolinski-die-heimat-ehem-npd-RQ5MJBCZBJEWXB6BGFTH67YFUI.html\" target=\"_blank\" title=\"Link wird in einem neuen Tab ge\u00f6ffnet\" rel=\"nofollow noopener\" data-internal-tracking-enabled=\"true\" data-internal-tracking=\"{&quot;action&quot;:&quot;click&quot;,&quot;label&quot;:&quot;link&quot;,&quot;name&quot;:&quot;Inline Element&quot;,&quot;data&quot;:{&quot;source&quot;:&quot;&quot;,&quot;target&quot;:&quot;https:\/\/www.maz-online.de\/lokales\/oberhavel\/velten\/rechtsextremer-wird-europa-beauftragter-in-velten-svv-waehlt-robert-wolinski-die-heimat-ehem-npd-RQ5MJBCZBJEWXB6BGFTH67YFUI.html&quot;,&quot;trackingName&quot;:&quot;&quot;,&quot;trackingLabel&quot;:&quot;&quot;}}\">M\u00e4rkische Allgemeine\u201c<\/a> berichtet, wurde Robert Wolinski am vergangenen Donnerstag in geheimer Wahl von den Stadtverordneten gew\u00e4hlt. Aufgrund der Mehrheitsverh\u00e4ltnisse in der rund 13.000 Einwohner gro\u00dfen Stadt n\u00f6rdlich von Berlin sei die Wahl Wolinskis nicht verhinderbar gewesen, sagt der Landtagsabgeordnete Andreas Noack (SPD). In Velten kommen AfD, das W\u00e4hlerb\u00fcndnis Pro Velten und Wolinski zusammen auf insgesamt zw\u00f6lf Stimmen. Die CDU hat drei Sitze, ein Zusammenschluss aus SPD, Linkspartei und einem weiteren Stadtverordneten kommt auf sieben Mandate.<\/p>\n<p>Noack, der selbst f\u00fcr den Posten kandidierte, erkl\u00e4rt: \u201eEin Europabeauftragter sollte die europ\u00e4ische Idee nicht nur formal vertreten, sondern auch glaubw\u00fcrdig f\u00fcr ihre Werte einstehen. Wie soll jemand glaubw\u00fcrdig f\u00fcr ein geeintes Europa werben, wenn die eigene politische Ausrichtung auf Nationalismus, Abschottung und europafeindlichen Positionen basiert?\u201c<\/p>\n<p>Auch die Sprecherin der SPD-Landtagsfraktion f\u00fcr die Bek\u00e4mpfung von Rechtsextremismus, Annemarie Wolff, kritisiert: \u201eWenn Akteure in politischen Gremien beginnen, Rechtsextreme f\u00fcr repr\u00e4sentative oder wertegebundene \u00c4mter vorzuschlagen oder mitzutragen, verschieben sich demokratische Grenzen und gesellschaftliche Ma\u00dfst\u00e4be immer weiter.\u201c Die Gefahr liege in der \u201ezunehmenden Normalisierung\u201c.<\/p>\n<p>Frank Bommert, Kreisvorsitzender der CDU in Oberhavel, erkl\u00e4rt, mit Wolinski sei ein \u201eBock zum G\u00e4rtner\u201c gemacht worden. Er nennt die Situation \u201ev\u00f6llig irre\u201c. <\/p>\n<p>Wolinski, der seit 2014 Mitglied in der Stadtverordnetenversammlung ist, weist die Kritik dem <a class=\"is-link c-block-items__link is-external c-link--rich-text-renderer\" href=\"https:\/\/www.tagesspiegel.de\/potsdam\/brandenburg\/stadtverordnete-in-velten-haben-entschieden-rechtsextremist-wird-europa-beauftragter-15637067.html\" target=\"_blank\" title=\"Link wird in einem neuen Tab ge\u00f6ffnet\" rel=\"nofollow noopener\" data-internal-tracking-enabled=\"true\" data-internal-tracking=\"{&quot;action&quot;:&quot;click&quot;,&quot;label&quot;:&quot;link&quot;,&quot;name&quot;:&quot;Inline Element&quot;,&quot;data&quot;:{&quot;source&quot;:&quot;&quot;,&quot;target&quot;:&quot;https:\/\/www.tagesspiegel.de\/potsdam\/brandenburg\/stadtverordnete-in-velten-haben-entschieden-rechtsextremist-wird-europa-beauftragter-15637067.html&quot;,&quot;trackingName&quot;:&quot;&quot;,&quot;trackingLabel&quot;:&quot;&quot;}}\">\u201eTagesspiegel\u201c<\/a> zufolge auf Facebook zur\u00fcck. Er verweise darauf, dass er als \u201ejunger Nationalist\u201c am europ\u00e4ischen Ausland \u201estark interessiert\u201c gewesen sei. Der Beitrag ist auf Facebook derzeit nicht mehr zu finden. <\/p>\n<p>nw<\/p>\n","protected":false},"excerpt":{"rendered":"Im brandenburgischen Velten wird ein Vertreter der rechtsextremen Partei Die Heimat zum Europabeauftragten gew\u00e4hlt \u2013 obwohl seine Partei&hellip;\n","protected":false},"author":2,"featured_media":1049421,"comment_status":"","ping_status":"","sticky":false,"template":"","format":"standard","meta":{"footnotes":"","_share_on_mastodon":"0"},"categories":[1816],"tags":[1960,1958,1959,1957,1956,1890,29,7736,1549,30,110,15691,770,45],"class_list":["post-1049420","post","type-post","status-publish","format-standard","has-post-thumbnail","category-brandenburg","tag-aktuelle-nachrichten-aus-berlin-und-brandenburg","tag-aktuelle-nachrichten-aus-brandenburg","tag-aktuelle-news-aus-berlin-und-brandenburg","tag-aktuelle-news-aus-brandenburg","tag-berlin-und-brandenburg","tag-brandenburg","tag-deutschland","tag-europaeische-union-eu","tag-extremismus","tag-germany","tag-newsteam","tag-npd","tag-rechtsextremismus","tag-texttospeech"],"share_on_mastodon":{"url":"https:\/\/pubeurope.com\/@de\/116645600374879202","error":""},"_links":{"self":[{"href":"https:\/\/www.europesays.com\/de\/wp-json\/wp\/v2\/posts\/1049420","targetHints":{"allow":["GET"]}}],"collection":[{"href":"https:\/\/www.europesays.com\/de\/wp-json\/wp\/v2\/posts"}],"about":[{"href":"https:\/\/www.europesays.com\/de\/wp-json\/wp\/v2\/types\/post"}],"author":[{"embeddable":true,"href":"https:\/\/www.europesays.com\/de\/wp-json\/wp\/v2\/users\/2"}],"replies":[{"embeddable":true,"href":"https:\/\/www.europesays.com\/de\/wp-json\/wp\/v2\/comments?post=1049420"}],"version-history":[{"count":0,"href":"https:\/\/www.europesays.com\/de\/wp-json\/wp\/v2\/posts\/1049420\/revisions"}],"wp:featuredmedia":[{"embeddable":true,"href":"https:\/\/www.europesays.com\/de\/wp-json\/wp\/v2\/media\/1049421"}],"wp:attachment":[{"href":"https:\/\/www.europesays.com\/de\/wp-json\/wp\/v2\/media?parent=1049420"}],"wp:term":[{"taxonomy":"category","embeddable":true,"href":"https:\/\/www.europesays.com\/de\/wp-json\/wp\/v2\/categories?post=1049420"},{"taxonomy":"post_tag","embeddable":true,"href":"https:\/\/www.europesays.com\/de\/wp-json\/wp\/v2\/tags?post=1049420"}],"curies":[{"name":"wp","href":"https:\/\/api.w.org\/{rel}","templated":true}]}}