{"id":1049431,"date":"2026-05-27T08:34:30","date_gmt":"2026-05-27T08:34:30","guid":{"rendered":"https:\/\/www.europesays.com\/de\/1049431\/"},"modified":"2026-05-27T08:34:30","modified_gmt":"2026-05-27T08:34:30","slug":"jennifer-lopez-j-lo-zieht-nach-affleck-trennung-in-neue-mega-villa-unterhaltung","status":"publish","type":"post","link":"https:\/\/www.europesays.com\/de\/1049431\/","title":{"rendered":"Jennifer Lopez: J.Lo zieht nach Affleck-Trennung in neue Mega-Villa | Unterhaltung"},"content":{"rendered":"<p><a class=\"skip-content skip-content--link\" href=\"#in-content-skip-link-target-v-0-0\">TTS-Player \u00fcberspringen\u21b5<\/a><a id=\"in-content-skip-link-target-v-0-0\" class=\"skip-content--target-link-hidden skip-content skip-content--target-link\" href=\"#in-content-skip-link-target-v-0-0\">Artikel weiterlesen<\/a><\/p>\n<p data-fa091bde=\"0-849\">Hidden Hills (USA) \u2013 <b>\u201eJenny from the Block\u201c war gestern! Heute spielt J.Lo (56) in einer ganz anderen Liga: F\u00fcr 18 Millionen Dollar zieht Jennifer Lopez jetzt in eine Junggesellen-Villa, die sie bereits vor einem Jahr, nach der Scheidung von Ben Affleck (53), erworben hatte. Eingeweiht wurde die Mega-Bude mit Familie und Freunden am Memorial Day!<\/b><\/p>\n<p data-fa091bde=\"0-849\">Nach einj\u00e4hriger Renovierungsphase entspricht das atemberaubende Anwesen nun endlich den Anspr\u00fcchen der S\u00e4ngerin, die ihr Leben als alleinerziehende Mutter wieder in vollen Z\u00fcgen genie\u00dft. Ihr neues Single-Domizil in den Hidden Hills liegt in bester Nachbarschaft, auch Stars wie <a href=\"https:\/\/www.bild.de\/unterhaltung\/leute\/kim-kardashian\/kim-kardashian-alle-infos-76664760.bild.html\" class=\"text-link\" rel=\"nofollow noopener\" target=\"_blank\">Kim Kardashian<\/a> (45) und Kylie Jenner (28) wohnen nur einen Steinwurf entfernt. <\/p>\n<p><img decoding=\"async\" width=\"992\" height=\"1178\" alt=\"Jennifer Lopez (56) entspannt am Pool ihrer neuen Mega-Villa\" src=\"https:\/\/www.europesays.com\/de\/wp-content\/uploads\/2026\/05\/7a150a326aa04796a266aa8d7d27806e,ec87b5b0.jpeg\"   class=\"portrait\" loading=\"lazy\"\/><\/p>\n<p class=\"fig__caption__text\">Jennifer Lopez strahlt \u2013 kein Wunder, bei der neuen Bude<\/p>\n<p>Foto: jlo\/Instagram<\/p>\n<p><img decoding=\"async\" width=\"992\" height=\"791\" alt=\"Die Mega-Villa von oben \u2013 was f\u00fcr ein Prachtst\u00fcck!\" src=\"https:\/\/www.europesays.com\/de\/wp-content\/uploads\/2026\/05\/d3d98be0f0e7a01d7804005ae423284d,3bb9b551.jpeg\"   class=\"dynamic\" loading=\"lazy\"\/><\/p>\n<p class=\"fig__caption__text\">Die Mega-Villa von oben \u2013 was f\u00fcr ein Prachtst\u00fcck! <\/p>\n<p>Foto: action press<\/p>\n<p>J.Lo hat sich ihr Barbie-Traumhaus gekauft<\/p>\n<p data-fa091bde=\"0-849\">Eine Quelle verriet \u201eDaily Mail\u201c, dass sich <a href=\"https:\/\/www.bild.de\/unterhaltung\/leute\/jennifer-lopez\/thema-jennifer-lopez-alle-infos-80749410.bild.html\" class=\"text-link\" rel=\"nofollow noopener\" target=\"_blank\">J.Lo<\/a> ihr \u201eganz pers\u00f6nliches Barbie-Traumhaus\u201c geg\u00f6nnt hat. \u201eEs ist m\u00e4dchenhaft und verspielt, in den Farben Rosa und Wei\u00df gehalten \u2013 sehr feminin und einfach herrlich. Sie ist au\u00dfer sich vor Gl\u00fcck dar\u00fcber und lebt derzeit ihre \u201aGl\u00fccksphase\u2018 voll aus, ohne dass ihr irgendjemand vorschreibt, was sie zu tun oder wie sie sich zu verhalten hat. Sie ist frei. Au\u00dferdem liebt sie es, dass das Haus sie an ihr Anwesen in den Hamptons erinnert, wo sie so viele wunderbare Momente mit ihrer Familie erlebt hat.\u201c<\/p>\n<p><img decoding=\"async\" width=\"992\" height=\"1178\" alt=\"Der Pool hat einen integrierten Whirlpool\" src=\"https:\/\/www.europesays.com\/de\/wp-content\/uploads\/2026\/05\/1b771c9420b1d28aa72b3f1c27453020,249e43f.jpeg\"   class=\"portrait\" loading=\"lazy\"\/><\/p>\n<p class=\"fig__caption__text\">Der Pool hat einen integrierten Whirlpool<\/p>\n<p>Foto: jlo\/Instagram<\/p>\n<p><img decoding=\"async\" width=\"992\" height=\"1178\" alt=\"Das gro\u00dfz\u00fcgige Anwesen mit gro\u00dfem Garten geh\u00f6rte zuvor dem Musiker John Fogerty (80)\" src=\"https:\/\/www.europesays.com\/de\/wp-content\/uploads\/2026\/05\/30accf85535ac2e4003065dc64ad8a30,464c81ab.jpeg\"   class=\"portrait\" loading=\"lazy\"\/><\/p>\n<p class=\"fig__caption__text\">Das gro\u00dfz\u00fcgige Anwesen mit gro\u00dfem Garten geh\u00f6rte zuvor dem Musiker John Fogerty (80)<\/p>\n<p>Foto: jlo\/Instagram<\/p>\n<p data-fa091bde=\"850-1698\">Das 800 Quadratmeter gro\u00dfe Anwesen mit Reitanlage ist zum Schutz der Privatsph\u00e4re komplett eingez\u00e4unt, den Garten s\u00e4umen alte B\u00e4ume, sodass kein Einblick von au\u00dfen m\u00f6glich ist. Das Haupthaus verf\u00fcgt \u00fcber f\u00fcnf Schlafzimmer, acht Badezimmer, eine Gourmetk\u00fcche sowie ein ma\u00dfgefertigtes Heimkino. Zudem gibt es ein G\u00e4stehaus, ein Poolhaus, einen Swimmingpool mit angeschlossenem Whirlpool sowie eine komplette Reitanlage mit einem Stall f\u00fcr f\u00fcnf Pferde, einer Sattelkammer und einem privaten Reitplatz. <\/p>\n<p><img decoding=\"async\" width=\"992\" height=\"1178\" alt=\"Jennifer Lopez mit Familie und Freunden am reich gedeckten Tisch\" src=\"https:\/\/www.europesays.com\/de\/wp-content\/uploads\/2026\/05\/dab2ac479b916adf688403a37f2efdd1,2bd7116a.jpeg\"   class=\"portrait\" loading=\"lazy\"\/><\/p>\n<p class=\"fig__caption__text\">Jennifer Lopez mit Familie und Freunden am reich gedeckten Tisch<\/p>\n<p>Foto: jlo\/Instagram<\/p>\n<p><img decoding=\"async\" width=\"992\" height=\"1178\" alt=\"Die Zwillinge Max (18) ...\" src=\"https:\/\/www.europesays.com\/de\/wp-content\/uploads\/2026\/05\/a659ba8996e36d9f0c1907ad95415475,22866a4a.jpeg\"   class=\"portrait\" loading=\"lazy\"\/><\/p>\n<p class=\"fig__caption__text\">Die Zwillinge Max (18) &#8230; <\/p>\n<p>Foto: jlo\/Instagram<\/p>\n<p><img decoding=\"async\" width=\"992\" height=\"1178\" alt=\"... und Emme (18) durften bei den Feierlichkeiten nat\u00fcrlich nicht fehlen\" src=\"https:\/\/www.europesays.com\/de\/wp-content\/uploads\/2026\/05\/2a002e1534aeac1a05a76bc1e395ceec,592d2cc3.jpeg\"   class=\"portrait\" loading=\"lazy\"\/><\/p>\n<p class=\"fig__caption__text\">&#8230; und Emme (18) durften bei den Feierlichkeiten nat\u00fcrlich nicht fehlen<\/p>\n<p>Foto: jlo\/Instagram<\/p>\n<p>Memorial Day mit Familie und Freunden<\/p>\n<p data-fa091bde=\"1699-2427\">Erste Fotos und Eindr\u00fccke der Mega-Bude postete Lopez selbst auf Instagram. Anlass war der US-amerikanische Feiertag Memorial Day, der jedes Jahr am letzten Montag im Mai zu Ehren der im Krieg f\u00fcr das Vaterland Gefallenen begangen wird. Den Tag verbrachte J.Lo \u201emit den Menschen, die ich liebe\u201c, schrieb sie auf Instagram. Das waren nat\u00fcrlich ihre Zwillinge Max und Emme (18), ihre Mutter Guadalupe (80), Vater David (84), sowie ihr Manager Benny Medina (68), Gesangscoach Stevie Mackey (44), Fotografin Ana Carballosa (60) und ihr befreundeter Stylist Shawn \u201eBeezy\u201c Barton.<\/p>\n","protected":false},"excerpt":{"rendered":"TTS-Player \u00fcberspringen\u21b5Artikel weiterlesen Hidden Hills (USA) \u2013 \u201eJenny from the Block\u201c war gestern! Heute spielt J.Lo (56) in&hellip;\n","protected":false},"author":2,"featured_media":1049432,"comment_status":"","ping_status":"","sticky":false,"template":"","format":"standard","meta":{"footnotes":"","_share_on_mastodon":"0"},"categories":[1776],"tags":[51690,1801,29,214,21286,30,357,1802,1718,138370,10865,215],"class_list":["post-1049431","post","type-post","status-publish","format-standard","has-post-thumbnail","category-prominente","tag-affleck-ben","tag-celebrities","tag-deutschland","tag-entertainment","tag-garner-jennifer","tag-germany","tag-lopez-jennifer","tag-prominente","tag-scheidung","tag-team-first","tag-trennung","tag-unterhaltung"],"share_on_mastodon":{"url":"https:\/\/pubeurope.com\/@de\/116645625390873230","error":""},"_links":{"self":[{"href":"https:\/\/www.europesays.com\/de\/wp-json\/wp\/v2\/posts\/1049431","targetHints":{"allow":["GET"]}}],"collection":[{"href":"https:\/\/www.europesays.com\/de\/wp-json\/wp\/v2\/posts"}],"about":[{"href":"https:\/\/www.europesays.com\/de\/wp-json\/wp\/v2\/types\/post"}],"author":[{"embeddable":true,"href":"https:\/\/www.europesays.com\/de\/wp-json\/wp\/v2\/users\/2"}],"replies":[{"embeddable":true,"href":"https:\/\/www.europesays.com\/de\/wp-json\/wp\/v2\/comments?post=1049431"}],"version-history":[{"count":0,"href":"https:\/\/www.europesays.com\/de\/wp-json\/wp\/v2\/posts\/1049431\/revisions"}],"wp:featuredmedia":[{"embeddable":true,"href":"https:\/\/www.europesays.com\/de\/wp-json\/wp\/v2\/media\/1049432"}],"wp:attachment":[{"href":"https:\/\/www.europesays.com\/de\/wp-json\/wp\/v2\/media?parent=1049431"}],"wp:term":[{"taxonomy":"category","embeddable":true,"href":"https:\/\/www.europesays.com\/de\/wp-json\/wp\/v2\/categories?post=1049431"},{"taxonomy":"post_tag","embeddable":true,"href":"https:\/\/www.europesays.com\/de\/wp-json\/wp\/v2\/tags?post=1049431"}],"curies":[{"name":"wp","href":"https:\/\/api.w.org\/{rel}","templated":true}]}}