{"id":104951,"date":"2025-05-12T14:49:12","date_gmt":"2025-05-12T14:49:12","guid":{"rendered":"https:\/\/www.europesays.com\/de\/104951\/"},"modified":"2025-05-12T14:49:12","modified_gmt":"2025-05-12T14:49:12","slug":"tuerkiyemspor-moenchengladbach-dreht-topspiel-gegen-luerrip","status":"publish","type":"post","link":"https:\/\/www.europesays.com\/de\/104951\/","title":{"rendered":"T\u00fcrkiyemspor M\u00f6nchengladbach dreht Topspiel gegen L\u00fcrrip"},"content":{"rendered":"<p>Es war ein rassiges Spitzenspiel, das gar kein richtiges Spitzenspiel mehr war. Denn schlie\u00dflich waren die Rollen schon vor dem Spiel klar verteilt. F\u00fcr den feststehenden Meister SV L\u00fcrrip ging es gegen Verfolger T\u00fcrkiyemspor M\u00f6nchengladbach um nichts mehr, au\u00dfer die Saison weiter ungeschlagen zu beenden.<\/p>\n<p>Sa., 10.05.2025, 18:00 Uhr <\/p>\n<p>Und f\u00fcr den Zweiten T\u00fcrkiyemspor geht nach oben nichts mehr, wohl geht es noch darum, seinen Platz gegen Verfolger SC Rheindahlen zu verteidigen. Der Plan von T\u00fcrkiyemspor ging auf, den der Bezirksliga-Absteiger schlug L\u00fcrrip mit 4:3 und bewahrt seine Chancen auf den Wiederaufstieg. \u201eWir wollen, dass L\u00fcrrip die erste Niederlage gegen uns kassiert und zwischen denen und uns nicht so viel Unterschied ist. Der Druck hilft uns\u201c, sagte T\u00fcrkiyemspor-Coach Cafer Kapkara vor dem Spiel. Das schien sich dann auch zu bewahrheiten. Denn die M\u00fclforter drehten das Spiel gegen den Konkurrenten.<\/p>\n<p>Zu Beginn noch lief es gut f\u00fcr L\u00fcrrip. Nach neun Minuten f\u00fchrte man mit 2:0 durch Tore von Silvio Cancian (3.) und Nikola Kalchev (9.). \u201eF\u00fcr uns ging es um nichts mehr, aber wir wollten die Saison ordentlich zu Ende bringen und vermeiden, dass man uns Wettbewerbsverzerrung vorwirft. Personell gingen wir aber auf der letzten Rille\u201c, sagte L\u00fcrrip-Trainer Dario Cancian. Sein Kader habe eigentlich nur aus elf Spielern bestanden, somit zollte er seiner Mannschaft noch ausdr\u00fccklich Respekt f\u00fcr die Leistung trotz der Niederlage. Bis zum Pausenpfiff blieb es beim 2:0 f\u00fcr L\u00fcrrip: \u201eDas war die schlechteste Halbzeit, die wir bisher in der Liga gespielt haben, die haben wir komplett verschlafen\u201c, monierte Kapkara. Ungew\u00f6hnlich: In der 17. Minute wechselte Cancian Milan Lakobrija f\u00fcr Aslan Erg\u00fcl ein. \u201eDas war ein Frustfoul mit der offenen Sohle. Ich musste den Spieler auswechseln, der Kn\u00f6chel war blau. Das war ganz klar Rot, doch der Schiedsrichter gibt nur Gelb. Da kochten die Emotionen hoch\u201c, berichtet Cancian.<\/p>\n<p>  Cancian kritisiert Schiedsrichter <\/p>\n<p>Auch nach der Pause habe es eine \u00e4hnliche Situation gegeben. Ein klares Foul von T\u00fcrkiyemspor gegen L\u00fcrrip habe wieder nur eine Gelbe Karte f\u00fcr die M\u00fclforter und kein Elfmeter f\u00fcr L\u00fcrrip nach sich gezogen. \u201eSo etwas habe ich noch nicht erlebt, ich bin sehr entt\u00e4uscht. F\u00fcr mich hat der Schiedsrichter ganz klar f\u00fcr die Gegner entschieden\u201c, kritisierte Cancian. In der zweiten Halbzeit war dann der erfahrene Ali Salgin f\u00fcr T\u00fcrkiyemspor im Spiel und schnell dominierte man \u2013 prompt gelang ein Dreierpack: In schneller Abfolge trafen Ilias Kayhani (49.), und per Doppelpack Salgin (54.\/58.). Semih Simsek (70.) erh\u00f6hte per Foulelfmeter auf 4:2, zuvor hatte L\u00fcrips Silvio Cancian die Ampelkarte gesehen.<\/p>\n<p>Anschlie\u00dfend habe man etwas nachgelassen, so Kapkara und L\u00fcrrip kam durch den Anschlusstreffer durch Harith Jargavani noch mal heran (88.), schaffte aber die Wende nicht mehr. In der 86. Minute kassierte auch T\u00fcrkiyemspor in Form von Ilias Kayhanis Gelb-Roter Karte noch einen Platzverweis.<\/p>\n<p>  Stolz \u00fcberwiegt bei T\u00fcrkiyemspor <\/p>\n<p>Kapkara war nach dem dritten Sieg in Folge stolz auf sein Team: \u201eHut ab, nach einem Abstieg schafft das nicht jeder\u201c, sagte er. Und Cancian fand: \u201eKlar war, dass bei uns in den letzten Wochen etwas die Luft raus war, das hat man gemerkt. In Normalform gewinnen wir das Ding. Es ist eigentlich nicht meine Art, das zu sagen, aber der Schiedsrichter hat seinen Teil dazu beigetragen, dass das Spiel gedreht wurde\u201c, fand Cancian. Am Ende sah das Spiel 14 Gelbe und zwei Gelb-Rote Karten.<\/p>\n<p>Rheindahlen bleibt im Kampf um Platz zwei an T\u00fcrkiyemspor dran, es gewann sein Ausw\u00e4rtsspiel bei Victoria Mennrath II knapp mit 5:4. Die weiteren Ergebnisse: Wickrathhahn und Neersbroich trennten sich 4:4, das bereits abgestiegene RW Venn schlug Odenkirchen II mit 2:1, der PSV unterlag dem 1. FC Viersen mit 2:4. Viersen sprang somit auf Platz 13. Der Rheydter SV hatte beim 3:0 gegen SF Neuwerk II kaum M\u00fche, am Donnerstag schlug Hehn bereits S\u00fcchteln II mit 5:1 und sprang auf einen Nichtabstiegsplatz. Und w\u00e4hrend der SV Otzenrath mit dem 1:0 gegen SV Schelsen weiter in der Tabelle klettert und mit 36 Punkten den Klassenerhalt so gut wie sicher hat, rutschte Schelsen auf den Abstiegsplatz 14.<\/p>\n","protected":false},"excerpt":{"rendered":"Es war ein rassiges Spitzenspiel, das gar kein richtiges Spitzenspiel mehr war. Denn schlie\u00dflich waren die Rollen schon&hellip;\n","protected":false},"author":2,"featured_media":104952,"comment_status":"","ping_status":"","sticky":false,"template":"","format":"standard","meta":{"footnotes":""},"categories":[1849],"tags":[3364,29,548,663,3934,30,13,26338,4455,14,15,1209,12,26340,26339],"class_list":{"0":"post-104951","1":"post","2":"type-post","3":"status-publish","4":"format-standard","5":"has-post-thumbnail","7":"category-moenchengladbach","8":"tag-de","9":"tag-deutschland","10":"tag-eu","11":"tag-europa","12":"tag-europe","13":"tag-germany","14":"tag-headlines","15":"tag-kreisliga-a-moenchengladbach-viersen","16":"tag-moenchengladbach","17":"tag-nachrichten","18":"tag-news","19":"tag-nordrhein-westfalen","20":"tag-schlagzeilen","21":"tag-sv-luerrip","22":"tag-tuerkiyemspor-moenchengladbach"},"share_on_mastodon":{"url":"https:\/\/pubeurope.com\/@de\/114495420186512747","error":""},"_links":{"self":[{"href":"https:\/\/www.europesays.com\/de\/wp-json\/wp\/v2\/posts\/104951","targetHints":{"allow":["GET"]}}],"collection":[{"href":"https:\/\/www.europesays.com\/de\/wp-json\/wp\/v2\/posts"}],"about":[{"href":"https:\/\/www.europesays.com\/de\/wp-json\/wp\/v2\/types\/post"}],"author":[{"embeddable":true,"href":"https:\/\/www.europesays.com\/de\/wp-json\/wp\/v2\/users\/2"}],"replies":[{"embeddable":true,"href":"https:\/\/www.europesays.com\/de\/wp-json\/wp\/v2\/comments?post=104951"}],"version-history":[{"count":0,"href":"https:\/\/www.europesays.com\/de\/wp-json\/wp\/v2\/posts\/104951\/revisions"}],"wp:featuredmedia":[{"embeddable":true,"href":"https:\/\/www.europesays.com\/de\/wp-json\/wp\/v2\/media\/104952"}],"wp:attachment":[{"href":"https:\/\/www.europesays.com\/de\/wp-json\/wp\/v2\/media?parent=104951"}],"wp:term":[{"taxonomy":"category","embeddable":true,"href":"https:\/\/www.europesays.com\/de\/wp-json\/wp\/v2\/categories?post=104951"},{"taxonomy":"post_tag","embeddable":true,"href":"https:\/\/www.europesays.com\/de\/wp-json\/wp\/v2\/tags?post=104951"}],"curies":[{"name":"wp","href":"https:\/\/api.w.org\/{rel}","templated":true}]}}