{"id":1049552,"date":"2026-05-27T09:46:22","date_gmt":"2026-05-27T09:46:22","guid":{"rendered":"https:\/\/www.europesays.com\/de\/1049552\/"},"modified":"2026-05-27T09:46:22","modified_gmt":"2026-05-27T09:46:22","slug":"deutschland-trennt-aber-es-geht-noch-besser-mehr-recycling-duale-systeme-starten","status":"publish","type":"post","link":"https:\/\/www.europesays.com\/de\/1049552\/","title":{"rendered":"Deutschland trennt &#8211; aber es geht noch besser \/ Mehr Recycling: Duale Systeme starten &#8230;"},"content":{"rendered":"<p class=\"date\">27.05.2026 \u2013 11:07<\/p>\n<p class=\"customer\">\n                        <a class=\"story-customer\" title=\"weiter zum newsroom von Initiative &quot;M\u00fclltrennung wirkt&quot;\" href=\"https:\/\/www.presseportal.de\/nr\/142102\" rel=\"nofollow noopener\" target=\"_blank\">Initiative &#8222;M\u00fclltrennung wirkt&#8220;<\/a>\n                    <\/p>\n<p><a class=\"glightbox event-trigger\" href=\"https:\/\/cache.pressmailing.net\/thumbnail\/story_hires\/09fcbe81-52b0-4312-867f-2c78a1537729\/Pressefoto_Deutschla~t_Gaby%20Gerster.jpeg.jpg\" data-description=\"&quot;Deutschland trennt.&quot; 2026: Vom 6. bis 21. Juni touren die Aufkl\u00e4rungs-Showtrucks der dualen Systeme zu 500 Live-Events in St\u00e4dte und Gemeinden in ganz Deutschland. \/ Weiterer Text \u00fcber ots und www.presseportal.de\/nr\/142102 \/ Die Verwendung dieses Bildes f\u00fcr redaktionelle Zwecke ist unter Beachtung aller mitgeteilten Nutzungsbedingungen zul\u00e4ssig und dann auch honorarfrei. Ver\u00f6ffentlichung ausschlie\u00dflich mit Bildrechte-Hinweis.\" data-category=\"medialightbox\" data-action=\"click\" data-label=\"single\" data-value=\"6a16b1be270000fd2cac8925\" rel=\"nofollow noopener\" target=\"_blank\"><img decoding=\"async\" height=\"540\" with=\"720\" src=\"https:\/\/www.europesays.com\/de\/wp-content\/uploads\/2026\/05\/deutschland-trennt-aber-es-geht-noch-besser-mehr-recycling-duale-systeme-starten-bundesweite-aufkl-r.jpeg\"   alt=\"Deutschland trennt - aber es geht noch besser \/ Mehr Recycling: Duale Systeme starten bundesweite Aufkl\u00e4rungsoffensive f\u00fcr richtige M\u00fclltrennung\" class=\"single\"\/><\/a><\/p>\n<p><a data-category=\"citylink-story-view\" data-action=\"click\" data-label=\"Citylink in Meldungsansicht\" class=\"story-city event-trigger\" href=\"https:\/\/www.presseportal.de\/regional\/K%F6ln\" title=\"News aus K\u00f6ln \" rel=\"nofollow noopener\" target=\"_blank\">K\u00f6ln<\/a> (ots)<\/p>\n<p><b>Ob Verpackungsrecycling funktioniert, h\u00e4ngt ma\u00dfgeblich von der richtigen M\u00fclltrennung ab &#8211; und in Deutschland gibt es noch Verbesserungspotenzial. Gemeinsam mit kommunalen Abfallberatungen, Entsorgungsunternehmen und gro\u00dfen Handelsketten starten die dualen Systeme vom 6. bis 21. Juni 2026 mit der bundesweiten Aktion &#8222;Deutschland trennt.&#8220; die bislang gr\u00f6\u00dfte Partneraktion f\u00fcr richtige M\u00fclltrennung in Deutschland.<\/b><\/p>\n<p> Windeln, Staubsaugerbeutel, Batterien oder Lebensmittelreste: Rund 30 Prozent der in Gelben Tonnen und Gelben S\u00e4cken gesammelten Abf\u00e4lle geh\u00f6ren nicht dort hinein. Diese sogenannten Fehlw\u00fcrfe bremsen eine effiziente Kreislaufwirtschaft aus und f\u00fchren zum Verlust wertvoller Rohstoffe. Ursache sind h\u00e4ufig fehlendes Wissen oder l\u00e4ngst widerlegte Mythen beispielsweise die Annahme, Verpackungen w\u00fcrden nicht recycelt, sondern gr\u00f6\u00dftenteils verbrannt oder ins Ausland exportiert. Das will die Aktion &#8222;Deutschland trennt.&#8220; \u00e4ndern. Mit der bundesweiten Aufkl\u00e4rungsoffensive engagieren sich die dualen Systeme gemeinsam mit kommunalen Abfallberatungen, Unternehmen der Abfall- und Entsorgungswirtschaft sowie f\u00fchrenden Handelsunternehmen aus den Bereichen Lebensmittel, Baumarkt, Drogerie und Biohandel f\u00fcr mehr und bessere M\u00fclltrennung. <\/p>\n<p> Aus recycelten Verpackungen entstehen in Deutschland j\u00e4hrlich rund vier Millionen Tonnen Sekund\u00e4rrohstoffe[1]. Sie sind eine wichtige Rohstoffquelle f\u00fcr die Herstellung neuer Verpackungen und Produkte. &#8222;<b>Deutschland trennt bereits, das Potenzial ist aber nicht ausgesch\u00f6pft. Vor dem Hintergrund der wachsenden Bedeutung von Kreislaufwirtschaft und Ressourcenschutz wollen wir mit &#8218;Deutschland trennt.&#8216; m\u00f6glichst viele Menschen erreichen, informieren und motivieren, ihre Abf\u00e4lle richtig zu trennen&#8220;<\/b>, sagt Axel Subklew, Sprecher der Initiative &#8222;M\u00fclltrennung wirkt&#8220;. Die Initiative der dualen Systeme organisiert die gemeinsame Aufkl\u00e4rungsaktion zentraler Akteure der Kreislaufwirtschaft in Deutschland. <\/p>\n<p><b>Bundesweite Aufkl\u00e4rungstour: B\u00fcrgerdialog vor Ort<\/b><\/p>\n<p> 500 Live-Events, 20 Aufkl\u00e4rungs-Showtrucks, 16 Tage: Vom 6. bis 21. Juni 2026 ist die Aktion &#8222;Deutschland trennt.&#8220; bundesweit in St\u00e4dten und Gemeinden unterwegs. Wie trennt man Joghurtbecher richtig? Und muss dieser vorher ausgewaschen werden? Wohin entsorge ich Batterien und Akkus? Vor Ort beantworten Aktionsteams aus Spezialist*innen der kommunalen Abfallberatungen und der dualen Systeme sowohl lokale als auch grunds\u00e4tzliche Fragen der B\u00fcrger*innen zu richtiger M\u00fclltrennung. Rund um die Showtrucks und aufmerksamkeitsstarke XXL-Verpackungen laden sie B\u00fcrger*innen auf zentralen Pl\u00e4tzen zu Dialog und Mitmachaktionen mit ihrem Maskottchen TRENN-B\u00c4R ein. Die Expert*innen der Abfallberatungen besuchen au\u00dferdem Kitas, Schulen und Unternehmen mit ma\u00dfgeschneiderten Informations- und Lehrmaterialien der dualen Systeme. Als &#8222;Trennbotschafter*innen&#8220; geben sie der Aktion vor Ort ein Gesicht, etwa auf Aktionsplakaten in der Stadt. Lokale Entsorgungsunternehmen erm\u00f6glichen Besucher*innen dar\u00fcber hinaus Einblicke in die Praxis, beispielsweise mit Besuchen ihrer Sortieranlagen. <\/p>\n<p> Alle teilnehmenden Kommunen und Termine der Aktion &#8222;Deutschland trennt.&#8220; finden Sie auf der  <a target=\"_blank\" class=\"uri-ext outbound\" rel=\"noopener nofollow\" href=\"https:\/\/www.xn--mlltrennung-wirkt-22b.de\/deutschland-trennt\"><b>Aktionswebsite.<\/b><\/a><\/p>\n<p><b>Handelspartner: Verantwortung am Point of Sale <\/b><\/p>\n<p> Rund 8,4 Millionen Tonnen Verpackungsabf\u00e4lle fielen 2023 bei privaten Endverbraucher*innen in Deutschland an.[2] In bundesweit rund 13.700[3] M\u00e4rkten engagieren sich die 13 Handelspartner der Aktion &#8222;Deutschland trennt.&#8220; direkt beim Einkauf f\u00fcr das korrekte Trennen gebrauchter Verpackungen. Sie informieren ihre Kund*innen mit Plakaten, \u00fcber ihre Social-Media-Kan\u00e4le, mit Einkaufsinformationen und Aktionen auf ihren Parkpl\u00e4tzen. Die \u00fcberdimensionalen XXL-Verpackungen zeigen Produkte ihrer Handelsmarken. <\/p>\n<p><b>Breites Aktionsb\u00fcndnis f\u00fcr mehr Kreislaufwirtschaft<\/b><\/p>\n<p> Verbraucher*innen in Deutschland \u00fcbernehmen eine zentrale Rolle f\u00fcr die Kreislaufwirtschaft: Je mehr und je besser sie Abf\u00e4lle trennen, desto effizienter ist das Recycling von Verpackungen. Richtige M\u00fclltrennung ist ein wesentlicher Baustein einer funktionierenden Kreislaufwirtschaft. Ziel der Aktion &#8222;Deutschland trennt.&#8220; ist es, die Sammelmengen und -qualit\u00e4ten gebrauchter Verpackungen zu erh\u00f6hen und damit einen Beitrag zum Klima- und Ressourcenschutz zu leisten. Die 2024 erstmals gestartete Partneraktion &#8222;Deutschland trennt.&#8220; wird im Juni 2026 fortgesetzt. Kommunen, Hersteller, Handel, Abfall- und Entsorgungswirtschaft sowie die dualen Systeme mit ihrer Initiative &#8222;M\u00fclltrennung wirkt&#8220; informieren \u00fcber richtige M\u00fclltrennung und Recycling &#8211; bisher jedoch meist einzeln. Mit der dialogorientierten Aufkl\u00e4rung vor Ort in kommunalen Entsorgungsgebieten und in Partnerm\u00e4rkten will das Aktionsb\u00fcndnis m\u00f6glichst viele Menschen in Deutschland erreichen. <\/p>\n<p><b>\u00dcber die Aktion &#8222;Deutschland trennt.&#8220;<\/b><\/p>\n<p> &#8222;Deutschland trennt.&#8220; ist die bisher gr\u00f6\u00dfte Partneraktion zur Aufkl\u00e4rung \u00fcber richtige M\u00fclltrennung in Deutschland. Initiiert und organisiert wird die Aktion von &#8222;M\u00fclltrennung wirkt&#8220;, einer Initiative der dualen Systeme. Mit &#8222;Deutschland trennt.&#8220; engagieren sich die dualen Systeme gemeinsam mit kommunalen Abfallberatungen, Unternehmen der Abfall- und Entsorgungswirtschaft sowie f\u00fchrenden Handelsunternehmen aus den Bereichen Lebensmittel, Baumarkt, Drogerie und Biohandel f\u00fcr bessere M\u00fclltrennung. Ihr Ziel: H\u00f6here Sammelmengen und -qualit\u00e4ten f\u00fcr mehr Verpackungsrecycling &#8211; zum Schutz von Klima und Ressourcen. Erstmals umgesetzt wurde die Aktion 2024 und anschlie\u00dfend mit dem German Brand Award 2025 ausgezeichnet. Weitere Informationen \u00fcber die Aktion &#8222;Deutschland trennt.&#8220; finden Sie auf der  <a target=\"_blank\" class=\"uri-ext outbound\" rel=\"noopener nofollow\" href=\"https:\/\/www.xn--mlltrennung-wirkt-22b.de\/deutschland-trennt\"><b>Aktionswebsite.<\/b><\/a><\/p>\n<p><b>Handelspartner der Aktion &#8222;Deutschland trennt.&#8220;<\/b><\/p>\n<p> 13 Handelsunternehmen aus den Bereichen Lebensmittel, Baumarkt, Drogerie und Biohandel informieren ihre Kund*innen in bundesweit rund 13.700[3] M\u00e4rkten beim Einkaufen dar\u00fcber, wie sie Verpackungen richtig trennen. <\/p>\n<p><b>Partner im Drogeriefachmarkthandel<\/b><\/p>\n<ul class=\"naxml-ul\">\n<li> BUDNI Handels- und Service GmbH &amp; Co. KG <\/li>\n<li> Dirk Rossmann GmbH <\/li>\n<li> dm-drogerie markt GmbH + Co. KG <\/li>\n<\/ul>\n<p><b>Partner im Lebensmitteleinzelhandel<\/b><\/p>\n<ul class=\"naxml-ul\">\n<li> dennree GmbH <\/li>\n<li> EDEKA Minden-Hannover Stiftung &amp; Co. KG <\/li>\n<li> EDEKA S\u00fcdbayern Handels Stiftung &amp; Co. KG <\/li>\n<li> EDEKA S\u00fcdwest Stiftung &amp; Co. KG <\/li>\n<li> GLOBUS Markthallen Holding GmbH &amp; Co. KG <\/li>\n<li> Netto Deutschland <\/li>\n<li> Netto Marken-Discount Stiftung &amp; Co. KG <\/li>\n<\/ul>\n<p><b>Partner im Baumarkthandel<\/b><\/p>\n<ul class=\"naxml-ul\">\n<li> Hornbach Baumarkt AG <\/li>\n<li> OBI GmbH &amp; Co. Deutschland KG <\/li>\n<li> toom Baumarkt GmbH <\/li>\n<\/ul>\n<p><b>\u00dcber &#8222;M\u00fclltrennung wirkt&#8220;<\/b><\/p>\n<p> &#8222;M\u00fclltrennung wirkt&#8220; ist eine Initiative der dualen Systeme in Deutschland. Die dualen Systeme organisieren mit ihren Dienstleistern aus der Entsorgungs- und Recyclingbranche die Sammlung, Sortierung und Verwertung gebrauchter Verkaufsverpackungen. Grundlage f\u00fcr ihre Arbeit ist das Verpackungsgesetz. An der bundesweiten Initiative &#8222;M\u00fclltrennung wirkt&#8220; sind aktuell zehn duale Systeme beteiligt. Gemeinsam wollen sie \u00fcber richtige Abfalltrennung und Recycling von Verpackungen aufkl\u00e4ren, mit Irrt\u00fcmern und M\u00fcllmythen aufr\u00e4umen und m\u00f6glichst viele Menschen zum Mitmachen motivieren. <\/p>\n<p> Bildmaterial und die Pressemitteilung zum Download sowie weitere Informationen zum Thema richtige M\u00fclltrennung finden Sie unter:  <a target=\"_blank\" class=\"uri-ext outbound\" rel=\"noopener nofollow\" href=\"https:\/\/www.muelltrennung-wirkt.de\/aktuelles\/pressemitteilungen\/\"><b>www.m\u00fclltrennung-wirkt.de\/presse<\/b><\/a><\/p>\n<p> [1] Quelle: \u00d6ko-Institut,  <a target=\"_blank\" class=\"uri-ext outbound\" rel=\"noopener nofollow\" href=\"https:\/\/www.muelltrennung-wirkt.de\/studie-oeko-institut\">Studie &#8222;\u00d6kobilanz zu den Leistungen der dualen Systeme im Bereich des Verpackungsrecyclings&#8220;<\/a>, 2022<\/p>\n<p> [2] Umweltbundesamt, Studie  <a target=\"_blank\" class=\"uri-ext outbound\" rel=\"noopener nofollow\" href=\"https:\/\/www.umweltbundesamt.de\/system\/files\/medien\/11850\/publikationen\/2026-05\/66_2026_TEXTE.pdf\">&#8222;Aufkommen und Verwertung von Verpackungsabf\u00e4llen in Deutschland im Jahr 2023&#8220;<\/a>, April 2026 <\/p>\n<p> [3] Gesamtzahl M\u00e4rkte: 13.698 <\/p>\n<p class=\"contact-headline\">Pressekontakt:<\/p>\n<p class=\"contact-text\">Presseb\u00fcro &#8222;M\u00fclltrennung wirkt&#8220;<br \/>c\/o Maria Marberg<br \/>Mobil: +49 (0)175 59 64 229<br \/><a href=\"https:\/\/www.presseportal.de\/pm\/142102\/mailto: presse@muelltrennung-wirkt.de\" class=\"uri-mailto\" rel=\"nofollow noopener\" target=\"_blank\"> presse@muelltrennung-wirkt.de<\/a><\/p>\n<p>Axel Subklew, Sprecher der Initiative &#8222;M\u00fclltrennung wirkt&#8220;<br \/>Tel.: +49 (0)2203 50 26 414 | Mobil: +49 (0)178 24 46 547<br \/><a href=\"https:\/\/www.presseportal.de\/pm\/142102\/mailto: subklew@muelltrennung-wirkt.de\" class=\"uri-mailto\" rel=\"nofollow noopener\" target=\"_blank\"> subklew@muelltrennung-wirkt.de<\/a><\/p>\n<p class=\"originator\">Original-Content von: Initiative &#8222;M\u00fclltrennung wirkt&#8220;, \u00fcbermittelt durch news aktuell<\/p>\n","protected":false},"excerpt":{"rendered":"27.05.2026 \u2013 11:07 Initiative &#8222;M\u00fclltrennung wirkt&#8220; K\u00f6ln (ots) Ob Verpackungsrecycling funktioniert, h\u00e4ngt ma\u00dfgeblich von der richtigen M\u00fclltrennung ab&hellip;\n","protected":false},"author":2,"featured_media":1049553,"comment_status":"","ping_status":"","sticky":false,"template":"","format":"standard","meta":{"footnotes":"","_share_on_mastodon":"0"},"categories":[1828],"tags":[77902,3477,29,224520,224521,30,3986,1420,1209,178,180,179,181,1279,19053],"class_list":["post-1049552","post","type-post","status-publish","format-standard","has-post-thumbnail","category-koeln","tag-mlltrennung","tag-bild","tag-deutschland","tag-deutschland-trennt","tag-duale-systeme","tag-germany","tag-handel","tag-koeln","tag-nordrhein-westfalen","tag-presse","tag-pressemeldung","tag-pressemitteilung","tag-pressemitteilungen","tag-recycling","tag-verpackung"],"share_on_mastodon":{"url":"https:\/\/pubeurope.com\/@de\/116645908019745251","error":""},"_links":{"self":[{"href":"https:\/\/www.europesays.com\/de\/wp-json\/wp\/v2\/posts\/1049552","targetHints":{"allow":["GET"]}}],"collection":[{"href":"https:\/\/www.europesays.com\/de\/wp-json\/wp\/v2\/posts"}],"about":[{"href":"https:\/\/www.europesays.com\/de\/wp-json\/wp\/v2\/types\/post"}],"author":[{"embeddable":true,"href":"https:\/\/www.europesays.com\/de\/wp-json\/wp\/v2\/users\/2"}],"replies":[{"embeddable":true,"href":"https:\/\/www.europesays.com\/de\/wp-json\/wp\/v2\/comments?post=1049552"}],"version-history":[{"count":0,"href":"https:\/\/www.europesays.com\/de\/wp-json\/wp\/v2\/posts\/1049552\/revisions"}],"wp:featuredmedia":[{"embeddable":true,"href":"https:\/\/www.europesays.com\/de\/wp-json\/wp\/v2\/media\/1049553"}],"wp:attachment":[{"href":"https:\/\/www.europesays.com\/de\/wp-json\/wp\/v2\/media?parent=1049552"}],"wp:term":[{"taxonomy":"category","embeddable":true,"href":"https:\/\/www.europesays.com\/de\/wp-json\/wp\/v2\/categories?post=1049552"},{"taxonomy":"post_tag","embeddable":true,"href":"https:\/\/www.europesays.com\/de\/wp-json\/wp\/v2\/tags?post=1049552"}],"curies":[{"name":"wp","href":"https:\/\/api.w.org\/{rel}","templated":true}]}}