{"id":1049853,"date":"2026-05-27T12:38:34","date_gmt":"2026-05-27T12:38:34","guid":{"rendered":"https:\/\/www.europesays.com\/de\/1049853\/"},"modified":"2026-05-27T12:38:34","modified_gmt":"2026-05-27T12:38:34","slug":"eine-queere-party-im-muenchner-bahnwaerter-thiel-muenchen","status":"publish","type":"post","link":"https:\/\/www.europesays.com\/de\/1049853\/","title":{"rendered":"Eine Queere Party im M\u00fcnchner Bahnw\u00e4rter Thiel &#8211; M\u00fcnchen"},"content":{"rendered":"<p data-manual=\"paragraph\" data-schema-org-speakable=\"true\" class=\"css-1eosz7k\">Radikal floral wird es kommende Woche im <a href=\"https:\/\/www.sueddeutsche.de\/thema\/Bahnw%C3%A4rter_Thiel\" rel=\"nofollow noopener\" target=\"_blank\">Bahnw\u00e4rter Thiel<\/a>. Unter dem Motto \u201eFloradical\u201c l\u00e4dt das selbsternannte \u201eTuntenkollektiv\u201c Tuntopia zur vierten Ausgabe seiner Veranstaltung \u201eSchiefe Bahn\u201c ein. Von 14 Uhr bis vier Uhr morgens wird eine Party gefeiert, die einen Gegenentwurf bilden soll zum Ohnmachtsgef\u00fchl, dass sich bei der derzeitigen Weltlage zwischen Kriegen, Krisen und politischer Destabilisierung oft in den Alltag einschleicht.<\/p>\n<p data-manual=\"paragraph\" data-schema-org-speakable=\"true\" class=\"css-1eosz7k\">\u201eDie Grundidee ist eine Utopie. Wir hei\u00dfen ja auch Tuntopia\u201c, sagt Miss Taken aus dem Veranstaltungsteam von Tuntopia. Der Begriff \u201eTunte\u201c wird dabei als politischer Begriff genutzt. \u201eWir sind durch die Weltlage gepr\u00e4gt, aber es kann nicht der Ausweg sein, dass wir uns in negative Gedankten verstricken\u201c, sagt Miss Taken und zieht einen Vergleich zu der Kriegsstimmung der 1960er-Jahre, aus der damals das Woodstock-Festival entstand. Angelehnt an die Flowerpower-Zeit ist auch das Motto \u201eFloradical\u201c. \u201eWir wollen mit Blumen und Emotionen arbeiten\u201c, sagt Miss Taken.<\/p>\n<p data-manual=\"paragraph\" data-schema-org-speakable=\"true\" class=\"css-1eosz7k\">14 Stunden lang dauert das Event mit Festival-Charakter, es beginnt drau\u00dfen unter freiem Himmel und zieht nachts in den Club. \u00a0\u201eEs ist immer eine super sch\u00f6ne Stimmung, aber leider findet die \u201aSchiefe Bahn\u2018 nur einmal im Jahr statt, weil die Organisation so aufwendig ist\u201c, sagt Miss Taken. In diesem Jahr kooperiert Tuntopia erstmals mit dem Impuls Kollektiv aus <a href=\"https:\/\/www.sueddeutsche.de\/thema\/M%C3%BCnchen\" rel=\"nofollow noopener\" target=\"_blank\">M\u00fcnchen<\/a>, das ebenfalls in der queerfeministischen Szene und intersektional aktiv ist. Dazu geh\u00f6rt etwa DJ Burningmaze, der sich Old School Techno verschrieben hat und an einer Vernetzung der Szenelandschaft arbeitet. Daf\u00fcr hat er das \u201eTechno ist bunt\u201c ins Leben gerufen; unter dem Motto vernetzen sich Kollektive f\u00fcr ein besseres Miteinander.<\/p>\n<p data-manual=\"paragraph\" data-schema-org-speakable=\"true\" class=\"css-1eosz7k\">\u201eDas Impuls Kollektiv steuert ein Gro\u00dfteil der DJs bei\u201c, sagt Miss Taken. Das Line-up ist vielf\u00e4ltig besetzt. Aus Berlin reist DJ Baerbel an, die in ihren Sets mit Hingabe verschiedene Techno-Spielarten miteinander kombiniert. Au\u00dfer in den Szene-Clubs im deutschsprachigen Raum legt DJ Baerbel auch auf Festivals auf, diesen Sommer erstmals auf dem renommierten \u201eFusion\u201c. Auch lokale DJs spielen, etwa Yuste aus M\u00fcnchen. \u201eWir haben acht DJs, die Techno auflegen werden: Groovigem Techno im Open Air mit Melodic und House. Sp\u00e4ter im Club gibt es Ambient Live und Peak Time Techno und ganz am Ende noch Psy Trance\u201c, z\u00e4hlt Miss Taken die Clubbing-Bandbreite auf.<\/p>\n<p>Eine Jukebox liefert Schlager-Chansons<\/p>\n<p data-manual=\"paragraph\" data-schema-org-speakable=\"true\" class=\"css-1eosz7k\">Doch in der Ank\u00fcndigung der \u201eSchiefen Bahn\u201c wird auch dezidiert von Schlager gesprochen. In der alten Bahn auf dem Gel\u00e4nde wird in floraler Dekoration ein Skelett namens Lady Die stehen. \u201eDort k\u00f6nnen die G\u00e4ste an der Jukebox alte Schlager-Chansons von Hildegard Knef bis Nana Moskouri ausw\u00e4hlen\u201c, sagt Miss Taken. \u201eWir als Tuntenkollektiv sind eher f\u00fcr Schangeligkeiten zust\u00e4ndig\u201c, sagt Miss Taken.<\/p>\n<p data-manual=\"paragraph\" data-schema-org-speakable=\"true\" class=\"css-1eosz7k\">Tuntopia hat f\u00fcr 22 Uhr eine Show in der Bahn geplant. \u201eWir haben Tunten und Menschen aus ganz Deutschland eingeladen, die dort Showeinlagen vorf\u00fchren\u201c, sagt Miss Taken. So steht die \u201eSchiefe Bahn\u201c f\u00fcr eine breite Palette an Tanz- und Gespr\u00e4chsm\u00f6glichkeiten. Die Utopie von einem sicheren Ort, an dem Menschen sich ausprobieren k\u00f6nnen, wird durch weitere Angebote erg\u00e4nzt. Im \u201eFummelfundus\u201c k\u00f6nnen Outfits anprobiert werden, zudem gibt es eine Aktion namens \u201eGlory Nails\u201c: Dabei kann die Hand durch ein Loch in der Wand gesteckt werden, auf der anderen Seite sitzt eine Person, die eine ausgefallene Manik\u00fcre vornimmt.<\/p>\n<p data-manual=\"paragraph\" data-schema-org-speakable=\"true\" class=\"css-1eosz7k\"><strong>Schiefe Bahn 4, Donnerstag, 4. Juni, Bahnw\u00e4rter Thiel, Tumblinger Stra\u00dfe 45, 14 bis 4 Uhr<\/strong><\/p>\n","protected":false},"excerpt":{"rendered":"Radikal floral wird es kommende Woche im Bahnw\u00e4rter Thiel. Unter dem Motto \u201eFloradical\u201c l\u00e4dt das selbsternannte \u201eTuntenkollektiv\u201c Tuntopia&hellip;\n","protected":false},"author":2,"featured_media":1049854,"comment_status":"","ping_status":"","sticky":false,"template":"","format":"standard","meta":{"footnotes":"","_share_on_mastodon":"0"},"categories":[1827],"tags":[224567,772,64448,29,8504,30,2392,19963,1268,21469,149],"class_list":["post-1049853","post","type-post","status-publish","format-standard","has-post-thumbnail","category-muenchen","tag-bahnwaerter-thiel","tag-bayern","tag-clubs-in-muenchen","tag-deutschland","tag-essen-und-trinken-in-muenchen","tag-germany","tag-kultur-in-muenchen","tag-lgbtq-plus","tag-muenchen","tag-queer","tag-sueddeutsche-zeitung"],"share_on_mastodon":{"url":"https:\/\/pubeurope.com\/@de\/116646583374142070","error":""},"_links":{"self":[{"href":"https:\/\/www.europesays.com\/de\/wp-json\/wp\/v2\/posts\/1049853","targetHints":{"allow":["GET"]}}],"collection":[{"href":"https:\/\/www.europesays.com\/de\/wp-json\/wp\/v2\/posts"}],"about":[{"href":"https:\/\/www.europesays.com\/de\/wp-json\/wp\/v2\/types\/post"}],"author":[{"embeddable":true,"href":"https:\/\/www.europesays.com\/de\/wp-json\/wp\/v2\/users\/2"}],"replies":[{"embeddable":true,"href":"https:\/\/www.europesays.com\/de\/wp-json\/wp\/v2\/comments?post=1049853"}],"version-history":[{"count":0,"href":"https:\/\/www.europesays.com\/de\/wp-json\/wp\/v2\/posts\/1049853\/revisions"}],"wp:featuredmedia":[{"embeddable":true,"href":"https:\/\/www.europesays.com\/de\/wp-json\/wp\/v2\/media\/1049854"}],"wp:attachment":[{"href":"https:\/\/www.europesays.com\/de\/wp-json\/wp\/v2\/media?parent=1049853"}],"wp:term":[{"taxonomy":"category","embeddable":true,"href":"https:\/\/www.europesays.com\/de\/wp-json\/wp\/v2\/categories?post=1049853"},{"taxonomy":"post_tag","embeddable":true,"href":"https:\/\/www.europesays.com\/de\/wp-json\/wp\/v2\/tags?post=1049853"}],"curies":[{"name":"wp","href":"https:\/\/api.w.org\/{rel}","templated":true}]}}