{"id":1049923,"date":"2026-05-27T13:19:18","date_gmt":"2026-05-27T13:19:18","guid":{"rendered":"https:\/\/www.europesays.com\/de\/1049923\/"},"modified":"2026-05-27T13:19:18","modified_gmt":"2026-05-27T13:19:18","slug":"nach-odyssee-an-verletzungen-ex-arminia-profi-can-oezkan-muss-karriere-beenden","status":"publish","type":"post","link":"https:\/\/www.europesays.com\/de\/1049923\/","title":{"rendered":"Nach Odyssee an Verletzungen: Ex-Arminia-Profi Can \u00d6zkan muss Karriere beenden"},"content":{"rendered":"<p id=\"absatz1\" class=\"em_text\">Bielefeld. Can \u00d6zkan muss mit nur 26 Jahren seine Karriere als Profifu\u00dfballer beenden. Seit einem Kreuzbandriss im August 2024 hat der geb\u00fcrtige Bielefelder eine knapp zweij\u00e4hrige Odyssee hinter sich. Gleichwohl ist das l\u00e4dierte Knie \u00d6zkans noch immer nicht beschwerdefrei, weshalb er nun einen Schlussstrich zieht. Das teilten der Spieler und sein Klub Erzgebirge Aue mit.<\/p>\n<p id=\"absatz2\" class=\"em_text\">\u201eWenn die Mannschaft am 21. Juni 2026 ihr Training wieder aufnimmt, wird Can \u00d6zkan nicht mehr dabei sein. Der 26-J\u00e4hrige hat sich nach langem Kampf um seine Gesundheit beim letzten Training vom Team verabschiedet\u201c, hie\u00df es von den Sachsen. Die \u201eVeilchen\u201c belegten in der abgelaufenen Saison in den 18. Platz in der 3. Liga und st\u00fcrzten in die viertklassige Regionalliga.<\/p>\n<p id=\"absatz3\" class=\"em_text\">\u00d6zkan war im Juni 2024 von Arminia nach Aue gewechselt. Doch das Kapitel im Erzgebirge stand f\u00fcr ihn unter keinem guten Stern. Kaum angekommen, zog sich der Defensivspezialist eine Verletzung am Sprunggelenk zu und verpasste gro\u00dfe Teile der Vorbereitung. Im Auftaktspiel der Drittligasaison 2024\/25 gegen Hannover II kam er in der Schlussphase zu einem einmin\u00fctigen Kurzeinsatz. Es sollte die einzige Pflichtspielminute \u00d6zkans im Auer Trikot bleiben.<\/p>\n<p>\n        \u00d7\n    <\/p>\n<p>\n            Sie erhalten in wenigen Minuten eine E-Mail zur Best\u00e4tigung Ihrer Anmeldung.\n        <\/p>\n<p>Erst danach ist diese abgeschlossen.<\/p>\n<p>Bitte pr\u00fcfen Sie auch den Spam-Ordner.<\/p>\n<p>\n        \u00d7\n    <\/p>\n<p>\n            Sie haben bisher Ihre E-Mail-Adresse noch nicht best\u00e4tigt.\n        <\/p>\n<p>Erst danach ist diese abgeschlossen.<\/p>\n<p>Bitte pr\u00fcfen Sie auch den Spam-Ordner.<\/p>\n<p>\n        \u00d7\n    <\/p>\n<p>\n            Es ist einen Fehler aufgetreten\n        <\/p>\n<p>Bei Fragen hilft unser Newsletter-Support<\/p>\n<p> Newsletter<\/p>\n<p> DSC Arminia Bielefeld<\/p>\n<p>W\u00f6chentlich alle News rund um Arminia Bielefeld.<\/p>\n<p>                Jetzt anmelden<\/p>\n<p>\u00d6zkans Karriere beginnt in Bielefeld<\/p>\n<p class=\"em_text\">Wenige Tage sp\u00e4ter zog er sich im Training ohne gegnerische Einwirkung einen Kreuzbandriss im linken Knie zu und kehrte erst im Sommer 2025 zur Mannschaft zur\u00fcck. Doch im September 2025 dann die n\u00e4chste Hiobsbotschaft: Anhaltende Kniebeschwerden machten eine neuerliche Operation unumg\u00e4nglich \u2013 Saison-Aus 2025\/26.<\/p>\n<p id=\"absatz5\" class=\"em_text\">Nun h\u00e4ngt \u00d6zkan \u201ewegen anhaltender Beschwerden im mehrfach operierten Knie schweren Herzens\u201c die Fu\u00dfballschuhe an den Nagel. Der Spieler selbst schrieb auf Instagram von einer \u201elangen und schweren Reha-Zeit\u201c, die hinter im liege. \u00d6zkan dankte Wegbegleitern, Freunden und seiner Familie. Er habe \u00fcber \u201eviele Jahre jeden Tag das getan, was ich liebe. Fu\u00dfball spielen.\u201c<\/p>\n<p id=\"absatz6\" class=\"em_text\">Seinen Anfang nahm \u00d6zkans Karriere in Ostwestfalen. Der geb\u00fcrtige Bielefelder kickte in seiner Kindheit f\u00fcr TuS Brake und VfL Theesen und wechselte 2012 mit 13 Jahren in das DSC-Nachwuchsleistungszentrum. Bei Arminia durchlief er alle Jugendmannschaften und kam unter Coach Jeff Saibene am 23. Februar 2018 zu seinem Profideb\u00fct f\u00fcr den DSC (2:3 gegen Dynamo Dresden).<\/p>\n<p id=\"absatz7\"><b class=\"bold\">Lesen Sie dazu: <\/b><a href=\"https:\/\/www.nw.de\/sport\/fussball\/dsc_arminia_bielefeld\/22074255_Can-Oezkan-wird-Profi-bei-Arminia-Bielefeld.html\" rel=\"nofollow noopener\" target=\"_blank\">Can \u00d6zkan wird Profi bei Arminia Bielefeld<\/a><\/p>\n<p id=\"absatz8\" class=\"em_text\">Den Durchbruch bei Arminia schaffte \u00d6zkan trotz Profivertrag allerdings nicht. Nach zwei Leihen zu Alemannia Aachen und zum d\u00e4nischen Zweitligisten Naestved Boldklub zog es ihn zu Fortuna D\u00fcsseldorf II und Borussia Dortmund II. Im Sommer 2023 unternahm er dann seinen zweiten Anlauf in Bielefeld.<\/p>\n<p id=\"absatz9\"><b class=\"bold\">Zweite Chance: <\/b><a href=\"https:\/\/www.nw.de\/sport\/fussball\/dsc_arminia_bielefeld\/23623754_Zweite-Chance-Wie-sich-Can-Oezkan-zurueck-zu-Arminia-Bielefeld-kaempfte.html\" rel=\"nofollow noopener\" target=\"_blank\">Wie sich Can \u00d6zkan zur\u00fcck zu Arminia Bielefeld k\u00e4mpfte<\/a><\/p>\n<p id=\"absatz10\" class=\"em_text\">In der Saison 2023\/24 kam er bei Arminia zu 21 Drittligaeins\u00e4tzen (zwei Torvorlagen) sowie zwei Eins\u00e4tzen im DFB-Pokal und f\u00fcnf im Westfalenpokal. Insgesamt stand \u00d6zkan in 30 Pflichtspielen f\u00fcr den DSC auf dem Platz. Hinzu kommen weitere 57 Spiele (vier Tore) f\u00fcr die U17 und U19.<\/p>\n<p id=\"absatz11\"><b class=\"bold\">Mit Ex-Arminia-Star \u00d6zcan: <\/b><a href=\"https:\/\/www.nw.de\/lokal\/bielefeld\/mitte\/24286071_Bielefelder-interviewen-christliche-Spitzensportler-im-neuen-Podcast.html\" rel=\"nofollow noopener\" target=\"_blank\">Bielefelder interviewen christliche Spitzensportler im neuen Podcast<\/a><\/p>\n<p>\n                Empfohlener redaktioneller Inhalt\n            <\/p>\n<p>\n                Wir bieten an dieser Stelle weitere externe Informationen zu dem Artikel an. Mit einem Klick k\u00f6nnen Sie sich diese anzeigen lassen und auch wieder ausblenden.\n            <\/p>\n<p>\n                Wenn Sie sich externe Inhalte anzeigen lassen, erkl\u00e4ren Sie sich damit<br \/>\n                ein-verstanden, dass personenbezogene Daten an Drittplattformen<br \/>\n                \u00fcbermittelt werden.\n            <\/p>\n<p>                Weitere Hinweise dazu finden Sie in unserer<br \/>\n                <a href=\"\" class=\"nw-text-red-0\">Datenschutzerkl\u00e4rung.<\/a><\/p>\n","protected":false},"excerpt":{"rendered":"Bielefeld. Can \u00d6zkan muss mit nur 26 Jahren seine Karriere als Profifu\u00dfballer beenden. Seit einem Kreuzbandriss im August&hellip;\n","protected":false},"author":2,"featured_media":1049924,"comment_status":"","ping_status":"","sticky":false,"template":"","format":"standard","meta":{"footnotes":"","_share_on_mastodon":"0"},"categories":[1841],"tags":[2368,64182,1605,224573,3364,29,19404,15427,30,77524,4281,1611,4280,1608,198715,2381,164252,2380,1613,1209,13271,6319],"class_list":["post-1049923","post","type-post","status-publish","format-standard","has-post-thumbnail","category-bielefeld","tag-arminia-bielefeld","tag-beschwerde","tag-bielefeld","tag-can-oezkan","tag-de","tag-deutschland","tag-erzgebirge","tag-fc-erzgebirge-aue","tag-germany","tag-kreuzbandriss","tag-label_arminia","tag-label_informiere-mich","tag-label_l-120","tag-label_top-news","tag-meta_artikelklasse_nische","tag-meta_copyrights_rgowl_freier_mitarbeiter","tag-meta_eo_zusammenfassung","tag-meta_themen_arminia_bielefeld","tag-meta_userneeds_informieremich","tag-nordrhein-westfalen","tag-odyssee","tag-verletzung"],"share_on_mastodon":{"url":"https:\/\/pubeurope.com\/@de\/116646744546184514","error":""},"_links":{"self":[{"href":"https:\/\/www.europesays.com\/de\/wp-json\/wp\/v2\/posts\/1049923","targetHints":{"allow":["GET"]}}],"collection":[{"href":"https:\/\/www.europesays.com\/de\/wp-json\/wp\/v2\/posts"}],"about":[{"href":"https:\/\/www.europesays.com\/de\/wp-json\/wp\/v2\/types\/post"}],"author":[{"embeddable":true,"href":"https:\/\/www.europesays.com\/de\/wp-json\/wp\/v2\/users\/2"}],"replies":[{"embeddable":true,"href":"https:\/\/www.europesays.com\/de\/wp-json\/wp\/v2\/comments?post=1049923"}],"version-history":[{"count":0,"href":"https:\/\/www.europesays.com\/de\/wp-json\/wp\/v2\/posts\/1049923\/revisions"}],"wp:featuredmedia":[{"embeddable":true,"href":"https:\/\/www.europesays.com\/de\/wp-json\/wp\/v2\/media\/1049924"}],"wp:attachment":[{"href":"https:\/\/www.europesays.com\/de\/wp-json\/wp\/v2\/media?parent=1049923"}],"wp:term":[{"taxonomy":"category","embeddable":true,"href":"https:\/\/www.europesays.com\/de\/wp-json\/wp\/v2\/categories?post=1049923"},{"taxonomy":"post_tag","embeddable":true,"href":"https:\/\/www.europesays.com\/de\/wp-json\/wp\/v2\/tags?post=1049923"}],"curies":[{"name":"wp","href":"https:\/\/api.w.org\/{rel}","templated":true}]}}