{"id":1050028,"date":"2026-05-27T14:24:20","date_gmt":"2026-05-27T14:24:20","guid":{"rendered":"https:\/\/www.europesays.com\/de\/1050028\/"},"modified":"2026-05-27T14:24:20","modified_gmt":"2026-05-27T14:24:20","slug":"dfb-neuer-weiter-angeschlagen-baumann-gegen-finnland-im-tor-sport","status":"publish","type":"post","link":"https:\/\/www.europesays.com\/de\/1050028\/","title":{"rendered":"DFB: Neuer weiter angeschlagen! Baumann gegen Finnland im Tor | Sport"},"content":{"rendered":"<p data-21134c99=\"0-1694\"><b>Jetzt geht es endlich los! Rund zwei Wochen vorm Start der WM kam die <\/b><a href=\"https:\/\/www.bild.de\/sport\/fussball\/nationalmannschaft\/home-15770882.bild.html\" class=\"text-link\" rel=\"nofollow noopener\" target=\"_blank\"><b>deutsche Nationalmannschaft<\/b><\/a><b> am Mittwoch in Herzogenaurach zusammen. Und Bundestrainer Julian Nagelsmann (38) gab da ein personelles Update.<\/b><\/p>\n<p data-21134c99=\"0-1694\">Wichtigste Frage: Wie geht es Manuel Neuer (40)? Der Weltmeister von 2014 ist von Nagelsmann als Nummer eins zur\u00fcckgeholt worden. Beim DFB-Pokalfinale am vergangenen Wochenende gegen den VfB Stuttgart (3:0) fehlte er allerdings wegen muskul\u00e4ren Problemen in der linken Wade.<\/p>\n<p>Mehr zum Thema<\/p>\n<p data-21134c99=\"0-1694\">Nun sagt <a href=\"https:\/\/www.bild.de\/sport\/leute\/julian-nagelsmann\/thema-julian-nagelsmann-alle-infos-79964976.bild.html\" class=\"text-link\" rel=\"nofollow noopener\" target=\"_blank\">Nagelsmann<\/a>: \u201eWir haben im Trainerteam entschieden, dass er am Sonntag (vorletzter WM-Test in Mainz gegen Finnland, d. Red.) noch nicht spielen wird. Wir werden noch Ruhe dran lassen. Das war unsere Entscheidung. Und dann werden wir sehen, wie die n\u00e4chste Woche dann verl\u00e4uft. Und dann noch ein Update geben, wie es mit dem Spiel gegen die USA aussieht. Aber jetzt beim Finnland-Spiel macht es aus meinen Augen keinen Sinn, da jetzt unn\u00f6tig das Spiel zu machen. Da wird Oli (Baumann, d. Red) spielen, er wird es gut machen, wird ein gutes Spiel machen.\u201c<\/p>\n<p data-21134c99=\"0-1694\">Ist Neuers Einsatz auch f\u00fcr den WM-Start gef\u00e4hrdet? Nagelsmann beruhigt: \u201eEine kleine Erh\u00e4rtung birgt immer ein kleines Restrisiko. Aber es gibt keinen Grund zur Sorge. Wenn man ihn fragt, wird er sich immer reinstellen. Aber ich versuche, einen Weitblick zu haben.\u201c<\/p>\n<p>Das sagt Rudi V\u00f6ller \u00fcber die Neuer-R\u00fcckkehr<\/p>\n<p data-21134c99=\"0-1694\">Wie lief die Neuer-R\u00fcckkehr in den Kreis der <a href=\"https:\/\/www.bild.de\/sport\/fussball\/nationalmannschaft\/home-15770882.bild.html\" class=\"text-link\" rel=\"nofollow noopener\" target=\"_blank\">DFB-Elf<\/a>? Nagelsmann: \u201eManu kennt ja alle, er kennt das Trainerteam, er kennt alle Spieler. Er ist jetzt kein Neuling, sondern ein R\u00fcckkehrer. Mit Manu sind wir besser als ohne Manu. Wir sind immer sehr froh, dass er dabei ist und uns hilft und nochmal f\u00fcr Deutschland spielt.\u201c<\/p>\n<p><img decoding=\"async\" width=\"992\" height=\"721\" alt=\"Manuel Neuer feierte am Wochenende den Pokalsieg mit dem FC Bayern \u2013 fehlte im Finale aber verletzt\" src=\"https:\/\/www.europesays.com\/de\/wp-content\/uploads\/2026\/05\/87a8a7541d20d0e8a39c21f08084a204,408bc5cf.jpeg\"   class=\"dynamic\" loading=\"lazy\"\/><\/p>\n<p class=\"fig__caption__text\">Manuel Neuer feierte am Wochenende den Pokalsieg mit dem FC Bayern \u2013 fehlte im Finale aber verletzt<\/p>\n<p>Foto: picture alliance\/firo Sportphoto<\/p>\n<p data-21134c99=\"0-1694\">Sportdirektor Rudi V\u00f6ller (66) sagte \u00fcber die Entscheidung, Neuer zur\u00fcckzuholen und Oliver Baumann (35\/Hoffenheim) zur Nummer zwei zu machen: \u201eIch kann es nur wiederholen: Man kann es nicht allen recht mache. Manchmal h\u00f6rt es sich kommunikativ etwas holprig an. Der Auftritt von Julian im Sportstudio war auch schwierig, weil er nichts sagen konnte. Normal ist er rhetorisch ja sehr stark. Er h\u00e4tte auch sagen k\u00f6nnen: Ich gehe nicht ins Sportstudio. Aber er stellt sich, obwohl er wei\u00df, dass es etwas holprig werden kann. Das macht ihn sympathisch, deswegen mag ich ihn und deswegen werden wir auch eine gute <a href=\"https:\/\/www.bild.de\/sport\/fussball\/fifa-wm-2026-QNToDBgFYEJ5vy2KN6mE\" class=\"text-link\" rel=\"nofollow noopener\" target=\"_blank\">WM<\/a> spielen.\u201c <\/p>\n<p data-21134c99=\"1695-2420\">Am Donnerstag geht es f\u00fcr die DFB-Elf erstmal auf den Trainingsplatz \u2013 noch ohne Neuer &#8230;<\/p>\n","protected":false},"excerpt":{"rendered":"Jetzt geht es endlich los! Rund zwei Wochen vorm Start der WM kam die deutsche Nationalmannschaft am Mittwoch&hellip;\n","protected":false},"author":2,"featured_media":1050029,"comment_status":"","ping_status":"","sticky":false,"template":"","format":"standard","meta":{"footnotes":"","_share_on_mastodon":"0"},"categories":[136],"tags":[106109,1260,29,481,458,38029,30,24705,18552,265,1261,27445],"class_list":["post-1050028","post","type-post","status-publish","format-standard","has-post-thumbnail","category-sport","tag-baumann-oliver","tag-deutsche-nationalmannschaft","tag-deutschland","tag-dfb","tag-fc-bayern-muenchen","tag-fussball-wm-2026","tag-germany","tag-nagelsmann-julian","tag-neuer-manuel","tag-sport","tag-toralarm-top-news","tag-voeller-rudi"],"share_on_mastodon":{"url":"https:\/\/pubeurope.com\/@de\/116647001296734794","error":""},"_links":{"self":[{"href":"https:\/\/www.europesays.com\/de\/wp-json\/wp\/v2\/posts\/1050028","targetHints":{"allow":["GET"]}}],"collection":[{"href":"https:\/\/www.europesays.com\/de\/wp-json\/wp\/v2\/posts"}],"about":[{"href":"https:\/\/www.europesays.com\/de\/wp-json\/wp\/v2\/types\/post"}],"author":[{"embeddable":true,"href":"https:\/\/www.europesays.com\/de\/wp-json\/wp\/v2\/users\/2"}],"replies":[{"embeddable":true,"href":"https:\/\/www.europesays.com\/de\/wp-json\/wp\/v2\/comments?post=1050028"}],"version-history":[{"count":0,"href":"https:\/\/www.europesays.com\/de\/wp-json\/wp\/v2\/posts\/1050028\/revisions"}],"wp:featuredmedia":[{"embeddable":true,"href":"https:\/\/www.europesays.com\/de\/wp-json\/wp\/v2\/media\/1050029"}],"wp:attachment":[{"href":"https:\/\/www.europesays.com\/de\/wp-json\/wp\/v2\/media?parent=1050028"}],"wp:term":[{"taxonomy":"category","embeddable":true,"href":"https:\/\/www.europesays.com\/de\/wp-json\/wp\/v2\/categories?post=1050028"},{"taxonomy":"post_tag","embeddable":true,"href":"https:\/\/www.europesays.com\/de\/wp-json\/wp\/v2\/tags?post=1050028"}],"curies":[{"name":"wp","href":"https:\/\/api.w.org\/{rel}","templated":true}]}}