{"id":1050198,"date":"2026-05-27T16:03:30","date_gmt":"2026-05-27T16:03:30","guid":{"rendered":"https:\/\/www.europesays.com\/de\/1050198\/"},"modified":"2026-05-27T16:03:30","modified_gmt":"2026-05-27T16:03:30","slug":"polizei-braunschweig-im-interview-zu-pedelecs-gefahren-fuer-senioren","status":"publish","type":"post","link":"https:\/\/www.europesays.com\/de\/1050198\/","title":{"rendered":"Polizei Braunschweig im Interview zu Pedelecs &#8211; Gefahren f\u00fcr Senioren"},"content":{"rendered":"<p>        <img decoding=\"async\" src=\"https:\/\/www.europesays.com\/de\/wp-content\/uploads\/2026\/05\/zwischenahnermeer-102.webp\" alt=\"EIne Frau sitzt bei sonnigem Winterwetter auf einer Bank am Zwischenahner Meer.\" title=\"EIne Frau sitzt bei sonnigem Winterwetter auf einer Bank am Zwischenahner Meer. | dpa, Hauke-Christian Dittrich\" class=\"responsive\"\/><\/p>\n<p>\n                Stand: 27.05.2026 17:00 Uhr<\/p>\n<p class=\"preface\">Pedelecs, auch bekannt als E-Bikes, erleben in den letzten Jahren einen Boom &#8211; auch bei Senioren. Doch gerade f\u00fcr \u00e4ltere Menschen gibt es T\u00fccken, wei\u00df Julia Mispelhorn von der Polizei Braunschweig.<\/p>\n<p class=\"\">In mehr als jedem f\u00fcnften Haushalt steht mittlerweile ein Pedelec, so das Statistische Bundesamt. Die Fahrr\u00e4der bieten eine elektrische Unterst\u00fctzung beim Treten, man kann sie ohne F\u00fchrerschein fahren. Aber: Die Unf\u00e4lle mit Pedelecs haben zugenommen. Insbesondere f\u00e4llt bei den Unfallmeldungen der Polizei auf, dass viele Senioren mit Pedelecs verungl\u00fccken. Julia Mispelhorn von der Polizei Braunschweig gibt Schulungen speziell f\u00fcr Senioren.<\/p>\n<p class=\"\"><strong>Frau Mispelhorn, was sind die Hauptunfallgr\u00fcnde, wenn Senioren auf Pedelecs verungl\u00fccken?<\/strong><\/p>\n<p class=\"\"><strong>Julia Mispelhorn:<\/strong> Die Hauptprobleme sind das Auf- und Absteigen. Weil oft ein falsches Fahrrad gew\u00e4hlt wird mit nicht ausreichend tiefem Einstieg. Menschen mit H\u00fcft- oder Knieproblemen haben im Alter oft einfach Schwierigkeiten dabei, \u00fcberhaupt auf das Fahrrad zu kommen, aufzusteigen oder auch wieder abzusteigen, weil sie dann h\u00e4ngen bleiben. Oder auch schon beim Anfahren oder Anhalten, da oft die Geschwindigkeit so hoch ist, dass dann schon Probleme entstehen k\u00f6nnen.<\/p>\n<p>        <img decoding=\"async\" src=\"https:\/\/www.europesays.com\/de\/wp-content\/uploads\/2026\/04\/1777100899_14_polizei6500.webp\" alt=\"Schriftzug &quot;UNFALL&quot; ist an einer R\u00fcckscheibe eines Streifenwagens der Polizei eingeblendet.\" title=\"Polizei sucht Fahrer des Unfallfahrzeugs.  | NDR, Pavel Stoyan\" class=\"responsive\" loading=\"lazy\"\/><\/p>\n<p>Rund sieben Prozent mehr Tote als im Vorjahr z\u00e4hlt die Verkehrsunfallstatistik. Besonders zwei Altersgruppen sind betroffen.<\/p>\n<p class=\"\"><strong>Sch\u00e4tzen Senioren das Tempo auf den Pedelecs falsch ein oder sind andere Verkehrsteilnehmer nicht so sehr in der Lage, sich auf schnellere Pedelec-Fahrer einzustellen?<\/strong><\/p>\n<p class=\"\"><strong>Mispelhorn:<\/strong> F\u00fcr den Autofahrer ist es aus der Distanz unwahrscheinlich schwer zu erkennen: Ist das jetzt ein Pedelec-Fahrer oder ist das ein herk\u00f6mmlicher Radfahrer? Und der herk\u00f6mmliche Radfahrer kommt nat\u00fcrlich mit einer anderen Geschwindigkeit an diese Einm\u00fcndung, an diese Grundst\u00fccksausfahrt oder an eine Kreuzung heran. Und das ist dann eben f\u00fcr andere Verkehrsteilnehmer ganz schwierig einzusch\u00e4tzen.<\/p>\n<p class=\"\"><strong>Haben Sie einen einfachen Ratschlag f\u00fcr Senioren beim Fahren auf einem Pedelec?<\/strong><\/p>\n<p class=\"\"><strong>Mispelhorn:<\/strong> Also ganz grunds\u00e4tzlich sagen wir, dass es ganz wichtig ist, einen Fahrradhelm zu tragen, eben wegen der h\u00f6heren Geschwindigkeiten. Man sollte auf jeden Fall auf helle Kleidung, gut sichtbare Kleidung oder eine Warnweste zur\u00fcckgreifen. Sie sollten auf jeden Fall erstmal ohne zugeschalteten Motor das Fahrrad ausprobieren, um das Fahrverhalten des Fahrrades erst einmal wirklich auch auszutesten. Und wenn ich Probleme habe mit dem Schulterblick, sollte ich auf jeden Fall noch an einen R\u00fcckspiegel denken.<\/p>\n<p>        <img decoding=\"async\" src=\"https:\/\/www.europesays.com\/de\/wp-content\/uploads\/2026\/05\/fahrrad-320.webp\" alt=\"Der Schatten eines Radfahrers und einer Passantin auf Stra\u00dfenpflaster\" title=\"Der Schatten eines Radfahrers und einer Passantin auf Stra\u00dfenpflaster | picture alliance, dpa, Wolfgang Kumm\" class=\"responsive\" loading=\"lazy\"\/><\/p>\n<p>Das fordern Fachleute zum Abschluss der Veranstaltung in Goslar. Sie empfehlen zudem h\u00e4rtere Strafen f\u00fcr die Handy-Nutzung am Steuer.<\/p>\n<p class=\"\"><strong>Sind Senioren lernwillig bei dem Thema &#8211; m\u00fcssen Sie viel \u00dcberzeugungsarbeit leisten?<\/strong><\/p>\n<p class=\"\"><strong>Mispelhorn:<\/strong> Wir haben mehrmals Termine pro Jahr und dann k\u00f6nnen Senioren sich bei uns anmelden oder bei der Verkehrswacht in Braunschweig. Dann sind die oft sehr dankbar f\u00fcr unsere Tipps und Hinweise. Und sind nach den durchgef\u00fchrten Kursen immer sehr froh und geben uns eine positive R\u00fcckmeldung, dass sie sich dann im Anschluss einfach auch sicherer im Umgang mit dem Pedelec f\u00fchlen.<\/p>\n<p class=\"\">Das Interview f\u00fchrte Uwe Day.<\/p>\n<p class=\"\">Hinweis der Redaktion: Das Interview wurde zur besseren Lesbarkeit leicht editiert.<\/p>\n<p>        <img decoding=\"async\" src=\"https:\/\/www.europesays.com\/de\/wp-content\/uploads\/2026\/05\/screenshot1917666.webp\" alt=\"Eine Seniorin hat mit ihrem E-Bike gebremst und steht auf einem Fahrsicherheitstrainingsgel\u00e4nde zwischen Pylonen.\" title=\"Eine Seniorin hat mit ihrem E-Bike gebremst und steht auf einem Fahrsicherheitstrainingsgel\u00e4nde zwischen Pylonen. | Screenshot\" class=\"responsive\" loading=\"lazy\"\/><\/p>\n<p>Mit dem Angebot soll die Sicherheit f\u00fcr \u00e4ltere Menschen im Umgang mit ihren Elektrofahrr\u00e4dern erh\u00f6ht werden.<\/p>\n","protected":false},"excerpt":{"rendered":"Stand: 27.05.2026 17:00 Uhr Pedelecs, auch bekannt als E-Bikes, erleben in den letzten Jahren einen Boom &#8211; auch&hellip;\n","protected":false},"author":2,"featured_media":1050199,"comment_status":"","ping_status":"","sticky":false,"template":"","format":"standard","meta":{"footnotes":"","_share_on_mastodon":"0"},"categories":[1850],"tags":[590,6429,3364,29,1233,548,663,3934,30,13,2134,14,15,1411,27464,121,12,6583,3767],"class_list":["post-1050198","post","type-post","status-publish","format-standard","has-post-thumbnail","category-braunschweig","tag-aktuell","tag-braunschweig","tag-de","tag-deutschland","tag-e-bike","tag-eu","tag-europa","tag-europe","tag-germany","tag-headlines","tag-interview","tag-nachrichten","tag-news","tag-niedersachsen","tag-pedelec","tag-polizei","tag-schlagzeilen","tag-senioren","tag-training"],"share_on_mastodon":{"url":"https:\/\/pubeurope.com\/@de\/116647390679847742","error":""},"_links":{"self":[{"href":"https:\/\/www.europesays.com\/de\/wp-json\/wp\/v2\/posts\/1050198","targetHints":{"allow":["GET"]}}],"collection":[{"href":"https:\/\/www.europesays.com\/de\/wp-json\/wp\/v2\/posts"}],"about":[{"href":"https:\/\/www.europesays.com\/de\/wp-json\/wp\/v2\/types\/post"}],"author":[{"embeddable":true,"href":"https:\/\/www.europesays.com\/de\/wp-json\/wp\/v2\/users\/2"}],"replies":[{"embeddable":true,"href":"https:\/\/www.europesays.com\/de\/wp-json\/wp\/v2\/comments?post=1050198"}],"version-history":[{"count":0,"href":"https:\/\/www.europesays.com\/de\/wp-json\/wp\/v2\/posts\/1050198\/revisions"}],"wp:featuredmedia":[{"embeddable":true,"href":"https:\/\/www.europesays.com\/de\/wp-json\/wp\/v2\/media\/1050199"}],"wp:attachment":[{"href":"https:\/\/www.europesays.com\/de\/wp-json\/wp\/v2\/media?parent=1050198"}],"wp:term":[{"taxonomy":"category","embeddable":true,"href":"https:\/\/www.europesays.com\/de\/wp-json\/wp\/v2\/categories?post=1050198"},{"taxonomy":"post_tag","embeddable":true,"href":"https:\/\/www.europesays.com\/de\/wp-json\/wp\/v2\/tags?post=1050198"}],"curies":[{"name":"wp","href":"https:\/\/api.w.org\/{rel}","templated":true}]}}