{"id":1050263,"date":"2026-05-27T16:43:25","date_gmt":"2026-05-27T16:43:25","guid":{"rendered":"https:\/\/www.europesays.com\/de\/1050263\/"},"modified":"2026-05-27T16:43:25","modified_gmt":"2026-05-27T16:43:25","slug":"aktenzeichen-xy-corina-niemand-aus-dresden-seit-ueber-zwei-jahren-vermisst","status":"publish","type":"post","link":"https:\/\/www.europesays.com\/de\/1050263\/","title":{"rendered":"Aktenzeichen XY: Corina Niemand aus Dresden seit \u00fcber zwei Jahren vermisst"},"content":{"rendered":"<p>Fall bei &#8222;Aktenzeichen XY &#8230;&#8220; <\/p>\n<p>Dresdnerin seit mehr als zwei Jahren vermisst<\/p>\n<p>27.05.2026 &#8211; 18:17 UhrLesedauer: 1 Min.<\/p>\n<p><a href=\"#focus-0\" class=\"transition-colors duration-200 block text-current relative\" data-sctrack=\"FocusGalleryImage.Reference\"><img fetchpriority=\"high\" data-testid=\"Opener.Image\"   loading=\"eager\" src=\"https:\/\/www.europesays.com\/de\/wp-content\/uploads\/2026\/05\/1779900204_45_image.png\" alt=\"Bei der Sondersendung von &quot;Aktenzeichen XY...&quot; wird der Vermisstenfall der Dresdnerin neu aufgerollt: Eine Krankheit machte die Suche damals besonders dringlich.\" title=\"Bei der Sondersendung von &quot;Aktenzeichen XY...&quot; wird der Vermisstenfall der Dresdnerin neu aufgerollt: Eine Krankheit machte die Suche damals besonders dringlich.\" width=\"4000\" height=\"2250\" class=\"bg-[url:var(--lqipURL)] bg-cover bg-center flex h-full w-full max-w-full\" style=\"--lqipURL:url('https:\/\/images.t-online.de\/2026\/05\/hhXygWAQCQEd\/0x77:4000x2250\/fit-in\/150x0\/filters:blur(25)\/image.png')\" decoding=\"async\"\/><img loading=\"lazy\" src=\"https:\/\/dresden.t-online.de\/s\/paper\/_next\/static\/media\/zoom-in.f7dae02f.svg\" alt=\"Vergr\u00f6\u00dfern des Bildes\" title=\"Vergr\u00f6\u00dfern des Bildes\" class=\"block h-[calc(var(--height)_\/_16_*_1rem)] w-[calc(var(--width)_\/_16_*_1rem)] max-w-none absolute bottom-8 right-8 rounded-4 bg-snow p-8\" style=\"--width:32;--height:32\" decoding=\"async\"\/><\/a><\/p>\n<p>Bei der Sondersendung von &#8222;Aktenzeichen XY&#8230;&#8220; wird der Vermisstenfall der Dresdnerin neu aufgerollt: Eine Krankheit machte die Suche damals besonders dringlich. (Quelle: imago, Polizei Sachsen (Montage))<\/p>\n<p><img loading=\"lazy\" src=\"https:\/\/dresden.t-online.de\/s\/paper\/_next\/static\/media\/audio-volume.6689034c.svg\" alt=\"\" title=\"\" class=\"block h-[calc(var(--height)_\/_16_*_1rem)] w-[calc(var(--width)_\/_16_*_1rem)] max-w-none group-hover:brightness-0 group-hover:invert\" style=\"--width:16;--height:16\" decoding=\"async\"\/>Vorlesen<\/p>\n<p>Aktuelle Zeit:0:00Gesamtdauer:0:00<\/p>\n<p>1x<\/p>\n<p class=\"text-center\">Jetzt neu bei t-online:<\/p>\n<p class=\"text-center\">Schriftgr\u00f6\u00dfe anpassen!<\/p>\n<p><img loading=\"lazy\" src=\"https:\/\/dresden.t-online.de\/s\/paper\/_next\/static\/media\/font-sizes.32942e33.svg\" alt=\"\" title=\"\" class=\"block h-[calc(var(--height)_\/_16_*_1rem)] w-[calc(var(--width)_\/_16_*_1rem)] max-w-none group-hover:hidden group-aria-expanded:hidden\" style=\"--width:16;--height:16\" decoding=\"async\"\/><img loading=\"lazy\" src=\"https:\/\/dresden.t-online.de\/s\/paper\/_next\/static\/media\/font-sizes-dark-mode.e382645c.svg\" alt=\"\" title=\"\" class=\"block h-[calc(var(--height)_\/_16_*_1rem)] w-[calc(var(--width)_\/_16_*_1rem)] max-w-none hidden group-hover:block group-aria-expanded:block\" style=\"--width:16;--height:16\" decoding=\"async\"\/><img loading=\"lazy\" src=\"https:\/\/dresden.t-online.de\/s\/paper\/_next\/static\/media\/sharing-menu-icon.1eb71368.svg\" alt=\"\" title=\"\" class=\"block h-[calc(var(--height)_\/_16_*_1rem)] w-[calc(var(--width)_\/_16_*_1rem)] max-w-none group-hover:brightness-0 group-hover:invert\" style=\"--width:16;--height:16\" decoding=\"async\"\/>Artikel teilen<\/p>\n<p class=\"font-bold text-18 leading-17 user-text-lg:text-22 user-text-xl:text-24\">Von der 43-j\u00e4hrigen Corina Niemand aus D\u00f6lzschen fehlt seit M\u00e4rz 2024 jede Spur. Die Ermittler setzen jetzt auf die Reichweite des beliebten Fernsehen-Format.<\/p>\n<p class=\"text-18 leading-17 user-text-lg:text-22 user-text-xl:text-24\">Am Mittwoch, dem 8. Juli 2026, zeigt das ZDF eine Sonderfolge von &#8222;Aktenzeichen XY\u2026 Vermisst&#8220;. In der Sendung stellt die Polizei ungel\u00f6ste Vermisstenf\u00e4lle vor und bittet Zuschauer um Mithilfe. Einer der F\u00e4lle stammt aus Dresden.<\/p>\n<p class=\"text-18 leading-17 user-text-lg:text-22 user-text-xl:text-24\">Die 43-j\u00e4hrige Corina Niemand lebte bis 2024 in Dresden-D\u00f6lzschen. Am Morgen des 23. M\u00e4rz 2024, einem Samstag, sahen Angeh\u00f6rige sie zum letzten Mal in ihrer Wohnung. Danach verliert sich ihre Spur vollst\u00e4ndig.<\/p>\n<p>Eine Krankheit macht den Fall besonders dringend<\/p>\n<p class=\"text-18 leading-17 user-text-lg:text-22 user-text-xl:text-24\">Die Vermisste leidet an einer Krankheit, teilten die Ermittler damals mit. Damals wollte die Polizei nicht ausschlie\u00dfen, dass sie in Lebensgefahr schwebe.<\/p>\n<p class=\"text-18 leading-17 user-text-lg:text-22 user-text-xl:text-24\">In der Sendung am 8. Juli gehen die Ermittler der Frage nach, ob sich Corina Niemand am Tag ihres Verschwindens heimlich mit jemandem verabredet hat.<\/p>\n","protected":false},"excerpt":{"rendered":"Fall bei &#8222;Aktenzeichen XY &#8230;&#8220; Dresdnerin seit mehr als zwei Jahren vermisst 27.05.2026 &#8211; 18:17 UhrLesedauer: 1 Min.&hellip;\n","protected":false},"author":2,"featured_media":1050264,"comment_status":"","ping_status":"","sticky":false,"template":"","format":"standard","meta":{"footnotes":"","_share_on_mastodon":"0"},"categories":[1835],"tags":[14579,722,224632,3364,29,224633,2386,30,121,859,21661,5117,1448],"class_list":["post-1050263","post","type-post","status-publish","format-standard","has-post-thumbnail","category-dresden","tag-aktenzeichen-xy","tag-722","tag-corina-n","tag-de","tag-deutschland","tag-doelzschen","tag-dresden","tag-germany","tag-polizei","tag-sachsen","tag-sondersendung","tag-vermisstenfall","tag-zdf"],"share_on_mastodon":{"url":"https:\/\/pubeurope.com\/@de\/116647548361621102","error":""},"_links":{"self":[{"href":"https:\/\/www.europesays.com\/de\/wp-json\/wp\/v2\/posts\/1050263","targetHints":{"allow":["GET"]}}],"collection":[{"href":"https:\/\/www.europesays.com\/de\/wp-json\/wp\/v2\/posts"}],"about":[{"href":"https:\/\/www.europesays.com\/de\/wp-json\/wp\/v2\/types\/post"}],"author":[{"embeddable":true,"href":"https:\/\/www.europesays.com\/de\/wp-json\/wp\/v2\/users\/2"}],"replies":[{"embeddable":true,"href":"https:\/\/www.europesays.com\/de\/wp-json\/wp\/v2\/comments?post=1050263"}],"version-history":[{"count":0,"href":"https:\/\/www.europesays.com\/de\/wp-json\/wp\/v2\/posts\/1050263\/revisions"}],"wp:featuredmedia":[{"embeddable":true,"href":"https:\/\/www.europesays.com\/de\/wp-json\/wp\/v2\/media\/1050264"}],"wp:attachment":[{"href":"https:\/\/www.europesays.com\/de\/wp-json\/wp\/v2\/media?parent=1050263"}],"wp:term":[{"taxonomy":"category","embeddable":true,"href":"https:\/\/www.europesays.com\/de\/wp-json\/wp\/v2\/categories?post=1050263"},{"taxonomy":"post_tag","embeddable":true,"href":"https:\/\/www.europesays.com\/de\/wp-json\/wp\/v2\/tags?post=1050263"}],"curies":[{"name":"wp","href":"https:\/\/api.w.org\/{rel}","templated":true}]}}