{"id":1050341,"date":"2026-05-27T17:29:28","date_gmt":"2026-05-27T17:29:28","guid":{"rendered":"https:\/\/www.europesays.com\/de\/1050341\/"},"modified":"2026-05-27T17:29:28","modified_gmt":"2026-05-27T17:29:28","slug":"neuer-teilnehmerrekord-euregio-aktuell","status":"publish","type":"post","link":"https:\/\/www.europesays.com\/de\/1050341\/","title":{"rendered":"Neuer Teilnehmerrekord &#8211; Euregio Aktuell"},"content":{"rendered":"<p>Mit einem neuen Teilnehmerrekord geht der Aktionstag \u201eAachen zeigt Engagement\u201c in die n\u00e4chste Runde: Am Samstag, 30. Mai, verwandelt sich der Stadtpark von 12 bis 17 Uhr in eine gro\u00dfe Erlebnis- und Mitmachfl\u00e4che Knapp 190 Vereine, Initiativen und Organisationen zeigen rund um den Konzertplatz, wie vielf\u00e4ltig freiwilliges Engagement in Aachen ist.\u00a0<\/p>\n<p>Oberb\u00fcrgermeister Dr. Michael Ziemons, betont die Bedeutung des Ehrenamts f\u00fcr das gesellschaftliche Miteinander: \u201eAachen lebt vom Miteinander \u2013 von Menschen, die ihre Zeit, ihre Ideen und ihr Herz f\u00fcr andere einsetzen. Genau das wird bei \u201aAachen zeigt Engagement\u2018 sichtbar und erlebbar. Ich freue mich auf viele Begegnungen im Stadtpark und darauf, gemeinsam mit den Engagierten zu zeigen, wie stark unser Zusammenhalt in Aachen ist.\u201c\u00a0<\/p>\n<p>Besucherinnen und Besucher erwartet ein abwechslungsreicher Tag mit zahlreichen Mitmachangeboten und spontanen Aktionen auf dem gesamten Gel\u00e4nde. Auf zwei B\u00fchnen pr\u00e4sentieren die teilnehmenden Vereine und Gruppen ein buntes Programm aus Live-Musik, Tanz, Theater, Sport- und Akrobatikvorf\u00fchrungen und laden ausdr\u00fccklich dazu ein, selbst aktiv zu werden und Neues auszuprobieren.\u00a0<\/p>\n<p>Auch das Gewinnspiel h\u00e4lt attraktive Preise bereit: Zu gewinnen gibt es unter anderem signierte Trikots der Alemannia, Tickets f\u00fcr die Ladies in Black, Gutscheine f\u00fcr die Carolus-Therme und vieles mehr.\u00a0<\/p>\n<p>Der Aktionstag richtet sich an alle Menschen, die sich ehrenamtlich engagieren oder sich \u00fcber M\u00f6glichkeiten zum Mitmachen informieren m\u00f6chten. Ob sozial, kulturell, sportlich oder kreativ \u2013 die Veranstaltung zeigt die gro\u00dfe Bandbreite freiwilligen Engagements in Aachen.\u00a0<\/p>\n<p>Besonderes Augenmerk liegt zudem auf einer m\u00f6glichst barrierearmen Gestaltung der Veranstaltung. In unmittelbarer N\u00e4he des Gel\u00e4ndes stehen Parkpl\u00e4tze f\u00fcr Menschen mit Mobilit\u00e4tseinschr\u00e4nkungen zur Verf\u00fcgung. Das B\u00fchnenprogramm wird von Geb\u00e4rdendolmetscherinnen und Geb\u00e4rdendolmetschern begleitet. Die Wege und Fl\u00e4chen sind weitgehend rollstuhlgerecht gestaltet, zudem ist eine barrierefreie Sanit\u00e4ranlage vorhanden. Besucherinnen und Besucher k\u00f6nnen au\u00dferdem ein verg\u00fcnstigtes Tagesticket im Parkhaus Eurogress nutzen.\u00a0<\/p>\n<p>F\u00fcr Aufenthaltsqualit\u00e4t sorgen zahlreiche Sitzgelegenheiten, ein Trinkwasserbrunnen sowie ein vielf\u00e4ltiges gastronomisches Angebot vor Ort. Wer m\u00f6chte, kann selbstverst\u00e4ndlich auch ein eigenes Picknick mitbringen.\u00a0<\/p>\n<p>Der Aktionstag wird durch die Unterst\u00fctzung zahlreicher Unternehmen erm\u00f6glicht, unter anderem durch die ASEAG, APAG, STAWAG und 100,5 das Hitradio. Sie setzen damit ein Zeichen f\u00fcr Zusammenhalt und gesellschaftliches Engagement in Aachen.\u00a0<\/p>\n<p>Weitere Informationen gibt es auf <a href=\"https:\/\/www.aachen.de\/ehrenamt\/\" rel=\"nofollow noopener\" target=\"_blank\">www.aachen.de\/ehrenamt<\/a>.\u00a0<\/p>\n","protected":false},"excerpt":{"rendered":"Mit einem neuen Teilnehmerrekord geht der Aktionstag \u201eAachen zeigt Engagement\u201c in die n\u00e4chste Runde: Am Samstag, 30. Mai,&hellip;\n","protected":false},"author":2,"featured_media":1050342,"comment_status":"","ping_status":"","sticky":false,"template":"","format":"standard","meta":{"footnotes":"","_share_on_mastodon":"0"},"categories":[1853],"tags":[1424,224642,21985,3364,29,5393,90728,548,663,3934,30,13,14,15,1209,12,20183,54658],"class_list":["post-1050341","post","type-post","status-publish","format-standard","has-post-thumbnail","category-aachen","tag-aachen","tag-aachen-zeigt-engagement","tag-aktionstag","tag-de","tag-deutschland","tag-ehrenamt","tag-ehrenamtliches-engagement","tag-eu","tag-europa","tag-europe","tag-germany","tag-headlines","tag-nachrichten","tag-news","tag-nordrhein-westfalen","tag-schlagzeilen","tag-veranstaltungshinweis","tag-zusammenhalt"],"share_on_mastodon":{"url":"https:\/\/pubeurope.com\/@de\/116647727217797567","error":""},"_links":{"self":[{"href":"https:\/\/www.europesays.com\/de\/wp-json\/wp\/v2\/posts\/1050341","targetHints":{"allow":["GET"]}}],"collection":[{"href":"https:\/\/www.europesays.com\/de\/wp-json\/wp\/v2\/posts"}],"about":[{"href":"https:\/\/www.europesays.com\/de\/wp-json\/wp\/v2\/types\/post"}],"author":[{"embeddable":true,"href":"https:\/\/www.europesays.com\/de\/wp-json\/wp\/v2\/users\/2"}],"replies":[{"embeddable":true,"href":"https:\/\/www.europesays.com\/de\/wp-json\/wp\/v2\/comments?post=1050341"}],"version-history":[{"count":0,"href":"https:\/\/www.europesays.com\/de\/wp-json\/wp\/v2\/posts\/1050341\/revisions"}],"wp:featuredmedia":[{"embeddable":true,"href":"https:\/\/www.europesays.com\/de\/wp-json\/wp\/v2\/media\/1050342"}],"wp:attachment":[{"href":"https:\/\/www.europesays.com\/de\/wp-json\/wp\/v2\/media?parent=1050341"}],"wp:term":[{"taxonomy":"category","embeddable":true,"href":"https:\/\/www.europesays.com\/de\/wp-json\/wp\/v2\/categories?post=1050341"},{"taxonomy":"post_tag","embeddable":true,"href":"https:\/\/www.europesays.com\/de\/wp-json\/wp\/v2\/tags?post=1050341"}],"curies":[{"name":"wp","href":"https:\/\/api.w.org\/{rel}","templated":true}]}}