{"id":1050475,"date":"2026-05-27T18:57:21","date_gmt":"2026-05-27T18:57:21","guid":{"rendered":"https:\/\/www.europesays.com\/de\/1050475\/"},"modified":"2026-05-27T18:57:21","modified_gmt":"2026-05-27T18:57:21","slug":"jauchs-tinderella-82-modelt-jetzt-die-meisten-denken-die-alte-spinnt-doch-leben-wissen","status":"publish","type":"post","link":"https:\/\/www.europesays.com\/de\/1050475\/","title":{"rendered":"Jauchs \u201eTinderella\u201c (82) modelt jetzt: \u201eDie meisten denken, die Alte spinnt doch!\u201c | Leben &#038; Wissen"},"content":{"rendered":"<p><a class=\"skip-content skip-content--link\" href=\"#in-content-skip-link-target-v-0-0\">TTS-Player \u00fcberspringen\u21b5<\/a><a id=\"in-content-skip-link-target-v-0-0\" class=\"skip-content--target-link-hidden skip-content skip-content--target-link\" href=\"#in-content-skip-link-target-v-0-0\">Artikel weiterlesen<\/a><\/p>\n<p data-497f19fe=\"0-2860\" data-e77a6f38=\"0-2860\">Frankfurt \u2013 <b>Dass G\u00fcnther Jauch mal baff ist, passiert selten. Sie aber hat das geschafft: Petra Tanzi, die \u201eTinderella\u201c von \u201eWer wird Million\u00e4r\u201c. Vor eineinhalb Jahren nutzte die Frankfurterin mit ihren damals 81 Jahren den hei\u00dfen Quiz-Stuhl zum Hot-Talk \u00fcber Dating. Mit Spr\u00fcchen wie \u201eDie in meinem Alter sind mir alle zu alt! Die meisten sehen wie so ein alter Opa aus\u201c, am\u00fcsierte sie das TV-Publikum und den verdutzten Quizmaster Jauch. Einen Mann hat Frau Tanzi immer noch nicht, aber daf\u00fcr einen Auftritt als Model. Sie wandte sich an BILD, ob das denn kein Thema sei<\/b>. <\/p>\n<p data-497f19fe=\"0-2860\" data-e77a6f38=\"0-2860\">Aber nat\u00fcrlich! Nicht nur, weil wir finden, dass Petra einfach eine unfassbar coole Socke ist, sondern auch, weil wir \u00fcberzeugt sind, dass man jede Plattform nutzen muss, um endlich einen f\u00fcr sie zu finden, der \u201enicht so der Beamtentyp\u201c sein soll und \u201ekein typischer Rentner ist, der sich den ganzen Tag bet\u00fcdeln und bekochen lassen will.\u201c <\/p>\n<p>Mehr zum Thema<\/p>\n<p data-497f19fe=\"0-2860\" data-e77a6f38=\"0-2860\">Au\u00dferdem war Petras Auftritt bei einer Frankfurter Modenschau f\u00fcr einen guten Zweck: um auf <a href=\"https:\/\/www.bild.de\/leben-wissen\/medizin\/brustkrebs-wie-sie-symptome-ertasten-und-alle-infos-zur-behandlung-68ee10c07d532d835d5fb769\" class=\"text-link\" rel=\"nofollow noopener\" target=\"_blank\">Brustkrebs<\/a> aufmerksam zu machen, den sie selbst mit Mitte 40 besiegt hat. Mit einer Verve, die sie heute immer noch an den Tag legt: \u201eIch habe f\u00fcnf Minuten herzzerrei\u00dfend geweint, als ich gemerkt habe, dass man mir die linke Brust abgenommen hat, und dann war f\u00fcr mich die Sache abgetan.\u201c <\/p>\n<p><img decoding=\"async\" width=\"992\" height=\"558\" alt=\"Die 82-J\u00e4hrige hinter den Kulissen der Frankfurter Modenschau\" src=\"https:\/\/www.europesays.com\/de\/wp-content\/uploads\/2026\/05\/3837c27028fb9abc92aab04c3751f4c3,6076e3da.jpeg\"   class=\"landscape\" loading=\"lazy\"\/><\/p>\n<p class=\"fig__caption__text\">Die 82-J\u00e4hrige hinter den Kulissen der Frankfurter Modenschau. Bei \u201eWer wird Million\u00e4r\u201c gewann sie 16.000 Euro, bei der Modenschau die Herzen der Zuschauer<\/p>\n<p>Foto: Sven Moschitz<\/p>\n<p data-497f19fe=\"0-2860\" data-e77a6f38=\"0-2860\">Petra lie\u00df die Brust wieder aufbauen, die Kleider blieben die gleichen: \u201eMir passen immer noch meine Klamotten, die ich schon vor 50 Jahren getragen habe.\u201c Seit Jahren wiegt Petra um die 60 Kilo bei 1,68 Meter K\u00f6rpergr\u00f6\u00dfe. \u201eEine <a href=\"https:\/\/www.bild.de\/unterhaltung\/stars-und-leute\/marilyn-monroes-letzter-tag-war-es-selbstmord-oder-ein-verbrechen-699d8a211abe4229fa92cdb7\" class=\"text-link\" rel=\"nofollow noopener\" target=\"_blank\">Marilyn Monroe<\/a> bin ich nicht, aber ich glaub\u2019, ich hab das ganz souver\u00e4n gemacht mit dem Modeln.\u201c Aber hallo!<\/p>\n<p>Enge Tops mit Gr\u00f6\u00dfe 46? Bitte nicht!<\/p>\n<p data-497f19fe=\"0-2860\" data-e77a6f38=\"0-2860\">Es war auch nicht der erste Modeljob. Vor 50 Jahren arbeitete die <a href=\"https:\/\/www.bild.de\/regional\/frankfurt\/frankfurt-regional\/home-16342404.bild.html\" class=\"text-link\" rel=\"nofollow noopener\" target=\"_blank\">Frankfurterin<\/a> als Hostess auf der \u201eMS Europa\u201c und wurde gefragt, ob sie spontan auf einer Pelz-Modenschau mitlaufen w\u00fcrde. Sie wollte. Pelz w\u00fcrde sie heute nicht mehr tragen. Sonst aber gern alles: \u201eIch meine, jeder darf, was er will. Es gibt nat\u00fcrlich dann Damen, die Gr\u00f6\u00dfe 46 haben und glauben, wenn sie ein ganz eng anliegendes Top tragen, dann wirken sie schlanker. Das stimmt ja nun mal nicht!\u201c<\/p>\n<p><img decoding=\"async\" width=\"992\" height=\"558\" alt=\"Nicht-Opas aufgepasst! Petra ist auch im Badeanzug eine Augenweide\" src=\"https:\/\/www.europesays.com\/de\/wp-content\/uploads\/2026\/05\/7b13adbd745496dcc0825f38cd49a7a0,4a70a537.jpeg\"   class=\"landscape\" loading=\"lazy\"\/><\/p>\n<p class=\"fig__caption__text\">Nicht-Opas aufgepasst! Petra ist auch im Badeanzug eine Augenweide<\/p>\n<p>Foto: Fredrik von Erichsen<\/p>\n<p data-497f19fe=\"0-2860\" data-e77a6f38=\"0-2860\">Vor ein paar Jahren, da habe sie sich \u201eJeans gekauft, so wie man sie heute tr\u00e4gt, nicht mehr so ganz frisch, sondern ein bisschen mit L\u00f6chern drin\u201c. Darin f\u00fchle sie sich sehr wohl. \u201eEs ist zum Gl\u00fcck nicht mehr so wie fr\u00fcher, dass Teenager das getragen haben, M\u00fctter jenes, und Gro\u00dfm\u00fctter was ganz anderes.\u201c<\/p>\n<p>Stricken? Will ich nicht!<\/p>\n<p data-497f19fe=\"0-2860\" data-e77a6f38=\"0-2860\">Wer die ehemalige Ballerina kennenlernen m\u00f6chte, dem sei gesagt: Langweilig wird das bestimmt nicht. Statt Kreuzwortr\u00e4tseln warten eher Reisen nach Verona, <a href=\"https:\/\/www.bild.de\/sport\/sportart\/golf\/golf-alle-infos-76675408.bild.html\" class=\"text-link\" rel=\"nofollow noopener\" target=\"_blank\">Golf<\/a> oder Matches an der Tischtennisplatte. \u201eBei meinem Alter denken die meisten, die Alte spinnt doch. Sie soll besser zu Hause auf dem Sofa sitzen und stricken, oder Marmelade einkochen. Aber das will ich nicht.\u201c<\/p>\n","protected":false},"excerpt":{"rendered":"TTS-Player \u00fcberspringen\u21b5Artikel weiterlesen Frankfurt \u2013 Dass G\u00fcnther Jauch mal baff ist, passiert selten. Sie aber hat das geschafft:&hellip;\n","protected":false},"author":2,"featured_media":1050476,"comment_status":"","ping_status":"","sticky":false,"template":"","format":"standard","meta":{"footnotes":"","_share_on_mastodon":"0"},"categories":[155],"tags":[12003,29,214,30,24464,28546,640,18338,215,10511],"class_list":["post-1050475","post","type-post","status-publish","format-standard","has-post-thumbnail","category-unterhaltung","tag-dating","tag-deutschland","tag-entertainment","tag-germany","tag-jauch-guenther","tag-longevity","tag-rtl","tag-tinder","tag-unterhaltung","tag-wer-wird-millionaer"],"share_on_mastodon":{"url":"https:\/\/pubeurope.com\/@de\/116648074897491417","error":""},"_links":{"self":[{"href":"https:\/\/www.europesays.com\/de\/wp-json\/wp\/v2\/posts\/1050475","targetHints":{"allow":["GET"]}}],"collection":[{"href":"https:\/\/www.europesays.com\/de\/wp-json\/wp\/v2\/posts"}],"about":[{"href":"https:\/\/www.europesays.com\/de\/wp-json\/wp\/v2\/types\/post"}],"author":[{"embeddable":true,"href":"https:\/\/www.europesays.com\/de\/wp-json\/wp\/v2\/users\/2"}],"replies":[{"embeddable":true,"href":"https:\/\/www.europesays.com\/de\/wp-json\/wp\/v2\/comments?post=1050475"}],"version-history":[{"count":0,"href":"https:\/\/www.europesays.com\/de\/wp-json\/wp\/v2\/posts\/1050475\/revisions"}],"wp:featuredmedia":[{"embeddable":true,"href":"https:\/\/www.europesays.com\/de\/wp-json\/wp\/v2\/media\/1050476"}],"wp:attachment":[{"href":"https:\/\/www.europesays.com\/de\/wp-json\/wp\/v2\/media?parent=1050475"}],"wp:term":[{"taxonomy":"category","embeddable":true,"href":"https:\/\/www.europesays.com\/de\/wp-json\/wp\/v2\/categories?post=1050475"},{"taxonomy":"post_tag","embeddable":true,"href":"https:\/\/www.europesays.com\/de\/wp-json\/wp\/v2\/tags?post=1050475"}],"curies":[{"name":"wp","href":"https:\/\/api.w.org\/{rel}","templated":true}]}}