{"id":1050566,"date":"2026-05-27T19:55:23","date_gmt":"2026-05-27T19:55:23","guid":{"rendered":"https:\/\/www.europesays.com\/de\/1050566\/"},"modified":"2026-05-27T19:55:23","modified_gmt":"2026-05-27T19:55:23","slug":"rot-weiss-essen-bestaetigt-acht-abgaenge-um-kapitaen-schultz-und-top-scorer-mizuta","status":"publish","type":"post","link":"https:\/\/www.europesays.com\/de\/1050566\/","title":{"rendered":"Rot-Weiss Essen best\u00e4tigt acht Abg\u00e4nge um Kapit\u00e4n Schultz und Top-Scorer Mizuta"},"content":{"rendered":"<p>Owusu nach Saarbr\u00fccken\u00a0<\/p>\n<p>                                    <img decoding=\"async\" src=\"https:\/\/www.europesays.com\/de\/wp-content\/uploads\/2026\/05\/kaito-mizuta-rot-weiss-essen-2026-1777739544-196046.jpg\" title=\"Rot-Weiss Essen best\u00e4tigt acht Abg\u00e4nge um Kapit\u00e4n Schultz und Top-Scorer Mizuta\" alt=\"Rot-Weiss Essen best\u00e4tigt acht Abg\u00e4nge um Kapit\u00e4n Schultz und Top-Scorer Mizuta\"\/><\/p>\n<p>\n                                       \u00a9IMAGO\n                                    <\/p>\n<p>Nach der verlorenen Relegation hat <a title=\"Rot-Weiss Essen\" href=\"https:\/\/www.transfermarkt.de\/rot-weiss-essen\/startseite\/verein\/56\" target=\"_blank\" rel=\"nofollow noopener\">Rot-Weiss Essen<\/a> acht Abg\u00e4nge best\u00e4tigt. Wie der Drittligist einen Tag nach dem bitteren R\u00fcckschlag mitteilte, verlassen <a title=\"Tino Casali\" href=\"https:\/\/www.transfermarkt.de\/tino-casali\/profil\/spieler\/169271\" target=\"_blank\" rel=\"nofollow noopener\">Tino Casali<\/a>, Kapit\u00e4n <a title=\"Michael Schultz\" href=\"https:\/\/www.transfermarkt.de\/michael-schultz\/profil\/spieler\/126424\" target=\"_blank\" rel=\"nofollow noopener\">Michael Schultz<\/a>, <a title=\"Tobias Kraulich\" href=\"https:\/\/www.transfermarkt.de\/tobias-kraulich\/profil\/spieler\/405784\" target=\"_blank\" rel=\"nofollow noopener\">Tobias Kraulich<\/a>, <a title=\"Nils Kaiser\" href=\"https:\/\/www.transfermarkt.de\/nils-kaiser\/profil\/spieler\/606098\" target=\"_blank\" rel=\"nofollow noopener\">Nils Kaiser<\/a>, <a title=\"Kelsey Owusu\" href=\"https:\/\/www.transfermarkt.de\/kelsey-owusu\/profil\/spieler\/729181\" target=\"_blank\" rel=\"nofollow noopener\">Kelsey Owusu<\/a>, <a title=\"Kaito Mizuta\" href=\"https:\/\/www.transfermarkt.de\/kaito-mizuta\/profil\/spieler\/677794\" target=\"_blank\" rel=\"nofollow noopener\">Kaito Mizuta<\/a> sowie die Leihspieler <a title=\"Danny Schmidt\" href=\"https:\/\/www.transfermarkt.de\/danny-schmidt\/profil\/spieler\/677032\" target=\"_blank\" rel=\"nofollow noopener\">Danny Schmidt<\/a> (Fortuna D\u00fcsseldorf) und <a title=\"Jannik Mause\" href=\"https:\/\/www.transfermarkt.de\/jannik-mause\/profil\/spieler\/331515\" target=\"_blank\" rel=\"nofollow noopener\">Jannik Mause<\/a> (1. FC Kaiserslautern) die Hafenstra\u00dfe.<\/p>\n<p><\/p>\n<p>Owusu schlie\u00dft sich Ligakonkurrent <a title=\"1.FC Saarbr\u00fccken\" href=\"https:\/\/www.transfermarkt.de\/1fc-saarbr-cken\/startseite\/verein\/1\" target=\"_blank\" rel=\"nofollow noopener\">1. FC Saarbr\u00fccken<\/a> an. Top-Scorer Mizuta, der unter anderem mit dem <a title=\"VfL Bochum\" href=\"https:\/\/www.transfermarkt.de\/vfl-bochum\/startseite\/verein\/80\" target=\"_blank\" rel=\"nofollow noopener\">VfL Bochum<\/a> in Verbindung gebracht wird, h\u00e4tten die Essener dem Vernehmen nach gerne gehalten.<\/p>\n<p><\/p>\n<p>Offen ist weiterhin die Zukunft des umworbenen <a title=\"Torben M\u00fcsel\" href=\"https:\/\/www.transfermarkt.de\/torben-m-sel\/profil\/spieler\/368860\" target=\"_blank\" rel=\"nofollow noopener\">Torben M\u00fcsel<\/a> und von <a title=\"Ramien Safi\" href=\"https:\/\/www.transfermarkt.de\/ramien-safi\/profil\/spieler\/600414\" target=\"_blank\" rel=\"nofollow noopener\">Ramien Safi<\/a>, deren Vertr\u00e4ge auslaufen. Gleiches gilt f\u00fcr die Leihspieler <a title=\"Franci Bouebari\" href=\"https:\/\/www.transfermarkt.de\/franci-bouebari\/profil\/spieler\/1029294\" target=\"_blank\" rel=\"nofollow noopener\">Franci Bouebari<\/a> (SC Freiburg II), <a title=\"Jannik Hofmann\" href=\"https:\/\/www.transfermarkt.de\/jannik-hofmann\/profil\/spieler\/594747\" target=\"_blank\" rel=\"nofollow noopener\">Jannik Hofmann<\/a> (1. FC N\u00fcrnberg), <a title=\"Dickson Abiama\" href=\"https:\/\/www.transfermarkt.de\/dickson-abiama\/profil\/spieler\/596813\" target=\"_blank\" rel=\"nofollow noopener\">Dickson Abiama<\/a> (1. FC Kaiserslautern) und <a title=\"Jaka Cuber Potocnik\" href=\"https:\/\/www.transfermarkt.de\/jaka-cuber-potocnik\/profil\/spieler\/940198\" target=\"_blank\" rel=\"nofollow noopener\">Jaka Cuber Potocnik<\/a> (1. FC K\u00f6ln), die noch nicht offiziell verabschiedet wurden.<\/p>\n<p><\/p>\n<p>\n                                        <strong>Hinweis:<\/strong><br \/>\n                                        Wenn du etwas googelst, bekommst du neben den normalen Ergebnissen auch eine Box mit aktuellen News angezeigt. Wenn du Transfermarkt als bevorzugte Quelle hinterlegst, tauchen unsere Inhalte dort h\u00e4ufiger f\u00fcr dich auf.<br \/>\n                                        <a href=\"https:\/\/www.google.com\/preferences\/source?q=transfermarkt.de\" target=\"_blank\" rel=\"noopener noreferrer nofollow\" onclick=\"tmEvent(&#039;news&#039;,&#039;click&#039;,&#039;google-preferences&#039;);&#010;\"><br \/>\n                                            F\u00fcge Transfermarkt hier als bevorzugte Quelle hinzu.                                        <\/a>\n                                    <\/p>\n","protected":false},"excerpt":{"rendered":"Owusu nach Saarbr\u00fccken\u00a0 \u00a9IMAGO Nach der verlorenen Relegation hat Rot-Weiss Essen acht Abg\u00e4nge best\u00e4tigt. Wie der Drittligist einen&hellip;\n","protected":false},"author":2,"featured_media":1050567,"comment_status":"","ping_status":"","sticky":false,"template":"","format":"standard","meta":{"footnotes":"","_share_on_mastodon":"0"},"categories":[1834],"tags":[3729,995,16943,3364,29,3688,30,224665,82943,40714,82931,112912,1209,3714,187849,224664],"class_list":["post-1050566","post","type-post","status-publish","format-standard","has-post-thumbnail","category-essen","tag-1-fc-saarbruecken","tag-3-liga","tag-danny-schmidt","tag-de","tag-deutschland","tag-essen","tag-germany","tag-jannik-mause","tag-kaito-mizuta","tag-kelsey-owusu","tag-michael-schultz","tag-nils-kaiser","tag-nordrhein-westfalen","tag-rot-weiss-essen","tag-tino-casali","tag-tobias-kraulich"],"share_on_mastodon":{"url":"https:\/\/pubeurope.com\/@de\/116648301819926371","error":""},"_links":{"self":[{"href":"https:\/\/www.europesays.com\/de\/wp-json\/wp\/v2\/posts\/1050566","targetHints":{"allow":["GET"]}}],"collection":[{"href":"https:\/\/www.europesays.com\/de\/wp-json\/wp\/v2\/posts"}],"about":[{"href":"https:\/\/www.europesays.com\/de\/wp-json\/wp\/v2\/types\/post"}],"author":[{"embeddable":true,"href":"https:\/\/www.europesays.com\/de\/wp-json\/wp\/v2\/users\/2"}],"replies":[{"embeddable":true,"href":"https:\/\/www.europesays.com\/de\/wp-json\/wp\/v2\/comments?post=1050566"}],"version-history":[{"count":0,"href":"https:\/\/www.europesays.com\/de\/wp-json\/wp\/v2\/posts\/1050566\/revisions"}],"wp:featuredmedia":[{"embeddable":true,"href":"https:\/\/www.europesays.com\/de\/wp-json\/wp\/v2\/media\/1050567"}],"wp:attachment":[{"href":"https:\/\/www.europesays.com\/de\/wp-json\/wp\/v2\/media?parent=1050566"}],"wp:term":[{"taxonomy":"category","embeddable":true,"href":"https:\/\/www.europesays.com\/de\/wp-json\/wp\/v2\/categories?post=1050566"},{"taxonomy":"post_tag","embeddable":true,"href":"https:\/\/www.europesays.com\/de\/wp-json\/wp\/v2\/tags?post=1050566"}],"curies":[{"name":"wp","href":"https:\/\/api.w.org\/{rel}","templated":true}]}}