{"id":1050814,"date":"2026-05-27T22:16:52","date_gmt":"2026-05-27T22:16:52","guid":{"rendered":"https:\/\/www.europesays.com\/de\/1050814\/"},"modified":"2026-05-27T22:16:52","modified_gmt":"2026-05-27T22:16:52","slug":"bielefeld-ermittlungsgruppe-cold-case-aufgeloest","status":"publish","type":"post","link":"https:\/\/www.europesays.com\/de\/1050814\/","title":{"rendered":"Bielefeld: Ermittlungsgruppe Cold Case aufgel\u00f6st"},"content":{"rendered":"<p>Bei uns in der Region gibt es einige Kriminalf\u00e4lle, die auch nach vielen Jahren noch nicht gel\u00f6st sind.<\/p>\n<p>Gr\u00fcndung der Ermittlungsgruppe Cold Case<\/p>\n<p>Vor drei Jahren hat die Polizei Bielefeld deshalb die Ermittlungsgruppe Cold Case eingerichtet. Die Beamten haben sich seitdem mehr als 60 Altf\u00e4lle nochmal vorgenommen und teilweise neue Spuren entdeckt.<\/p>\n<p>Erfolge und Herausforderungen der Ermittlungsgruppe<\/p>\n<p>Zwei Mordf\u00e4lle aus den Jahren 1994 und 2003 konnten aufgekl\u00e4rt werden, in anderen F\u00e4llen hoffen die Ermittler, dass neue DNA-Spuren sp\u00e4ter noch zu einem Treffer f\u00fchren werden.<\/p>\n<p>Fortf\u00fchrung der Ermittlungen durch die Bielefelder Polizei<\/p>\n<p>Die Ermittlungsgruppe ist jetzt aufgel\u00f6st worden. Sie war von vornerein zeitlich begrenzt. Hinweise oder neue Spuren zu den alten F\u00e4llen werden aber auch weiterhin von der Bielefelder Polizei bearbeitet.<\/p>\n<p>\u00a0<\/p>\n","protected":false},"excerpt":{"rendered":"Bei uns in der Region gibt es einige Kriminalf\u00e4lle, die auch nach vielen Jahren noch nicht gel\u00f6st sind.&hellip;\n","protected":false},"author":2,"featured_media":1050815,"comment_status":"","ping_status":"","sticky":false,"template":"","format":"standard","meta":{"footnotes":"","_share_on_mastodon":"0"},"categories":[1841],"tags":[1605,14466,3364,29,30,14664,222650,1209,121],"class_list":["post-1050814","post","type-post","status-publish","format-standard","has-post-thumbnail","category-bielefeld","tag-bielefeld","tag-cold-case","tag-de","tag-deutschland","tag-germany","tag-kriminalfaelle","tag-mordfaelle","tag-nordrhein-westfalen","tag-polizei"],"share_on_mastodon":{"url":"https:\/\/pubeurope.com\/@de\/116648859647476687","error":""},"_links":{"self":[{"href":"https:\/\/www.europesays.com\/de\/wp-json\/wp\/v2\/posts\/1050814","targetHints":{"allow":["GET"]}}],"collection":[{"href":"https:\/\/www.europesays.com\/de\/wp-json\/wp\/v2\/posts"}],"about":[{"href":"https:\/\/www.europesays.com\/de\/wp-json\/wp\/v2\/types\/post"}],"author":[{"embeddable":true,"href":"https:\/\/www.europesays.com\/de\/wp-json\/wp\/v2\/users\/2"}],"replies":[{"embeddable":true,"href":"https:\/\/www.europesays.com\/de\/wp-json\/wp\/v2\/comments?post=1050814"}],"version-history":[{"count":0,"href":"https:\/\/www.europesays.com\/de\/wp-json\/wp\/v2\/posts\/1050814\/revisions"}],"wp:featuredmedia":[{"embeddable":true,"href":"https:\/\/www.europesays.com\/de\/wp-json\/wp\/v2\/media\/1050815"}],"wp:attachment":[{"href":"https:\/\/www.europesays.com\/de\/wp-json\/wp\/v2\/media?parent=1050814"}],"wp:term":[{"taxonomy":"category","embeddable":true,"href":"https:\/\/www.europesays.com\/de\/wp-json\/wp\/v2\/categories?post=1050814"},{"taxonomy":"post_tag","embeddable":true,"href":"https:\/\/www.europesays.com\/de\/wp-json\/wp\/v2\/tags?post=1050814"}],"curies":[{"name":"wp","href":"https:\/\/api.w.org\/{rel}","templated":true}]}}