{"id":1050897,"date":"2026-05-27T23:01:16","date_gmt":"2026-05-27T23:01:16","guid":{"rendered":"https:\/\/www.europesays.com\/de\/1050897\/"},"modified":"2026-05-27T23:01:16","modified_gmt":"2026-05-27T23:01:16","slug":"bahnstrecke-zwischen-joachimsthal-und-templin-wird-wohl-nicht-wiederbelebt","status":"publish","type":"post","link":"https:\/\/www.europesays.com\/de\/1050897\/","title":{"rendered":"Bahnstrecke zwischen Joachimsthal und Templin wird wohl nicht wiederbelebt"},"content":{"rendered":"<p>Die Bahnstrecke zwischen Joachimsthal (Barnim) und Templin (Uckermark) wird voraussichtlich nicht wiederbelebt. Nach Angaben des Brandenburger Infrastrukturministeriums hat eine Untersuchung ergeben, dass die Kosten den volkswirtschaftlichen Nutzen \u00fcbersteigen w\u00fcrden. Damit k\u00f6nne das Vorhaben nicht vom Bund gef\u00f6rdert werden.<\/p>\n<p>Untersucht wurde, was es bedeuten w\u00fcrde, wenn die Linie RB63 von Eberswalde (Barnim) \u00fcber Joachimsthal einmal pro Stunde bis Templin verl\u00e4ngert wird. Laut der Studie w\u00e4ren hohe Investitionskosten &#8211; vor allem f\u00fcr den Umbau des Bahnhof Joachimsthals &#8211; erforderlich.<\/p>\n<p>Au\u00dferdem gebe es eine direkte Bahnverbindung von Templin nach Berlin, die f\u00fcr viele Fahrg\u00e4ste wichtiger sei.<\/p>\n","protected":false},"excerpt":{"rendered":"Die Bahnstrecke zwischen Joachimsthal (Barnim) und Templin (Uckermark) wird voraussichtlich nicht wiederbelebt. Nach Angaben des Brandenburger Infrastrukturministeriums hat&hellip;\n","protected":false},"author":2,"featured_media":1050898,"comment_status":"","ping_status":"","sticky":false,"template":"","format":"standard","meta":{"footnotes":"","_share_on_mastodon":"0"},"categories":[1816],"tags":[1960,1958,1959,1957,138267,1956,1890,29,30,12088],"class_list":["post-1050897","post","type-post","status-publish","format-standard","has-post-thumbnail","category-brandenburg","tag-aktuelle-nachrichten-aus-berlin-und-brandenburg","tag-aktuelle-nachrichten-aus-brandenburg","tag-aktuelle-news-aus-berlin-und-brandenburg","tag-aktuelle-news-aus-brandenburg","tag-barnim","tag-berlin-und-brandenburg","tag-brandenburg","tag-deutschland","tag-germany","tag-uckermark"],"share_on_mastodon":{"url":"https:\/\/pubeurope.com\/@de\/116649032953416510","error":""},"_links":{"self":[{"href":"https:\/\/www.europesays.com\/de\/wp-json\/wp\/v2\/posts\/1050897","targetHints":{"allow":["GET"]}}],"collection":[{"href":"https:\/\/www.europesays.com\/de\/wp-json\/wp\/v2\/posts"}],"about":[{"href":"https:\/\/www.europesays.com\/de\/wp-json\/wp\/v2\/types\/post"}],"author":[{"embeddable":true,"href":"https:\/\/www.europesays.com\/de\/wp-json\/wp\/v2\/users\/2"}],"replies":[{"embeddable":true,"href":"https:\/\/www.europesays.com\/de\/wp-json\/wp\/v2\/comments?post=1050897"}],"version-history":[{"count":0,"href":"https:\/\/www.europesays.com\/de\/wp-json\/wp\/v2\/posts\/1050897\/revisions"}],"wp:featuredmedia":[{"embeddable":true,"href":"https:\/\/www.europesays.com\/de\/wp-json\/wp\/v2\/media\/1050898"}],"wp:attachment":[{"href":"https:\/\/www.europesays.com\/de\/wp-json\/wp\/v2\/media?parent=1050897"}],"wp:term":[{"taxonomy":"category","embeddable":true,"href":"https:\/\/www.europesays.com\/de\/wp-json\/wp\/v2\/categories?post=1050897"},{"taxonomy":"post_tag","embeddable":true,"href":"https:\/\/www.europesays.com\/de\/wp-json\/wp\/v2\/tags?post=1050897"}],"curies":[{"name":"wp","href":"https:\/\/api.w.org\/{rel}","templated":true}]}}