{"id":1051164,"date":"2026-05-28T01:33:22","date_gmt":"2026-05-28T01:33:22","guid":{"rendered":"https:\/\/www.europesays.com\/de\/1051164\/"},"modified":"2026-05-28T01:33:22","modified_gmt":"2026-05-28T01:33:22","slug":"finale-gegen-rayo-vallecano-ein-abstauber-reicht-crystal-palace-gewinnt-die-conference-league","status":"publish","type":"post","link":"https:\/\/www.europesays.com\/de\/1051164\/","title":{"rendered":"Finale gegen Rayo Vallecano: Ein Abstauber reicht &#8211; Crystal Palace gewinnt die Conference League"},"content":{"rendered":"<p>            <img loading=\"lazy\" decoding=\"async\" class=\"ts-image\" src=\"https:\/\/www.europesays.com\/de\/wp-content\/uploads\/2026\/05\/cpfc-104.jpg\" alt=\"Crystal Palace mit der Conference-League-Troph\u00e4e\" title=\"Crystal Palace mit der Conference-League-Troph\u00e4e | Alex Grimm \/ Getty Images\"\/><\/p>\n<p class=\"metatextline\">Stand: 27.05.2026 \u2022 23:14 Uhr<\/p>\n<p class=\"article-head__shorttext\">\n        <strong>Crystal Palace hat im Finale von Leipzig gegen Rayo Vallecano die Conference League gewonnen &#8211; Trainer Oliver Glasner verabschiedet sich mit einem Titel, seine Zukunft ist offen.<\/strong>\n    <\/p>\n<p class=\"textabsatz m-ten m-offset-one l-eight l-offset-two columns twelve\">Durch das 1:0 (0:0) gegen Rayo Vallecano gewann Crystal Palace erstmals einen internationalen Titel. Trainer Oliver Glasner, der den Klub zum Saisonende noch ohne bekanntes Ziel verl\u00e4sst, gewann nach dem FA-Cup und dem englischen Supercup (&#8222;Community Shield&#8220;) seinen dritten Titel mit dem Team.<\/p>\n<p class=\"textabsatz m-ten m-offset-one l-eight l-offset-two columns twelve\">Damit hat Crystal Palace ein Startrecht in der Europa League 2026\/27. In der aktuellen Saison war Palace durch den Sieg im FA-Cup in England eigentlich auch f\u00fcr die Europa League qualifiziert, <a href=\"https:\/\/www.sportschau.de\/fussball\/europa-conference-league\/crystal-palace-erst-rauswurf-jetzt-europapokalsieger,crystal-palace-sieg-nach-rauswurf-100.html\" title=\"Multi-Club Ownership: Crystal Palace - erst Rauswurf, jetzt Europapokalsieger\" rel=\"nofollow noopener\" target=\"_blank\">wurde wegen der Mehrfachbeteiligung um seine Eigent\u00fcmer und wegen einer verpassten Frist in die Conference League herabgestuft<\/a>. Damals protestierte Palace gegen die Entscheidung der UEFA, jetzt feiert der Klub nach der Herabstufung einen Europapokalsieg.<\/p>\n<p>    Beste Chance der ersten H\u00e4lfte in der Nachspielzeit<\/p>\n<p class=\"textabsatz m-ten m-offset-one l-eight l-offset-two columns twelve\">Palace begann vor 39.176 Fans in Leipzig etwas st\u00e4rker. Dann wurde Rayo Vallecano aus dem Madrider Stadtteil Vallecas besser und hatte durch Alexandre Alemao (25.) sowie Unai L\u00f3pez (39.) zwei gute Abschl\u00fcsse, aber beide Sch\u00fcsse gingen knapp am Tor vorbei. Torszenen gab es insgesamt wenig, beide Teams verteidigten leidenschaftlich.<\/p>\n<p class=\"absatzbild__info__text\">\n                        Zweikampf im Finale zwischen Crystal Palace und Rayo Vallecano\n                    <\/p>\n<p class=\"textabsatz m-ten m-offset-one l-eight l-offset-two columns twelve\">Die beste Chance der ersten H\u00e4lfte hatte Palace, als Adam Wharton von rechts flankte und Tyrick Mitchell am zweiten Pfosten zum Kopfball ansetzte &#8211; doch auch der Ball ging knapp rechts am Tor vorbei (45.+2).<\/p>\n<p>    Palace macht Druck, Mateta staubt ab<\/p>\n<p class=\"textabsatz m-ten m-offset-one l-eight l-offset-two columns twelve\">Nach Wiederanpfiff \u00fcbernahm Crystal Palace immer mehr die Kontrolle und kam zur F\u00fchrung. Wharton versuchte es mit einem Distanzschuss, den Rayos Torwart Batalla nach vorne abklatschen lie\u00df &#8211; Jean-Philippe Mateta staubte zur F\u00fchrung ab (51.).<\/p>\n<p class=\"absatzbild__info__text\">\n                        Jean-Philippe Mateta und  Daniel Munoz feiern die F\u00fchrung von Crystal Palace\n                    <\/p>\n<p class=\"textabsatz m-ten m-offset-one l-eight l-offset-two columns twelve\">Das Team aus dem S\u00fcden Londons hatte nun beste Chancen: Ein Freisto\u00df von Yeremy Pino klatschte erst an den linken Pfosten, von wo der Ball an den rechten Pfosten prallte (55.). Pino setzte erneut Mateta in Szene, Torwart Batalla rettete diesmal (57.). Palace hatte das Finale nach einer Stunde voll im Griff. Doch der Vorsprung blieb knapp und Rayo blieb im Spiel: de Frutos traf das Au\u00dfennetz (68.).<\/p>\n<p class=\"textabsatz m-ten m-offset-one l-eight l-offset-two columns twelve\">In der Schlussphase erh\u00f6hte Rayo Vallecano nochmal den Druck, kam aber zu keinem Tor mehr. Alemao kam in der Nachspielzeit noch zu einem Schuss &#8211; doch auch hier fehlte die Genauigkeit.<\/p>\n<p>    Glasners Abgang seit Januar klar, sein Ziel nicht<\/p>\n<p class=\"textabsatz m-ten m-offset-one l-eight l-offset-two columns twelve\">Dass Oliver Glasner den Klub verl\u00e4sst, machte er im Januar \u00f6ffentlich. Zu dieser Zeit steckte Palace tief in einer Krise. Neun Spiele ohne Sieg gab es damals, zudem schied Palace im FA-Cup als Titelverteidiger gegen den Sechstligisten FC Macclesfield aus.<\/p>\n<p class=\"absatzbild__info__text\">\n                        Palace-Trainer Oliver Glasner\n                    <\/p>\n<p class=\"textabsatz m-ten m-offset-one l-eight l-offset-two columns twelve\">Der ehemalige Trainer des VfL Wolfsburg und von Eintracht Frankfurt, mit dem er 2022 die Europa League gewann, hatte Palace im Februar 2024 \u00fcbernommen. Zuletzt wurde der \u00d6sterreicher mehrfach mit Klubs aus Italien und England in Verbindung gebracht. Noch ist zu Glasners Zukunft \u00f6ffentlich nichts bekannt.<\/p>\n<p class=\"textabsatz m-ten m-offset-one l-eight l-offset-two columns twelve\">Spieler Adam Wharton sagte nach dem Spiel \u00fcber Glasner: &#8222;Er in zweieinhalb Jahren einen ungleublichen Unterschied gemacht. Drei Troph\u00e4en f\u00fcr Crystal Palace &#8211; die ersten drei der Klubgeschichte. Das ist unglaubl\u00f6ich. Er muss einer der besten Trainer sein, die Palace je gehabt hat.&#8220;<\/p>\n<p>    Illegaler Wettanbieter: Crystal Palace ohne Trikotsponsor in Leipzig<\/p>\n<p class=\"textabsatz m-ten m-offset-one l-eight l-offset-two columns twelve\">Palace lief ohne seinen Trikotsponsor in Leipzig auf. \u00dcblicherweise wirbt der Klub seit 2024 f\u00fcr einen Wettanbieter aus Vietnam. In Deutschland ist Werbung laut Gl\u00fccksspielstaatsvertrag nur f\u00fcr genehmigte Anbieter erlaubt, der Sponsor des Premier-League-Klubs geh\u00f6rt <a href=\"https:\/\/www.gluecksspiel-behoerde.de\/de\/fuer-spielende\/uebersicht-erlaubter-anbieter-whitelist\" title=\"Whitelist\" class=\"textlink--extern js-link-dialog\" rel=\"noopener noreferrer nofollow\" target=\"_blank\" data-type=\"external\">gem\u00e4\u00df der Liste der Allgemeinen Gl\u00fccksspielbeh\u00f6rde der L\u00e4nder<\/a> nicht dazu. Zur kommenden Saison wird ein KI-Unternehmen neuer Trikotsponsor.<\/p>\n<p class=\"textabsatz m-ten m-offset-one l-eight l-offset-two columns twelve\">Stattdessen warb Crystal Palace f\u00fcr die klubeigene Stiftung. Aston Villa hatte beim Europa-League-Finale in Istanbul gegen den SC Freiburg ebenfalls f\u00fcr seine Stiftung geworben, weil Werbung f\u00fcr private Gl\u00fccksspielanbieter in der T\u00fcrkei generell verboten ist.<\/p>\n<p class=\"absatzbild__info__text\">\n                        Daniel Munoz von Crystal Palace\n                    <\/p>\n<p>    Auseinandersetzungen zwischen Fans am Mittwochabend<\/p>\n<p class=\"textabsatz m-ten m-offset-one l-eight l-offset-two columns twelve\">Am Mittwochabend war es in Leipzig <a href=\"https:\/\/www.sportschau.de\/regional\/mdr\/mdr-ausschreitungen-vor-conference-league-finale-in-leipzig-100.html\" title=\"Fu\u00dfball | Europapokal: Ausschreitungen vor Conference-League-Finale in Leipzig\" rel=\"nofollow noopener\" target=\"_blank\">zu Auseinandersetzungen zwischen einigen Fans beider Teams gekommen<\/a>. Die Polizei f\u00fchrte nach eigenen Angaben rund 300 Identit\u00e4tsfeststellungen durch und erteilte Platzverweise. Es gab den Angaben zufolge zwei Festnahmen.<\/p>\n<p class=\"textabsatz m-ten m-offset-one l-eight l-offset-two columns twelve\">Die Fans bewarfen sich demnach mit Flaschen, Biergl\u00e4sern und Kneipenmobiliar. Das Fanfest, bei dem sich in der Spitze etwa 2000 Besucher auf dem Gel\u00e4nde im Bereich des Marktes befanden, verlief hingegen &#8222;durchgehend friedlich&#8220;.<\/p>\n","protected":false},"excerpt":{"rendered":"Stand: 27.05.2026 \u2022 23:14 Uhr Crystal Palace hat im Finale von Leipzig gegen Rayo Vallecano die Conference League&hellip;\n","protected":false},"author":2,"featured_media":1051165,"comment_status":"","ping_status":"","sticky":false,"template":"","format":"standard","meta":{"footnotes":"","_share_on_mastodon":"0"},"categories":[1832],"tags":[11733,26429,3364,29,347,30,71,859,1681],"class_list":["post-1051164","post","type-post","status-publish","format-standard","has-post-thumbnail","category-leipzig","tag-conference-league","tag-crystal-palace","tag-de","tag-deutschland","tag-fussball","tag-germany","tag-leipzig","tag-sachsen","tag-uefa"],"share_on_mastodon":{"url":"https:\/\/pubeurope.com\/@de\/116649630533341435","error":""},"_links":{"self":[{"href":"https:\/\/www.europesays.com\/de\/wp-json\/wp\/v2\/posts\/1051164","targetHints":{"allow":["GET"]}}],"collection":[{"href":"https:\/\/www.europesays.com\/de\/wp-json\/wp\/v2\/posts"}],"about":[{"href":"https:\/\/www.europesays.com\/de\/wp-json\/wp\/v2\/types\/post"}],"author":[{"embeddable":true,"href":"https:\/\/www.europesays.com\/de\/wp-json\/wp\/v2\/users\/2"}],"replies":[{"embeddable":true,"href":"https:\/\/www.europesays.com\/de\/wp-json\/wp\/v2\/comments?post=1051164"}],"version-history":[{"count":0,"href":"https:\/\/www.europesays.com\/de\/wp-json\/wp\/v2\/posts\/1051164\/revisions"}],"wp:featuredmedia":[{"embeddable":true,"href":"https:\/\/www.europesays.com\/de\/wp-json\/wp\/v2\/media\/1051165"}],"wp:attachment":[{"href":"https:\/\/www.europesays.com\/de\/wp-json\/wp\/v2\/media?parent=1051164"}],"wp:term":[{"taxonomy":"category","embeddable":true,"href":"https:\/\/www.europesays.com\/de\/wp-json\/wp\/v2\/categories?post=1051164"},{"taxonomy":"post_tag","embeddable":true,"href":"https:\/\/www.europesays.com\/de\/wp-json\/wp\/v2\/tags?post=1051164"}],"curies":[{"name":"wp","href":"https:\/\/api.w.org\/{rel}","templated":true}]}}