{"id":1051225,"date":"2026-05-28T02:08:17","date_gmt":"2026-05-28T02:08:17","guid":{"rendered":"https:\/\/www.europesays.com\/de\/1051225\/"},"modified":"2026-05-28T02:08:17","modified_gmt":"2026-05-28T02:08:17","slug":"saisoneroeffnung-mit-freiem-eintritt-euregio-aktuell","status":"publish","type":"post","link":"https:\/\/www.europesays.com\/de\/1051225\/","title":{"rendered":"Saisoner\u00f6ffnung mit freiem Eintritt &#8211; Euregio Aktuell"},"content":{"rendered":"<p>W\u00e4hrend die Restarbeiten bei der Sanierung des Nichtschwimmerbeckens im Herzogenrather Hallenbad gut voranschreiten und Schulen sowie Vereine das neue Bad regelm\u00e4\u00dfig nutzen, beginnt das Freibad im Stadtteil Merkstein nun seine Saison. Am Samstag, den 30. Mai, \u00f6ffnet das Freibad zur Feier des Tages mit freiem Eintritt f\u00fcr alle G\u00e4ste. Das Bad ist am Er\u00f6ffnungstag und in der Saison ab 7 Uhr morgens bis 20 Uhr ge\u00f6ffnet. Die Freibadsaison soll dann bis Ende August 2026 andauern. Neben den Schwimmbecken im Freibad stehen den G\u00e4sten wieder die Wasserrutsche, der Sprungturm, Minifu\u00dfballtore, der 3\u00d73-Basketballplatz, Tischtennisplatten sowie der Volleyballplatz zur Verf\u00fcgung. F\u00fcr den Er\u00f6ffnungstag sowie die Freibadsaison empfiehlt die Stadt Herzogenrath die Anreise per Fahrrad oder \u00d6PNV zum Freibad. Zum Schutz der Anwohnerinnen und Anwohner werden Falschparker verst\u00e4rkt kontrolliert.<\/p>\n<p>Im Zuge der Auswinterung des Merksteiner Freibades war die Umw\u00e4lzpumpe umfassend repariert worden, um den Badebetrieb in der Saison m\u00f6glichst st\u00f6rungsfrei zu gew\u00e4hrleisten. Aufgrund der notwendigen Beprobungen des Wassers im Anschluss an die Reparatur musste die urspr\u00fcnglich f\u00fcr Pfingsten avisierte Er\u00f6ffnung des Freibades um knapp eine Woche verschoben werden.<\/p>\n<p>Tickets f\u00fcr den Freibadbesuch in der Saison kann man auch in diesem Jahr online unter <a href=\"https:\/\/752.axxteq.de\" rel=\"nofollow noopener\" target=\"_blank\">https:\/\/752.axxteq.de<\/a> erwerben. Die Eintrittskarten sind an keinen definierten Tag gebunden und verfallen somit nicht. Bei schlechtem Wetter oder falls das Bad aus besonderen Gr\u00fcnden geschlossen bleiben muss, kann man dort erworbene Tickets einfach an einem anderen Tag verwenden. Erworbene Wertkarten k\u00f6nnen auch zuk\u00fcnftig im neuen Hallenbad genutzt werden. Im Onlineshop findet sich zudem eine Live-Anzeige, wie viele Pl\u00e4tze im Freibad noch frei sind. Das Merksteiner Freibad ist dar\u00fcber hinaus bei Urban Sports Club registriert (<a href=\"https:\/\/urbansportsclub.com\/de\/venues\/28912\" rel=\"nofollow noopener\" target=\"_blank\">https:\/\/urbansportsclub.com\/de\/venues\/28912<\/a>), was Mitgliedern die Chance auf exklusive Rabatte bietet.<\/p>\n","protected":false},"excerpt":{"rendered":"W\u00e4hrend die Restarbeiten bei der Sanierung des Nichtschwimmerbeckens im Herzogenrather Hallenbad gut voranschreiten und Schulen sowie Vereine das&hellip;\n","protected":false},"author":2,"featured_media":1051226,"comment_status":"","ping_status":"","sticky":false,"template":"","format":"standard","meta":{"footnotes":"","_share_on_mastodon":"0"},"categories":[1853],"tags":[20373,1424,3364,29,548,663,3934,10860,2507,30,13,18024,63727,14,15,1209,12,26848],"class_list":["post-1051225","post","type-post","status-publish","format-standard","has-post-thumbnail","category-aachen","tag-schwimmen","tag-aachen","tag-de","tag-deutschland","tag-eu","tag-europa","tag-europe","tag-freibad","tag-freizeit","tag-germany","tag-headlines","tag-herzogenrath","tag-merkstein","tag-nachrichten","tag-news","tag-nordrhein-westfalen","tag-schlagzeilen","tag-staedteregion-aachen"],"share_on_mastodon":{"url":"https:\/\/pubeurope.com\/@de\/116649768070190242","error":""},"_links":{"self":[{"href":"https:\/\/www.europesays.com\/de\/wp-json\/wp\/v2\/posts\/1051225","targetHints":{"allow":["GET"]}}],"collection":[{"href":"https:\/\/www.europesays.com\/de\/wp-json\/wp\/v2\/posts"}],"about":[{"href":"https:\/\/www.europesays.com\/de\/wp-json\/wp\/v2\/types\/post"}],"author":[{"embeddable":true,"href":"https:\/\/www.europesays.com\/de\/wp-json\/wp\/v2\/users\/2"}],"replies":[{"embeddable":true,"href":"https:\/\/www.europesays.com\/de\/wp-json\/wp\/v2\/comments?post=1051225"}],"version-history":[{"count":0,"href":"https:\/\/www.europesays.com\/de\/wp-json\/wp\/v2\/posts\/1051225\/revisions"}],"wp:featuredmedia":[{"embeddable":true,"href":"https:\/\/www.europesays.com\/de\/wp-json\/wp\/v2\/media\/1051226"}],"wp:attachment":[{"href":"https:\/\/www.europesays.com\/de\/wp-json\/wp\/v2\/media?parent=1051225"}],"wp:term":[{"taxonomy":"category","embeddable":true,"href":"https:\/\/www.europesays.com\/de\/wp-json\/wp\/v2\/categories?post=1051225"},{"taxonomy":"post_tag","embeddable":true,"href":"https:\/\/www.europesays.com\/de\/wp-json\/wp\/v2\/tags?post=1051225"}],"curies":[{"name":"wp","href":"https:\/\/api.w.org\/{rel}","templated":true}]}}