{"id":1051465,"date":"2026-05-28T04:29:33","date_gmt":"2026-05-28T04:29:33","guid":{"rendered":"https:\/\/www.europesays.com\/de\/1051465\/"},"modified":"2026-05-28T04:29:33","modified_gmt":"2026-05-28T04:29:33","slug":"vfb-stuttgart-wie-geht-es-mit-noah-darvich-weiter-das-ist-der-plan-news-ueber-den-vfb-stuttgart","status":"publish","type":"post","link":"https:\/\/www.europesays.com\/de\/1051465\/","title":{"rendered":"VfB Stuttgart: Wie geht es mit Noah Darvich weiter? Das ist der Plan &#8211; News \u00fcber den VfB Stuttgart"},"content":{"rendered":"<p><strong>Stuttgart.<\/strong> Der <a href=\"https:\/\/www.zvw.de\/vfb-stuttgart\/\" rel=\"noopener nofollow\" target=\"_blank\">VfB Stuttgart<\/a> hat mit Noah Darvich ein gro\u00dfes Talent in den eigenen Reihen. Der 19-J\u00e4hrige spielte in der abgelaufenen Saison 2025\/26 aber ausschlie\u00dflich f\u00fcr die U21 der Schwaben in der 3. Liga. Wie plant der VfB Stuttgart mit Noah Darvich f\u00fcr die neue Spielzeit? Wir kl\u00e4ren auf.<\/p>\n<p><a class=\"nfy-teaser nfy-ar-teaser\" id=\"nfy-teaser-inline\" data-upscore-url=\"\" href=\"https:\/\/www.zvw.de\/vfb-stuttgart\/alexander-n%C3%BCbel-verl%C3%A4sst-den-vfb-stuttgart-r%C3%BCckkehr-zum-fc-bayern-offiziell_arid-935278?utm_source=empfehlungslink&amp;utm_campaign=empfehlungslink\" data-upscore-object-id=\"935278\" rel=\"nofollow noopener\" target=\"_blank\"><img loading=\"lazy\" decoding=\"async\" src=\"\/cms_media\/module_img\/7368\/3684233_1_gridmobile_fuball-eintracht-frankfurt-vs.jpeg\" alt=\"Alexander N\u00fcbel verl\u00e4sst den VfB Stuttgart nach drei Jahren.\" width=\"370\" height=\"229\" class=\"lazyload\" data-tmpl=\"gridmobile\"\/><\/p>\n<p>VfB StuttgartAlexander N\u00fcbel verl\u00e4sst den VfB Stuttgart: R\u00fcckkehr zum FC Bayern offiziell<\/p>\n<p><\/a><\/p>\n<p>Sie wollen unseren VfB-WhatsApp-Channel abonnieren? <a href=\"https:\/\/whatsapp.com\/channel\/0029ValGZYIJuyACDMSSAT12\" rel=\"noopener nofollow\" target=\"_blank\">Dann klicken Sie hier auf diesen Link<\/a> .<\/p>\n<p>VfB Stuttgart: Darvich wartet noch auf den Durchbruch<\/p>\n<p>Als der VfB Stuttgart <a href=\"https:\/\/www.zvw.de\/vfb-stuttgart\/transfer-offiziell-barca-talent-noah-darvich-wechselt-zum-vfb-stuttgart_arid-971954\" rel=\"noopener nofollow\" target=\"_blank\">im Sommer 2025 den Transfer von Noah Darvich verk\u00fcndete<\/a>, staunte die Bundesliga-Konkurrenz nicht schlecht. Den Schwaben war es gelungen, eines der verhei\u00dfungsvollsten Talente des deutschen Fu\u00dfballs zu verpflichten. Darvich f\u00fchrte die U19 zum damaligen Zeitpunkt als Kapit\u00e4n in die Europameisterschaft und stand beim FC Barcelona unter Vertrag. Per Abl\u00f6se im hohen sechsstelligen Bereich schlugen die Stuttgarter zu.<\/p>\n<p>Noah Darvich kam als Versprechen f\u00fcr die Zukunft. Einer, der behutsam aufgebaut werden soll, auch weil dem talentierten offensiven Mittelfeldspieler der gro\u00dfe Durchbruch beim FC Barcelona verwehrt geblieben war. Dieser gelang ihm bislang aber auch in Stuttgart nicht, einzig beim 1:0-Sieg der Schwaben am 2. Spieltag gegen Gladbach (30. August) schaffte der in Freiburg ausgebildete Fu\u00dfballer den Sprung in den Profikader.<\/p>\n<p>VfB-Plan mit Noah Darvich: Leihe wird favorisiert<\/p>\n<p>Allerdings: In der 3. Liga drehte Noah Darvich f\u00fcr die U21 der Schwaben auf. Zehn Tore und sechs Vorlagen gehen aufs Konto des Offensivmanns, j\u00fcngst wurde der 19-J\u00e4hrige sogar zum \u201eNewcomer der Saison\u201c in der 3. Liga gew\u00e4hlt. Beim VfB Stuttgart sind sie grunds\u00e4tzlich zufrieden mit der Entwicklung des jungen Manns, erhoffen sich von Noah Darvich aber den n\u00e4chsten Schritt. Aus diesem Grund plant der VfB nach Informationen unserer Redaktion, den Linksfu\u00df zu verleihen.<\/p>\n<p><a class=\"nfy-teaser nfy-ar-teaser\" id=\"nfy-teaser-inline\" data-upscore-url=\"\" href=\"https:\/\/www.zvw.de\/sport\/ronaldo-frisur-als-gag-leweling-nimmt-nummer-9-mit-humor_arid-1084899?utm_source=empfehlungslink&amp;utm_campaign=empfehlungslink\" data-upscore-object-id=\"1084899\" rel=\"nofollow noopener\" target=\"_blank\"><img loading=\"lazy\" decoding=\"async\" src=\"\/cms_media\/module_img\/7368\/3684179_1_gridmobile_Jamie_Leweling_spielt_als_Fluegelstuermer_beim_VfB_Stuttgart._Archivbild_.jpeg\" alt=\"Jamie Leweling\" width=\"370\" height=\"229\" class=\"lazyload\" data-tmpl=\"gridmobile\"\/><\/p>\n<p>SportRonaldo-Frisur als Gag: Leweling nimmt Nummer 9 mit Humor<\/p>\n<p><\/a><\/p>\n<p>Denkbar sind zwei Szenarien: Noah Darvich darf sich in der Vorbereitung bei den Profis zeigen und um einen Platz im Kader von Sebastian Hoene\u00df k\u00e4mpfen. Sollte sich herauskristallisieren, dass der 19-J\u00e4hrige keine guten Chancen auf einen dauerhaften Kaderplatz hat, wird er am Ende der Vorbereitung verliehen. Oder aber die Verantwortlichen im roten Clubhaus finden schon vor dem Vorbereitungsstart einen attraktiven Leihclub. Der Leihverein muss mindestens in der 2. Liga spielen, denkbar w\u00e4re auch ein Leihgesch\u00e4ft in die 1. Bundesliga. Oder aber der Linksfu\u00df \u00fcberzeugt beim VfB in der Vorbereitung so sehr, dass es gar keiner Leihe bedarf. Fakt ist auf jeden Fall: Verkauft werden soll Darvich auf keinen Fall.<\/p>\n","protected":false},"excerpt":{"rendered":"Stuttgart. Der VfB Stuttgart hat mit Noah Darvich ein gro\u00dfes Talent in den eigenen Reihen. Der 19-J\u00e4hrige spielte&hellip;\n","protected":false},"author":2,"featured_media":1051466,"comment_status":"","ping_status":"","sticky":false,"template":"","format":"standard","meta":{"footnotes":"","_share_on_mastodon":"0"},"categories":[1830],"tags":[995,1634,299,3364,29,347,30,19763,104647,3497,1441,3127,71132,3165,4112,4113,4114,2915],"class_list":["post-1051465","post","type-post","status-publish","format-standard","has-post-thumbnail","category-stuttgart","tag-3-liga","tag-baden-wuerttemberg","tag-bundesliga","tag-de","tag-deutschland","tag-fussball","tag-germany","tag-leihe","tag-noah-darvich","tag-sebastian-hoeness","tag-stuttgart","tag-transfer","tag-transfergeruechte","tag-transfermarkt","tag-vfb","tag-vfb-kompakt","tag-vfb-news","tag-vfb-stuttgart"],"share_on_mastodon":{"url":"https:\/\/pubeurope.com\/@de\/116650324209120029","error":""},"_links":{"self":[{"href":"https:\/\/www.europesays.com\/de\/wp-json\/wp\/v2\/posts\/1051465","targetHints":{"allow":["GET"]}}],"collection":[{"href":"https:\/\/www.europesays.com\/de\/wp-json\/wp\/v2\/posts"}],"about":[{"href":"https:\/\/www.europesays.com\/de\/wp-json\/wp\/v2\/types\/post"}],"author":[{"embeddable":true,"href":"https:\/\/www.europesays.com\/de\/wp-json\/wp\/v2\/users\/2"}],"replies":[{"embeddable":true,"href":"https:\/\/www.europesays.com\/de\/wp-json\/wp\/v2\/comments?post=1051465"}],"version-history":[{"count":0,"href":"https:\/\/www.europesays.com\/de\/wp-json\/wp\/v2\/posts\/1051465\/revisions"}],"wp:featuredmedia":[{"embeddable":true,"href":"https:\/\/www.europesays.com\/de\/wp-json\/wp\/v2\/media\/1051466"}],"wp:attachment":[{"href":"https:\/\/www.europesays.com\/de\/wp-json\/wp\/v2\/media?parent=1051465"}],"wp:term":[{"taxonomy":"category","embeddable":true,"href":"https:\/\/www.europesays.com\/de\/wp-json\/wp\/v2\/categories?post=1051465"},{"taxonomy":"post_tag","embeddable":true,"href":"https:\/\/www.europesays.com\/de\/wp-json\/wp\/v2\/tags?post=1051465"}],"curies":[{"name":"wp","href":"https:\/\/api.w.org\/{rel}","templated":true}]}}